{"id":64126,"date":"2019-10-11T05:10:21","date_gmt":"2019-10-11T09:10:21","guid":{"rendered":"https:\/\/linitiative.ca\/International\/peche-illegale-6-400-tonnes-de-poissons-saisies-dans-la-region-du-nord\/"},"modified":"2019-10-11T05:10:21","modified_gmt":"2019-10-11T09:10:21","slug":"peche-illegale-6-400-tonnes-de-poissons-saisies-dans-la-region-du-nord","status":"publish","type":"post","link":"https:\/\/linitiative.ca\/International\/peche-illegale-6-400-tonnes-de-poissons-saisies-dans-la-region-du-nord\/","title":{"rendered":"P\u00eache ill\u00e9gale : 6 400 tonnes de poissons saisies dans la r\u00e9gion du Nord"},"content":{"rendered":"<p><strong>6400 tonnes<\/strong>.\u00a0\u00a0C\u2019est le volume de poissons p\u00each\u00e9s ill\u00e9galement dans les eaux du barrage de Lagdo par des p\u00e9cheurs ne respectant pas l\u2019interdiction d\u2019exercer cette activit\u00e9 au cours de la p\u00e9riode de repos biologique, qui s\u2019\u00e9tend de juillet \u00e0 septembre de chaque ann\u00e9e.\u00a0\u00a0Les poissons ont \u00e9t\u00e9 saisis par la d\u00e9l\u00e9gation r\u00e9gionale de l\u2019\u00c9levage, des P\u00eaches et des Industries animales pour le Nord.<\/p>\n<p>Selon\u00a0<strong>Dr Fran\u00e7oise Erayava\u00ef Bouba<\/strong>, d\u00e9l\u00e9gu\u00e9 r\u00e9gional,\u00a0<em>\u00ab\u00a0des \u00e9tudes ont \u00e9t\u00e9 men\u00e9es pour d\u00e9terminer la meilleure p\u00e9riode de reproduction des poissons qui s\u2019\u00e9tend sur 4 \u00e0 5 mois. L\u2019on a arr\u00eat\u00e9 la p\u00e9riode du 1er juillet au 30 septembre 2019 pour le repos biologique. L\u2019enjeu du repos biologique est de permettre \u00e0 la population aquatique de se reproduire, de se d\u00e9velopper afin d\u2019\u00eatre disponible en quantit\u00e9 abondante pour les populations\u00a0\u00bb,<\/em>\u00a0a-t-il expliqu\u00e9 lors d\u2019un entretien avec L\u2019\u0153il du Sahel, trihebdomadaire r\u00e9gional d\u2019informations du Nord-Cameroun.<\/p>\n<p><em>\u00ab\u2009Malgr\u00e9 nos multiples efforts pour sensibiliser et encadrer les p\u00eacheurs, certains, avec la complicit\u00e9 des autorit\u00e9s locales et des forces de maintien de l\u2019ordre, r\u00e9ussissent \u00e0 violer la r\u00e9glementation pour p\u00eacher du poisson et contribuent ainsi \u00e0 faire chuter gravement la production du poisson. Il faut le dire, c\u2019est dans notre int\u00e9r\u00eat \u00e0 tous, quand les gens soudoient les autorit\u00e9s, sous le pr\u00e9texte qu\u2019ils ont de gros clients au Nig\u00e9ria pr\u00eats \u00e0 reprendre leur marchandise, on arrive malheureusement \u00e0 cette situation. Heureusement que madame le d\u00e9l\u00e9gu\u00e9 r\u00e9gional et ses \u00e9quipes sur le terrain ont \u00e9t\u00e9 tr\u00e8s vigilants cette ann\u00e9e, ce qui a permis de saisir ces poissons frauduleusement p\u00each\u00e9s\u2009\u00bb,<\/em>\u00a0a confi\u00e9\u00a0\u00a0\u00a0<strong>Adamou<\/strong>, p\u00eacheur et vendeur de poissons \u00e0 Lagdo.<\/p>\n<p>Pour ce dernier, Il est grand temps que l\u2019on mette fin, que l\u2019on r\u00e9duise significativement\u00a0les exportations des produits de p\u00eache vers le Nigeria voisin.\u00a0<em>\u00ab\u00a0Cela nous cause beaucoup de tort et tout ceci se fait au vu et au su des autorit\u00e9s. Nous, les p\u00e9cheurs locaux, sommes \u00e9norm\u00e9ment p\u00e9nalis\u00e9s et sur le march\u00e9 cela entraine une forte surench\u00e8re\u00a0\u00a0du poisson alors que nous poss\u00e9dons des quantit\u00e9s qui peuvent nous permettre de ravitailler normalement le march\u00e9 local\u00a0\u00bb,<\/em>\u00a0a ajout\u00e9\u00a0<strong>Amadou.<\/strong><\/p>\n<p>Pour rappel,\u00a0<strong>7365,46 tonnes<\/strong>\u00a0de poissons ont \u00e9t\u00e9 p\u00each\u00e9s dans la r\u00e9gion du Nord entre janvier et juin 2019. Environ\u00a0<strong>2014,04 tonnes<\/strong>\u00a0de poissons fum\u00e9s au cours de la m\u00eame p\u00e9riode. Une production en hausse par rapport \u00e0 l\u2019ann\u00e9e 2018.<\/p>\n<div class=\"about-author about-author-box container-wrapper\">\n<div class=\"author-avatar\">\n<p><img decoding=\"async\" src=\"http:\/\/\" alt=\"\"\/><\/p>\n<\/div>\n<p><h4>La R\u00e9daction EcoMatin<\/h4>\n<\/p>\n<\/div>\n<div class=\"awac-wrapper awac widget blog_subscription-2\">\n<h4 class=\"widget-title\">Abonnez-vous \u00e0 notre lettre d&rsquo;information<\/h4>\n<\/div>\n<p>Auteur: EcoMatin<br \/>\n<a href=\"https:\/\/ecomatin.net\/peche-illegale-6-400-tonnes-de-poissons-saisies-dans-la-region-du-nord\/\">Cliquez ici pour lire l&rsquo;article depuis sa source.<\/a><\/p>\n","protected":false},"excerpt":{"rendered":"<p>6400 tonnes.\u00a0\u00a0C\u2019est le volume de poissons p\u00each\u00e9s ill\u00e9galement dans les eaux du barrage de Lagdo par des p\u00e9cheurs ne respectant pas l\u2019interdiction d\u2019exercer cette activit\u00e9 au cours de la p\u00e9riode de repos biologique, qui s\u2019\u00e9tend de juillet \u00e0 septembre de chaque ann\u00e9e.\u00a0\u00a0Les poissons ont \u00e9t\u00e9 saisis par la d\u00e9l\u00e9gation r\u00e9gionale de l\u2019\u00c9levage, des P\u00eaches et [&hellip;]<\/p>\n","protected":false},"author":1969,"featured_media":0,"comment_status":"closed","ping_status":"closed","sticky":false,"template":"","format":"standard","meta":{"fifu_image_url":"","fifu_image_alt":"","footnotes":""},"categories":[82,78],"tags":[],"class_list":["post-64126","post","type-post","status-publish","format-standard","hentry","category-cameroun","category-economie"],"_links":{"self":[{"href":"https:\/\/linitiative.ca\/International\/wp-json\/wp\/v2\/posts\/64126","targetHints":{"allow":["GET"]}}],"collection":[{"href":"https:\/\/linitiative.ca\/International\/wp-json\/wp\/v2\/posts"}],"about":[{"href":"https:\/\/linitiative.ca\/International\/wp-json\/wp\/v2\/types\/post"}],"author":[{"embeddable":true,"href":"https:\/\/linitiative.ca\/International\/wp-json\/wp\/v2\/users\/1969"}],"replies":[{"embeddable":true,"href":"https:\/\/linitiative.ca\/International\/wp-json\/wp\/v2\/comments?post=64126"}],"version-history":[{"count":0,"href":"https:\/\/linitiative.ca\/International\/wp-json\/wp\/v2\/posts\/64126\/revisions"}],"wp:attachment":[{"href":"https:\/\/linitiative.ca\/International\/wp-json\/wp\/v2\/media?parent=64126"}],"wp:term":[{"taxonomy":"category","embeddable":true,"href":"https:\/\/linitiative.ca\/International\/wp-json\/wp\/v2\/categories?post=64126"},{"taxonomy":"post_tag","embeddable":true,"href":"https:\/\/linitiative.ca\/International\/wp-json\/wp\/v2\/tags?post=64126"}],"curies":[{"name":"wp","href":"https:\/\/api.w.org\/{rel}","templated":true}]}}