{"id":64127,"date":"2019-10-11T08:06:46","date_gmt":"2019-10-11T12:06:46","guid":{"rendered":"https:\/\/linitiative.ca\/International\/can-2019-que-se-passe-t-il-entre-le-francais-alcor-et-ferdinand-ngoh-ngoh\/"},"modified":"2019-10-11T08:06:46","modified_gmt":"2019-10-11T12:06:46","slug":"can-2019-que-se-passe-t-il-entre-le-francais-alcor-et-ferdinand-ngoh-ngoh","status":"publish","type":"post","link":"https:\/\/linitiative.ca\/International\/can-2019-que-se-passe-t-il-entre-le-francais-alcor-et-ferdinand-ngoh-ngoh\/","title":{"rendered":"CAN 2019 : que se passe -t\u2019-il entre le fran\u00e7ais Alcor et Ferdinand Ngoh Ngoh ?"},"content":{"rendered":"<div class=\"featured-area featured-area-inner\"><img loading=\"lazy\" decoding=\"async\" width=\"780\" height=\"405\" src=\"https:\/\/i2.wp.com\/ecomatin.net\/wp-content\/uploads\/2019\/10\/ecomatin.net-can-2019-que-se-passe-t-il-entre-le-francais-alcor-et-ferdinand-ngoh-ngoh-douala-stade-mbappe-leppe-6.jpg?resize=780%2C405&#038;ssl=1&#038;is-pending-load=1\" class=\"attachment-jannah-image-post size-jannah-image-post wp-post-image jetpack-lazy-image\" alt=\"\" data-attachment-id=\"12740\" data-permalink=\"https:\/\/ecomatin.net\/can-2019-que-se-passe-t-il-entre-le-francais-alcor-et-ferdinand-ngoh-ngoh\/douala-stade-mbappe-leppe-6\/\" data-orig-file=\"https:\/\/i2.wp.com\/ecomatin.net\/wp-content\/uploads\/2019\/10\/ecomatin.net-can-2019-que-se-passe-t-il-entre-le-francais-alcor-et-ferdinand-ngoh-ngoh-douala-stade-mbappe-leppe-6.jpg?fit=3992%2C2992&#038;ssl=1\" data-orig-size=\"3992,2992\" data-comments-opened=\"0\" data-image-meta=\"{\"aperture\":\"0\",\"credit\":\"\",\"camera\":\"\",\"caption\":\"\",\"created_timestamp\":\"0\",\"copyright\":\"\",\"focal_length\":\"0\",\"iso\":\"0\",\"shutter_speed\":\"0\",\"title\":\"\",\"orientation\":\"1\"}\" data-image-title=\"Douala-Stade-Mbapp\u00e9-L\u00e9pp\u00e9-(6)\" data-image-description=\"\" data-medium-file=\"https:\/\/i2.wp.com\/ecomatin.net\/wp-content\/uploads\/2019\/10\/ecomatin.net-can-2019-que-se-passe-t-il-entre-le-francais-alcor-et-ferdinand-ngoh-ngoh-douala-stade-mbappe-leppe-6.jpg?fit=300%2C225&#038;ssl=1\" data-large-file=\"https:\/\/i2.wp.com\/ecomatin.net\/wp-content\/uploads\/2019\/10\/ecomatin.net-can-2019-que-se-passe-t-il-entre-le-francais-alcor-et-ferdinand-ngoh-ngoh-douala-stade-mbappe-leppe-6.jpg?fit=1024%2C767&#038;ssl=1\" data-lazy-srcset=\"https:\/\/i2.wp.com\/ecomatin.net\/wp-content\/uploads\/2019\/10\/ecomatin.net-can-2019-que-se-passe-t-il-entre-le-francais-alcor-et-ferdinand-ngoh-ngoh-douala-stade-mbappe-leppe-6.jpg?resize=780%2C405&#038;ssl=1 780w, https:\/\/i2.wp.com\/ecomatin.net\/wp-content\/uploads\/2019\/10\/ecomatin.net-can-2019-que-se-passe-t-il-entre-le-francais-alcor-et-ferdinand-ngoh-ngoh-douala-stade-mbappe-leppe-6.jpg?zoom=2&#038;resize=780%2C405&#038;ssl=1 1560w, https:\/\/i2.wp.com\/ecomatin.net\/wp-content\/uploads\/2019\/10\/ecomatin.net-can-2019-que-se-passe-t-il-entre-le-francais-alcor-et-ferdinand-ngoh-ngoh-douala-stade-mbappe-leppe-6.jpg?zoom=3&#038;resize=780%2C405&#038;ssl=1 2340w\" data-lazy-sizes=\"(max-width: 780px) 100vw, 780px\" srcset=\"data:image\/gif;base64,R0lGODlhAQABAIAAAAAAAP\/\/\/yH5BAEAAAAALAAAAAABAAEAAAIBRAA7\"\/><\/div>\n<div class=\"entry-content entry clearfix\" readability=\"65\">\n<p>Le match \u00e0 rallonge des chantiers de la Coupe d\u2019Afrique des nations (CAN) que devait initialement accueillir le Cameroun et 2019 et qui a fait l\u2019objet d\u2019un glissement de date (2021 ) , va aussi se jouer sur le terrain judiciaire. Dans son \u00e9dition en kiosque cette semaine, l\u2019hebdomadaire <em>Jeune Afrique<\/em> rapporte que l\u2019entreprise fran\u00e7aise <strong>Alcor Equipement<\/strong>, adjudicataire du march\u00e9 de construction de deux stades d\u2019entra\u00eenement au stade <strong>Mbapp\u00e9 Lepp\u00e9<\/strong> et \u00e0 <strong>Bonamoussadi,<\/strong> Douala, \u00e0 la suite du d\u00e9sistement d\u2019un consortium d\u2019entreprises canadiennes retenues en premier ressort par l\u2019Etat, est vent debout contre le Cameroun. Convaincu d\u2019avoir \u00e9t\u00e9 frauduleusement mis sur la touche par le secr\u00e9taire g\u00e9n\u00e9ral de la pr\u00e9sidence de la R\u00e9publique, <strong>Ferdinand Ngoh Ngoh<\/strong>, au profit d\u2019une autre entreprise d\u00e9nomm\u00e9e \u00ab <strong>Alcors<\/strong> \u00bb (avec un \u00ab s \u00bb), mont\u00e9e \u00e0 la six-quatre-deux par un de ses prot\u00e9g\u00e9s, un certain <strong>Privat Constant Moukoko Eyango,<\/strong> il r\u00e9clame au pays 9,9 millions d\u2019Euros, soit environ <strong>6,4 milliards Fcfa<\/strong> au titre d\u2019indemnisation.<\/p>\n<p>Le 11 juin dernier, le patron d\u2019Alcor Equipement, <strong>Eric Leport<\/strong>, d\u00e9pos\u00e9 a une requ\u00eate indemnitaire contre l\u2019Etat du Cameroun\u00a0 qu\u2019il accuse d\u2019avoir donn\u00e9 son aval pour que le march\u00e9 lui soit retir\u00e9 en catimini , devant le tribunal administratif de Douala. Le 18 juin, il a \u00e9galement d\u00e9pos\u00e9 plainte devant la commission d\u2019\u00e9thique de la <strong>F\u00e9d\u00e9ration internationale de football association<\/strong> (<strong>Fifa<\/strong>). Et depuis le 28 ao\u00fbt, il fait pression aupr\u00e8s de la secr\u00e9taire g\u00e9n\u00e9rale de la Fifa et non moins d\u00e9l\u00e9gu\u00e9e pour l\u2019Afrique de l\u2019instance fa\u00eeti\u00e8re du football mondial. Pour m\u00e9moire, Privat Constant Moukoko Eyango est par ailleurs le directeur g\u00e9n\u00e9ral de <strong>2M<\/strong>, l\u2019une des entreprises accus\u00e9es d\u2019avoir surfactur\u00e9 le prix du sac de ciment ( de <strong>4500 \u00e0 16000 Fcfa<\/strong>\u00a0) , toujours dans le cadre des chantiers de la Can. Il avait expliqu\u00e9, lors d\u2019une interview dans une cha\u00eene de t\u00e9l\u00e9vision priv\u00e9e camerounaise, que ces montants respectaient la mercuriale de l\u2019Etat.<\/p>\n<div class=\"about-author about-author-box container-wrapper\">\n<div class=\"author-avatar\">\n<p><img decoding=\"async\" src=\"http:\/\/\" alt=\"\"\/><\/p>\n<\/div>\n<p><h4>La R\u00e9daction EcoMatin<\/h4>\n<\/p>\n<\/div>\n<div class=\"awac-wrapper awac widget blog_subscription-2\">\n<h4 class=\"widget-title\">Abonnez-vous \u00e0 notre lettre d&rsquo;information<\/h4>\n<\/div>\n<\/div>\n<div class=\"toggle-post-content clearfix\"><a id=\"toggle-post-button\" class=\"button\" href=\"#\">Afficher plus <\/a><\/div>\n<p>Auteur: EcoMatin<br \/>\n<a href=\"https:\/\/ecomatin.net\/can-2019-que-se-passe-t-il-entre-le-francais-alcor-et-ferdinand-ngoh-ngoh\/\">Cliquez ici pour lire l&rsquo;article depuis sa source.<\/a><\/p>\n","protected":false},"excerpt":{"rendered":"<p>Le match \u00e0 rallonge des chantiers de la Coupe d\u2019Afrique des nations (CAN) que devait initialement accueillir le Cameroun et 2019 et qui a fait l\u2019objet d\u2019un glissement de date (2021 ) , va aussi se jouer sur le terrain judiciaire. Dans son \u00e9dition en kiosque cette semaine, l\u2019hebdomadaire Jeune Afrique rapporte que l\u2019entreprise fran\u00e7aise [&hellip;]<\/p>\n","protected":false},"author":1969,"featured_media":0,"comment_status":"closed","ping_status":"closed","sticky":false,"template":"","format":"standard","meta":{"fifu_image_url":"","fifu_image_alt":"","footnotes":""},"categories":[82,78],"tags":[],"class_list":["post-64127","post","type-post","status-publish","format-standard","hentry","category-cameroun","category-economie"],"_links":{"self":[{"href":"https:\/\/linitiative.ca\/International\/wp-json\/wp\/v2\/posts\/64127","targetHints":{"allow":["GET"]}}],"collection":[{"href":"https:\/\/linitiative.ca\/International\/wp-json\/wp\/v2\/posts"}],"about":[{"href":"https:\/\/linitiative.ca\/International\/wp-json\/wp\/v2\/types\/post"}],"author":[{"embeddable":true,"href":"https:\/\/linitiative.ca\/International\/wp-json\/wp\/v2\/users\/1969"}],"replies":[{"embeddable":true,"href":"https:\/\/linitiative.ca\/International\/wp-json\/wp\/v2\/comments?post=64127"}],"version-history":[{"count":0,"href":"https:\/\/linitiative.ca\/International\/wp-json\/wp\/v2\/posts\/64127\/revisions"}],"wp:attachment":[{"href":"https:\/\/linitiative.ca\/International\/wp-json\/wp\/v2\/media?parent=64127"}],"wp:term":[{"taxonomy":"category","embeddable":true,"href":"https:\/\/linitiative.ca\/International\/wp-json\/wp\/v2\/categories?post=64127"},{"taxonomy":"post_tag","embeddable":true,"href":"https:\/\/linitiative.ca\/International\/wp-json\/wp\/v2\/tags?post=64127"}],"curies":[{"name":"wp","href":"https:\/\/api.w.org\/{rel}","templated":true}]}}