{"id":64130,"date":"2019-10-12T04:07:39","date_gmt":"2019-10-12T08:07:39","guid":{"rendered":"https:\/\/linitiative.ca\/International\/a3lach-de-hakim-daoudi-a-amadeus-art-gallery-de-casablanca\/"},"modified":"2019-10-12T04:07:39","modified_gmt":"2019-10-12T08:07:39","slug":"a3lach-de-hakim-daoudi-a-amadeus-art-gallery-de-casablanca","status":"publish","type":"post","link":"https:\/\/linitiative.ca\/International\/a3lach-de-hakim-daoudi-a-amadeus-art-gallery-de-casablanca\/","title":{"rendered":"\u00abA3lach\u00bb de  Hakim Daoudi \u00e0 Amadeus  Art Gallery de Casablanca"},"content":{"rendered":"<header>\n<div class=\"entry-post-meta\">\n<div class=\"author-link\">Publi\u00e9 par <a itemprop=\"author\" itemscope=\"\" itemtype=\"https:\/\/schema.org\/Person\" href=\"http:\/\/aujourdhui.ma\/profile\/kaid\" rel=\"author\"><span itemprop=\"name\">ALM<\/span><\/a><\/div>\n<p>Date\u00a0:<time content=\"2019-10-01T09:07:39+00:00\" class=\"entry-date updated\" datetime=\"2019-10-01T09:07:39+00:00\">octobre 01, 2019<\/time><\/p>\n<div class=\"entry-cat\">dans:<a href=\"http:\/\/aujourdhui.ma\/category\/culture\" rel=\"category tag\">Culture<\/a><\/div>\n<p>1Vues<\/p>\n<\/div>\n<\/header>\n<div class=\"entry-content clearfix\" readability=\"52\"><img decoding=\"async\" class=\"post_layout_5_img\" src=\"http:\/\/aujourdhui.ma\/wp-content\/uploads\/2019\/10\/alache-.jpg?x29840\" alt=\"\u00abA3lach\u00bb de Hakim Daoudi \u00e0 Amadeus Art Gallery de Casablanca\"\/><\/p>\n<p class=\"p1\"><span class=\"s1\"><span class=\"c4\"><strong>Amadeus Art Gallery accueillera du 17 octobre au 17 novembre 2019 l\u2019exposition \u00ab A3lach \u00bb de l\u2019artiste Hakim Daoudi.<\/strong><\/span><\/span> <span id=\"more-319403\"\/><\/p>\n<p class=\"p1\"><span class=\"s1\">Cr\u00e9ateur de mobiliers et de luminaires, cet artiste se tourne vers la peinture en 2015.<\/span><\/p>\n<p class=\"p1\"><span class=\"s1\">Autodidacte, avec un style bien particulier et tr\u00e8s affirm\u00e9, Hakim nous donne \u00e0 voir le Maroc moderne, tel qu\u2019il est et tel qu\u2019il le per\u00e7oit dans un flamboiement de couleurs et une multiplicit\u00e9 de personnages en action.<\/span><\/p>\n<p class=\"p1\"><span class=\"s1\">Le trait, tr\u00e8s graphique, n\u2019est pas \u00e9loign\u00e9 de l\u2019expression peinte populaire, voire de la BD, en rupture avec le na\u00eff traditionnel et qui se rapproche de la figuration narrative. Avec un regard distanci\u00e9, Hakim nous parle sans d\u00e9tour et avec beaucoup d\u2019\u00e9motion de notre soci\u00e9t\u00e9.<\/span><\/p>\n<\/div>\n<p>Auteur: ALM<br \/>\n<a href=\"http:\/\/aujourdhui.ma\/culture\/a3lach-de-hakim-daoudi-a-amadeus-art-gallery-de-casablanca\">Cliquez ici pour lire l&rsquo;article depuis sa source.<\/a><\/p>\n","protected":false},"excerpt":{"rendered":"<p>Publi\u00e9 par ALM Date\u00a0:octobre 01, 2019 dans:Culture 1Vues Amadeus Art Gallery accueillera du 17 octobre au 17 novembre 2019 l\u2019exposition \u00ab A3lach \u00bb de l\u2019artiste Hakim Daoudi. Cr\u00e9ateur de mobiliers et de luminaires, cet artiste se tourne vers la peinture en 2015. Autodidacte, avec un style bien particulier et tr\u00e8s affirm\u00e9, Hakim nous donne \u00e0 [&hellip;]<\/p>\n","protected":false},"author":1759,"featured_media":0,"comment_status":"closed","ping_status":"closed","sticky":false,"template":"","format":"standard","meta":{"fifu_image_url":"","fifu_image_alt":"","footnotes":""},"categories":[73,54],"tags":[],"class_list":["post-64130","post","type-post","status-publish","format-standard","hentry","category-actualite","category-maroc"],"_links":{"self":[{"href":"https:\/\/linitiative.ca\/International\/wp-json\/wp\/v2\/posts\/64130","targetHints":{"allow":["GET"]}}],"collection":[{"href":"https:\/\/linitiative.ca\/International\/wp-json\/wp\/v2\/posts"}],"about":[{"href":"https:\/\/linitiative.ca\/International\/wp-json\/wp\/v2\/types\/post"}],"author":[{"embeddable":true,"href":"https:\/\/linitiative.ca\/International\/wp-json\/wp\/v2\/users\/1759"}],"replies":[{"embeddable":true,"href":"https:\/\/linitiative.ca\/International\/wp-json\/wp\/v2\/comments?post=64130"}],"version-history":[{"count":0,"href":"https:\/\/linitiative.ca\/International\/wp-json\/wp\/v2\/posts\/64130\/revisions"}],"wp:attachment":[{"href":"https:\/\/linitiative.ca\/International\/wp-json\/wp\/v2\/media?parent=64130"}],"wp:term":[{"taxonomy":"category","embeddable":true,"href":"https:\/\/linitiative.ca\/International\/wp-json\/wp\/v2\/categories?post=64130"},{"taxonomy":"post_tag","embeddable":true,"href":"https:\/\/linitiative.ca\/International\/wp-json\/wp\/v2\/tags?post=64130"}],"curies":[{"name":"wp","href":"https:\/\/api.w.org\/{rel}","templated":true}]}}