{"id":64131,"date":"2019-10-12T04:08:16","date_gmt":"2019-10-12T08:08:16","guid":{"rendered":"https:\/\/linitiative.ca\/International\/agregation-cerealiere-ce-que-recommandent-les-professionnels\/"},"modified":"2019-10-12T04:08:16","modified_gmt":"2019-10-12T08:08:16","slug":"agregation-cerealiere-ce-que-recommandent-les-professionnels","status":"publish","type":"post","link":"https:\/\/linitiative.ca\/International\/agregation-cerealiere-ce-que-recommandent-les-professionnels\/","title":{"rendered":"Agr\u00e9gation c\u00e9r\u00e9ali\u00e8re : Ce que recommandent les professionnels"},"content":{"rendered":"<p><img decoding=\"async\" class=\"post_layout_5_img\" src=\"http:\/\/aujourdhui.ma\/wp-content\/uploads\/2019\/10\/Ble.jpg?x29840\" alt=\"Agr\u00e9gation c\u00e9r\u00e9ali\u00e8re : Ce que recommandent les professionnels\"\/><\/p>\n<p class=\"p1\"><span class=\"c4\"><strong><span class=\"s1\">Sur le plan financier, les meuniers recommandent la mise en place d\u2019un fonds de garantie pour couvrir le financement des intrants et de l\u2019encadrement technique des exploitations.<\/span><\/strong><\/span> <span id=\"more-319866\"\/><\/p>\n<p class=\"p1\"><span class=\"s1\">En d\u00e9pit des difficult\u00e9s rencontr\u00e9es, les meuniers du Maroc gardent espoir. Ils s\u2019attendent \u00e0 ce que leur secteur d\u2019activit\u00e9 connaisse une relance et puisse jouer son r\u00f4le de locomotive du d\u00e9veloppement agricole. Les professionnels ambitionnent, en effet,<span class=\"Apple-converted-space\">\u00a0<\/span> que le Maroc puisse assurer sa souverainet\u00e9 alimentaire en c\u00e9r\u00e9ales. Une ambition montr\u00e9e par l\u2019important potentiel dont dispose le Royaume.<\/span><\/p>\n<p class=\"p1\"><span class=\"s1\">En effet, le Maroc cultive annuellement pr\u00e8s de 5 millions d\u2019hectares de c\u00e9r\u00e9ales. Une superficie qui permettrait au pays d\u2019\u00eatre autosuffisant sur ce plan. D\u2019apr\u00e8s le sc\u00e9nario \u00e9tabli par les acteurs du secteur, un rendement moyen de 30 quintaux le hectare permettrait d\u2019atteindre pleinement l\u2019objectif d\u2019\u00abautosuffisance\u00bb. En parall\u00e8le, les meuniers du Maroc ont list\u00e9 une panoplie de mesures \u00e0 engager. Ces propositions feront l\u2019objet d\u2019un m\u00e9morandum \u00e0 pr\u00e9senter \u00e0 la tutelle. Elles s\u2019appuient, par ailleurs, sur une \u00e9valuation minutieuse des success stories sur le plan national et international. La priorit\u00e9 \u00e9tant de renforcer le process d\u2019agr\u00e9gation dans le champ c\u00e9r\u00e9alier. Une orientation qui insufflera, sans doute, un nouvel \u00e9lan dans la fili\u00e8re.<\/span><\/p>\n<p><a href=\"http:\/\/aujourdhui.ma\/wp-content\/uploads\/2019\/10\/ble-agriculture-cereales-grains.jpg?x29840\"><img loading=\"lazy\" decoding=\"async\" class=\"size-full wp-image-319868 aligncenter\" src=\"http:\/\/aujourdhui.ma\/wp-content\/uploads\/2019\/10\/ble-agriculture-cereales-grains.jpg?x29840\" alt=\"\" width=\"746\" height=\"380\" srcset=\"http:\/\/aujourdhui.ma\/wp-content\/uploads\/2019\/10\/ble-agriculture-cereales-grains.jpg 746w, http:\/\/aujourdhui.ma\/wp-content\/uploads\/2019\/10\/ble-agriculture-cereales-grains-300x153.jpg 300w\" sizes=\"auto, (max-width: 746px) 100vw, 746px\"\/><\/a><\/p>\n<p class=\"p1\"><span class=\"s1\">Les axes d\u2019intervention devraient ainsi agir \u00e0 la fois sur l\u2019aspect structurel et psychologique. Ceci passe en premier par l\u2019organisation de l\u2019amont de la fili\u00e8re. Cette organisation devrait porter sur la cr\u00e9ation d\u2019associations r\u00e9gionales dans les principaux bassins c\u00e9r\u00e9aliers et leur utilisation comme relais. De m\u00eame une f\u00e9d\u00e9ration nationale des agr\u00e9g\u00e9s devrait voir le jour. A cela s\u2019ajoute \u00e9galement l\u2019adoption d\u2019un cahier des charges des organismes de stockage permettant ainsi de mieux valoriser la r\u00e9colte nationale stock\u00e9e. Les op\u00e9rateurs appellent, en outre, \u00e0 l\u2019\u00e9tablissement d\u2019une charte de bonne conduite \u00e0 signer entre les agr\u00e9g\u00e9s et les agr\u00e9gateurs ainsi qu\u2019\u00e0 la mutualisation des moyens au niveau achats, assurance, stockage et cr\u00e9dits.<\/span><\/p>\n<p class=\"p1\"><span class=\"s1\">Sur le plan financier, les meuniers recommandent la mise en place d\u2019un fonds de garantie pour couvrir le financement des intrants et de l\u2019encadrement technique des exploitations. Ils proposent, aussi, le financement de la mise \u00e0 niveau des organismes de stockage les aidant ainsi \u00e0 se conformer au cahier des charges adopt\u00e9.<\/span><\/p>\n<p class=\"p1\"><span class=\"s1\">La relance du processus d\u2019agr\u00e9gation sur de nouvelles bases est tributaire de l\u2019instauration de climat de confiance entre les agr\u00e9g\u00e9s et agr\u00e9gateurs. Les deux protagonistes doivent, selon les propositions des professionnels, trouver un int\u00e9r\u00eat mutuellement fructueux dans l\u2019op\u00e9ration d\u2019agr\u00e9gation. Parmi les recommandations figure \u00e9galement la cr\u00e9ation d\u2019une chambre d\u2019arbitrage au sein de la F\u00e9d\u00e9ration interprofessionnelle des activit\u00e9s c\u00e9r\u00e9ali\u00e8res (FIAC) o\u00f9 les producteurs agr\u00e9g\u00e9s et leurs agr\u00e9gateurs seront repr\u00e9sent\u00e9s. Les op\u00e9rateurs c\u00e9r\u00e9aliers insistent, dans le m\u00eame sens, sur la r\u00e9vision du syst\u00e8me de soutien. L\u2019accent devrait \u00eatre mis sur l\u2019accompagnement. Cet appui devrait prendre en charge les frais de fonctionnement des associations r\u00e9gionales et leur f\u00e9d\u00e9ration et les frais de suivi technique des exploitations agr\u00e9g\u00e9es. Les acteurs de la fili\u00e8re appellent, \u00e9galement, \u00e0 moduler le montant du soutien en fonction du rendement et de la qualit\u00e9 pour en faire un facteur d\u2019incitation. Et en vue de r\u00e9mun\u00e9rer l\u2019effort de qualit\u00e9, il est propos\u00e9 de fixer une fourchette de prix en fonction d\u2019une grille adapt\u00e9e. Un tarif qui devrait \u00eatre modul\u00e9 en fonction de la production nationale et du cours international de bl\u00e9.<\/span><\/p>\n<p>Auteur: Kawtar Tali<br \/>\n<a href=\"http:\/\/aujourdhui.ma\/economie\/agregation-cerealiere-ce-que-recommandent-les-professionnels\">Cliquez ici pour lire l&rsquo;article depuis sa source.<\/a><\/p>\n","protected":false},"excerpt":{"rendered":"<p>Sur le plan financier, les meuniers recommandent la mise en place d\u2019un fonds de garantie pour couvrir le financement des intrants et de l\u2019encadrement technique des exploitations. En d\u00e9pit des difficult\u00e9s rencontr\u00e9es, les meuniers du Maroc gardent espoir. Ils s\u2019attendent \u00e0 ce que leur secteur d\u2019activit\u00e9 connaisse une relance et puisse jouer son r\u00f4le de [&hellip;]<\/p>\n","protected":false},"author":1759,"featured_media":0,"comment_status":"closed","ping_status":"closed","sticky":false,"template":"","format":"standard","meta":{"fifu_image_url":"","fifu_image_alt":"","footnotes":""},"categories":[73,54],"tags":[],"class_list":["post-64131","post","type-post","status-publish","format-standard","hentry","category-actualite","category-maroc"],"_links":{"self":[{"href":"https:\/\/linitiative.ca\/International\/wp-json\/wp\/v2\/posts\/64131","targetHints":{"allow":["GET"]}}],"collection":[{"href":"https:\/\/linitiative.ca\/International\/wp-json\/wp\/v2\/posts"}],"about":[{"href":"https:\/\/linitiative.ca\/International\/wp-json\/wp\/v2\/types\/post"}],"author":[{"embeddable":true,"href":"https:\/\/linitiative.ca\/International\/wp-json\/wp\/v2\/users\/1759"}],"replies":[{"embeddable":true,"href":"https:\/\/linitiative.ca\/International\/wp-json\/wp\/v2\/comments?post=64131"}],"version-history":[{"count":0,"href":"https:\/\/linitiative.ca\/International\/wp-json\/wp\/v2\/posts\/64131\/revisions"}],"wp:attachment":[{"href":"https:\/\/linitiative.ca\/International\/wp-json\/wp\/v2\/media?parent=64131"}],"wp:term":[{"taxonomy":"category","embeddable":true,"href":"https:\/\/linitiative.ca\/International\/wp-json\/wp\/v2\/categories?post=64131"},{"taxonomy":"post_tag","embeddable":true,"href":"https:\/\/linitiative.ca\/International\/wp-json\/wp\/v2\/tags?post=64131"}],"curies":[{"name":"wp","href":"https:\/\/api.w.org\/{rel}","templated":true}]}}