{"id":64132,"date":"2019-10-12T04:08:42","date_gmt":"2019-10-12T08:08:42","guid":{"rendered":"https:\/\/linitiative.ca\/International\/casablanca-10-ans-de-prison-pour-un-repris-de-justice-qui-a-tue-son-voisin\/"},"modified":"2019-10-12T04:08:42","modified_gmt":"2019-10-12T08:08:42","slug":"casablanca-10-ans-de-prison-pour-un-repris-de-justice-qui-a-tue-son-voisin","status":"publish","type":"post","link":"https:\/\/linitiative.ca\/International\/casablanca-10-ans-de-prison-pour-un-repris-de-justice-qui-a-tue-son-voisin\/","title":{"rendered":"Casablanca : 10 ans de prison pour un repris de justice qui a tu\u00e9 son voisin"},"content":{"rendered":"<p><img decoding=\"async\" class=\"post_layout_5_img\" src=\"http:\/\/aujourdhui.ma\/wp-content\/uploads\/2017\/07\/couteau-crime-tueur.jpg?x29840\" alt=\"Casablanca : 10 ans de prison pour un repris de justice qui a tu\u00e9 son voisin\"\/><\/p>\n<p class=\"p1\"><span class=\"s1\"><span class=\"c4\"><strong>Ag\u00e9 de vingt-sept ans, ce jeune homme se disculpe, d\u00e8s le d\u00e9but de son interrogatoire par le pr\u00e9sident de la chambre criminelle pr\u00e8s la Cour d\u2019appel de Casablanca, du meurtre pour lequel il est poursuivi.<\/strong><\/span><\/span><span id=\"more-319724\"\/><\/p>\n<p class=\"p1\"><span class=\"s1\">Il affirme m\u00eame qu\u2019il n\u2019a rien avou\u00e9 aux enqu\u00eateurs. Et pourtant, sa signature est appos\u00e9e sur le proc\u00e8s-verbal de ses aveux. A ce propos, il assure que les enqu\u00eateurs l\u2019ont oblig\u00e9 \u00e0 le signer. ll accuse m\u00eame les t\u00e9moins d\u2019\u00eatre manipul\u00e9s par la famille du d\u00e9funt.<\/span><\/p>\n<p class=\"p1\"><span class=\"s1\">Ces derniers, au nombre de quatre, dont le veilleur de nuit, ont attest\u00e9 qu\u2019il a poignard\u00e9 son voisin. Le veilleur de nuit qui a pr\u00eat\u00e9 serment pr\u00e9cise \u00e0 la Cour que le mis en cause est un type tr\u00e8s violent au point que personne ne peut s\u2019en approcher. Et d\u2019ajouter qu\u2019\u00e0 l\u2019origine de sa dispute avec la victime<span class=\"Apple-converted-space\">\u00a0<\/span> \u00e9tait<span class=\"Apple-converted-space\">\u00a0<\/span> un morceau de haschich. C\u2019est la m\u00eame version des faits consign\u00e9s dans le proc\u00e8s-verbal. On y apprend que les deux voisins et repris de justice avaient achet\u00e9 un morceau de haschich pour un joint qu\u2019ils devaient fumer ensemble. Mais avant de le fumer, le d\u00e9funt qui avait vingt-quatre ans est rentr\u00e9 chez lui pour une demi-heure avant de retourner chez le mis en cause.<\/span><\/p>\n<p class=\"p1\"><span class=\"s1\">Ce dernier l\u2019a accueilli avec un sourire aux l\u00e8vres tout en l\u2019informant qu\u2019il avait fum\u00e9 le joint. Hors de lui, la victime a commenc\u00e9 \u00e0 l\u2019injurier tout en tentant de lui donner des coups de poing. C\u2019\u00e9tait le moment o\u00f9 le mis en cause a perdu tout contr\u00f4le de ses nerfs et a saisi un couteau pour lui ass\u00e9ner deux coups mortels et prendre la poudre d\u2019escampette. Trois jours plus tard, il a \u00e9t\u00e9 arr\u00eat\u00e9.<\/span><\/p>\n<p class=\"p1\"><span class=\"s1\">Les trois autres t\u00e9moins ont tous affirm\u00e9 avoir vu le mis en cause en train de poignarder la victime \u00e0 deux reprises au niveau de la poitrine. L\u2019un des t\u00e9moins a ajout\u00e9 \u00e0 la Cour que c\u2019est lui qui a alert\u00e9 la police via son smartphone.<\/span><\/p>\n<p class=\"p1\"><span class=\"s1\">Apr\u00e8s le r\u00e9quisitoire pr\u00e9sent\u00e9 par le repr\u00e9sentant du minist\u00e8re public et la plaidoirie de l\u2019avocat soutenant le mis en cause, ce dernier a \u00e9t\u00e9 jug\u00e9 coupable pour coups et blessures ayant entra\u00een\u00e9 la mort sans l\u2019intention de la donner et a \u00e9t\u00e9 condamn\u00e9 \u00e0 dix ans de r\u00e9clusion criminelle.<\/span><\/p>\n<p>Auteur: Abderrafii ALOUMLIKI<br \/>\n<a href=\"http:\/\/aujourdhui.ma\/faits-divers\/casablanca-10-ans-de-prison-pour-un-repris-de-justice-qui-a-tue-son-voisin-2\">Cliquez ici pour lire l&rsquo;article depuis sa source.<\/a><\/p>\n","protected":false},"excerpt":{"rendered":"<p>Ag\u00e9 de vingt-sept ans, ce jeune homme se disculpe, d\u00e8s le d\u00e9but de son interrogatoire par le pr\u00e9sident de la chambre criminelle pr\u00e8s la Cour d\u2019appel de Casablanca, du meurtre pour lequel il est poursuivi. Il affirme m\u00eame qu\u2019il n\u2019a rien avou\u00e9 aux enqu\u00eateurs. Et pourtant, sa signature est appos\u00e9e sur le proc\u00e8s-verbal de ses [&hellip;]<\/p>\n","protected":false},"author":1759,"featured_media":0,"comment_status":"closed","ping_status":"closed","sticky":false,"template":"","format":"standard","meta":{"fifu_image_url":"","fifu_image_alt":"","footnotes":""},"categories":[73,54],"tags":[],"class_list":["post-64132","post","type-post","status-publish","format-standard","hentry","category-actualite","category-maroc"],"_links":{"self":[{"href":"https:\/\/linitiative.ca\/International\/wp-json\/wp\/v2\/posts\/64132","targetHints":{"allow":["GET"]}}],"collection":[{"href":"https:\/\/linitiative.ca\/International\/wp-json\/wp\/v2\/posts"}],"about":[{"href":"https:\/\/linitiative.ca\/International\/wp-json\/wp\/v2\/types\/post"}],"author":[{"embeddable":true,"href":"https:\/\/linitiative.ca\/International\/wp-json\/wp\/v2\/users\/1759"}],"replies":[{"embeddable":true,"href":"https:\/\/linitiative.ca\/International\/wp-json\/wp\/v2\/comments?post=64132"}],"version-history":[{"count":0,"href":"https:\/\/linitiative.ca\/International\/wp-json\/wp\/v2\/posts\/64132\/revisions"}],"wp:attachment":[{"href":"https:\/\/linitiative.ca\/International\/wp-json\/wp\/v2\/media?parent=64132"}],"wp:term":[{"taxonomy":"category","embeddable":true,"href":"https:\/\/linitiative.ca\/International\/wp-json\/wp\/v2\/categories?post=64132"},{"taxonomy":"post_tag","embeddable":true,"href":"https:\/\/linitiative.ca\/International\/wp-json\/wp\/v2\/tags?post=64132"}],"curies":[{"name":"wp","href":"https:\/\/api.w.org\/{rel}","templated":true}]}}