{"id":64133,"date":"2019-10-12T04:09:34","date_gmt":"2019-10-12T08:09:34","guid":{"rendered":"https:\/\/linitiative.ca\/International\/casablanca-2eme-edition-du-classicars-expo-du-18-au-20-octobre\/"},"modified":"2019-10-12T04:09:34","modified_gmt":"2019-10-12T08:09:34","slug":"casablanca-2eme-edition-du-classicars-expo-du-18-au-20-octobre","status":"publish","type":"post","link":"https:\/\/linitiative.ca\/International\/casablanca-2eme-edition-du-classicars-expo-du-18-au-20-octobre\/","title":{"rendered":"Casablanca: 2\u00e8me \u00e9dition du \u00abClassicars Expo\u00bb du 18 au 20 octobre"},"content":{"rendered":"<header>\n<\/header>\n<div class=\"entry-content clearfix\" readability=\"60\"><img decoding=\"async\" class=\"post_layout_5_img\" src=\"http:\/\/aujourdhui.ma\/wp-content\/uploads\/2019\/10\/Casablanca-Classicars-Expo.jpg?x29840\" alt=\"Casablanca: 2\u00e8me \u00e9dition du \u00abClassicars Expo\u00bb du 18 au 20 octobre\"\/><\/p>\n<p class=\"p1\"><span class=\"s1\"><span class=\"c4\"><strong>La 2\u00e8me \u00e9dition du \u00abClassicars Expo\u00bb, rendez-vous des amateurs d\u2019automobiles classiques du Maroc, se tiendra du 18 au 20 octobre au Motorvillage de Bouskoura, \u00e0 l\u2019initiative de l\u2019Union marocaine des automobiles anciennes (UMAA).<\/strong><\/span><\/span> <span id=\"more-319521\"\/><\/p>\n<p class=\"p1\"><span class=\"s1\">Cet \u00e9v\u00e9nement, qui regroupera des collectionneurs et des passionn\u00e9s venus des diverses r\u00e9gions du Royaume, verra la participation de plus de 250 v\u00e9hicules rares, \u00e9l\u00e9gants et prestigieux, mais aussi populaires, fait savoir l\u2019UMAA dans un communiqu\u00e9. <em>\u00abQu\u2019ils soient sportifs ou classiques, ces v\u00e9hicules feront le bonheur des milliers de visiteurs qui viendront confirmer, comme en 2018, l\u2019importance d\u2019une telle manifestation\u00bb,<\/em> rel\u00e8ve l\u2019Union.<\/span><\/p>\n<p class=\"p1\"><span class=\"s1\"><em>\u00abClassicars Expo\u00bb sera \u00e9galement l\u2019occasion \u00abde placer plusieurs constructeurs automobiles, dont Fiat et Alfa Rom\u00e9o, sous le feu des projecteurs\u00bb<\/em>, ajoute-t-on. Le programme de cette \u00e9dition pr\u00e9voit des ateliers de restauration de v\u00e9hicules anciens et de r\u00e9flexion entre collectionneurs et professionnels, outre la mise en place de stands d\u2019accessoires et de pi\u00e8ces d\u00e9tach\u00e9es et l\u2019organisation des ench\u00e8res publiques li\u00e9es aux v\u00e9hicules de collection.<\/span><\/p>\n<\/div>\n<p>Auteur: ALM<br \/>\n<a href=\"http:\/\/aujourdhui.ma\/automobile\/casablanca-2eme-edition-du-classicars-expo-du-18-au-20-octobre\">Cliquez ici pour lire l&rsquo;article depuis sa source.<\/a><\/p>\n","protected":false},"excerpt":{"rendered":"<p>La 2\u00e8me \u00e9dition du \u00abClassicars Expo\u00bb, rendez-vous des amateurs d\u2019automobiles classiques du Maroc, se tiendra du 18 au 20 octobre au Motorvillage de Bouskoura, \u00e0 l\u2019initiative de l\u2019Union marocaine des automobiles anciennes (UMAA). Cet \u00e9v\u00e9nement, qui regroupera des collectionneurs et des passionn\u00e9s venus des diverses r\u00e9gions du Royaume, verra la participation de plus de 250 [&hellip;]<\/p>\n","protected":false},"author":1759,"featured_media":0,"comment_status":"closed","ping_status":"closed","sticky":false,"template":"","format":"standard","meta":{"fifu_image_url":"","fifu_image_alt":"","footnotes":""},"categories":[73,54],"tags":[],"class_list":["post-64133","post","type-post","status-publish","format-standard","hentry","category-actualite","category-maroc"],"_links":{"self":[{"href":"https:\/\/linitiative.ca\/International\/wp-json\/wp\/v2\/posts\/64133","targetHints":{"allow":["GET"]}}],"collection":[{"href":"https:\/\/linitiative.ca\/International\/wp-json\/wp\/v2\/posts"}],"about":[{"href":"https:\/\/linitiative.ca\/International\/wp-json\/wp\/v2\/types\/post"}],"author":[{"embeddable":true,"href":"https:\/\/linitiative.ca\/International\/wp-json\/wp\/v2\/users\/1759"}],"replies":[{"embeddable":true,"href":"https:\/\/linitiative.ca\/International\/wp-json\/wp\/v2\/comments?post=64133"}],"version-history":[{"count":0,"href":"https:\/\/linitiative.ca\/International\/wp-json\/wp\/v2\/posts\/64133\/revisions"}],"wp:attachment":[{"href":"https:\/\/linitiative.ca\/International\/wp-json\/wp\/v2\/media?parent=64133"}],"wp:term":[{"taxonomy":"category","embeddable":true,"href":"https:\/\/linitiative.ca\/International\/wp-json\/wp\/v2\/categories?post=64133"},{"taxonomy":"post_tag","embeddable":true,"href":"https:\/\/linitiative.ca\/International\/wp-json\/wp\/v2\/tags?post=64133"}],"curies":[{"name":"wp","href":"https:\/\/api.w.org\/{rel}","templated":true}]}}