{"id":64134,"date":"2019-10-12T04:10:56","date_gmt":"2019-10-12T08:10:56","guid":{"rendered":"https:\/\/linitiative.ca\/International\/les-andalousies-atlantiques-15-concerts-danthologie-pour-honorer-le-patrimoine-judeo-arabe\/"},"modified":"2019-10-12T04:10:56","modified_gmt":"2019-10-12T08:10:56","slug":"les-andalousies-atlantiques-15-concerts-danthologie-pour-honorer-le-patrimoine-judeo-arabe","status":"publish","type":"post","link":"https:\/\/linitiative.ca\/International\/les-andalousies-atlantiques-15-concerts-danthologie-pour-honorer-le-patrimoine-judeo-arabe\/","title":{"rendered":"\u00abLes Andalousies Atlantiques\u00bb : 15 concerts d\u2019anthologie  pour honorer le patrimoine jud\u00e9o-arabe"},"content":{"rendered":"<p><img decoding=\"async\" class=\"post_layout_5_img\" src=\"http:\/\/aujourdhui.ma\/wp-content\/uploads\/2019\/10\/Samia-Ahmed-Compan%CC%83i%CC%81a-Leonor-Dalila-Meksoub-Asmae-Lazrak.jpg?x29840\" alt=\"\u00abLes Andalousies Atlantiques\u00bb : 15 concerts d\u2019anthologie pour honorer le patrimoine jud\u00e9o-arabe\"\/><\/p>\n<p class=\"p1\"><span class=\"c5\"><strong><span class=\"c4\"><em>Le Festival est pr\u00e9vu du 31 octobre au 3 novembre \u00e0 Essaouira<\/em><\/span><\/strong><\/span> <span id=\"more-319816\"\/><\/p>\n<p class=\"p1\">Le Festival \u00abLes Andalousies Atlantiques\u00bb de retour \u00e0 la ville d\u2019Essaouira du 31 octobre au 3 novembre. Initi\u00e9e par l\u2019Association Essaouira-Mogador, la 16\u00e8me \u00e9dition de ce festival sera marqu\u00e9e par 15 concerts d\u2019anthologie d\u00e9di\u00e9s \u00e0 donner au patrimoine musical jud\u00e9o-arabe ses lettres de noblesse<em>. \u00abLe Festival des Andalousies Atlantiques, c\u2019est au Maroc, au Maghreb et en terre d\u2019Islam que chaque ann\u00e9e des milliers de Musulmans et de Juifs se donnent rendez-vous pendant plusieurs jours pour chanter ensemble, jouer de la musique ensemble et f\u00eater dans la joie leurs histoires partag\u00e9es, leurs m\u00e9moires m\u00eal\u00e9es et leur patrimoine musical interpr\u00e9t\u00e9 \u00e0 4 mains et comme souvent \u00e0 Essaouira alternativement en arabe et en<\/em> <em>h\u00e9breu\u00bb<\/em>, indique l\u2019Association Essaouira-Mogador.<\/p>\n<p class=\"p1\">Pr\u00e9cieuses d\u2019abord avec les femmes mises \u00e0 l\u2019honneur lors de cette nouvelle \u00e9dition, non pas par ph\u00e9nom\u00e8ne de mode mais parce qu\u2019Essaouira a la bonne id\u00e9e de faire miroir et \u00e9cho \u00e0 ces jeunes femmes, chaque ann\u00e9e plus nombreuses \u00e0 se r\u00e9approprier les r\u00e9pertoires les plus embl\u00e9matiques de notre musique andalouse, du chgouri ou du malhoun jud\u00e9o-arabe. Sont ainsi attendues \u00e0 cette manifestation, \u00abSamia Ahmed\u00bb qui propose un voyage musical retra\u00e7ant l\u2019histoire de l\u2019Andalousie et Asmae Lazrak invit\u00e9e \u00e0 revisiter \u00e0 sa fa\u00e7on les qsa\u00efd qui incarnent depuis la nuit des temps ce malhoun jud\u00e9o-arabe.<span class=\"Apple-converted-space\">\u00a0<\/span><\/p>\n<p class=\"p1\">Les festivaliers auront \u00e9galement \u00e0 appr\u00e9cier les prestations de Dalila Meksoub, Line Monty, Salim Halali et Samy Al Maghribi. A l\u2019affiche \u00e9galement Hanae Touk, Tamar Bloch et Chaimae Imran. Cette \u00e9dition fera \u00e9cho aux jeunes \u00e9toiles montantes, \u00e0 savoir Elad Levi, Anas Belhachemi, Yohai Cohen, Salah Eddine Mesbah, Hay Korkos ou Hicham Dinar. Le programme comprend \u00e9galement la Compa\u00f1\u00eda Leonor Realqui qui retrouvera sur sc\u00e8ne l\u2019orchestre Rawafid, l\u2019une des meilleures formations de musique andalouse dirig\u00e9e par Ma\u00eetre Omar Metioui. Raymonde Al Bidaouia, quant \u00e0 ell, va gratifier le public \u00e0 travers<span class=\"Apple-converted-space\">\u00a0<\/span> deux concerts. Outre les soir\u00e9es musicales,<span class=\"Apple-converted-space\">\u00a0<\/span> le Festival des \u00abAndalousies Atlantiques\u00bb, propose des d\u00e9bats dans le cadre de son Forum-Agora et des expositions.<\/p>\n<p>Auteur: ALM<br \/>\n<a href=\"http:\/\/aujourdhui.ma\/culture\/musique\/les-andalousies-atlantiques-15-concerts-danthologie-pour-honorer-le-patrimoine-judeo-arabe\">Cliquez ici pour lire l&rsquo;article depuis sa source.<\/a><\/p>\n","protected":false},"excerpt":{"rendered":"<p>Le Festival est pr\u00e9vu du 31 octobre au 3 novembre \u00e0 Essaouira Le Festival \u00abLes Andalousies Atlantiques\u00bb de retour \u00e0 la ville d\u2019Essaouira du 31 octobre au 3 novembre. Initi\u00e9e par l\u2019Association Essaouira-Mogador, la 16\u00e8me \u00e9dition de ce festival sera marqu\u00e9e par 15 concerts d\u2019anthologie d\u00e9di\u00e9s \u00e0 donner au patrimoine musical jud\u00e9o-arabe ses lettres de [&hellip;]<\/p>\n","protected":false},"author":1759,"featured_media":0,"comment_status":"closed","ping_status":"closed","sticky":false,"template":"","format":"standard","meta":{"fifu_image_url":"","fifu_image_alt":"","footnotes":""},"categories":[73,54],"tags":[],"class_list":["post-64134","post","type-post","status-publish","format-standard","hentry","category-actualite","category-maroc"],"_links":{"self":[{"href":"https:\/\/linitiative.ca\/International\/wp-json\/wp\/v2\/posts\/64134","targetHints":{"allow":["GET"]}}],"collection":[{"href":"https:\/\/linitiative.ca\/International\/wp-json\/wp\/v2\/posts"}],"about":[{"href":"https:\/\/linitiative.ca\/International\/wp-json\/wp\/v2\/types\/post"}],"author":[{"embeddable":true,"href":"https:\/\/linitiative.ca\/International\/wp-json\/wp\/v2\/users\/1759"}],"replies":[{"embeddable":true,"href":"https:\/\/linitiative.ca\/International\/wp-json\/wp\/v2\/comments?post=64134"}],"version-history":[{"count":0,"href":"https:\/\/linitiative.ca\/International\/wp-json\/wp\/v2\/posts\/64134\/revisions"}],"wp:attachment":[{"href":"https:\/\/linitiative.ca\/International\/wp-json\/wp\/v2\/media?parent=64134"}],"wp:term":[{"taxonomy":"category","embeddable":true,"href":"https:\/\/linitiative.ca\/International\/wp-json\/wp\/v2\/categories?post=64134"},{"taxonomy":"post_tag","embeddable":true,"href":"https:\/\/linitiative.ca\/International\/wp-json\/wp\/v2\/tags?post=64134"}],"curies":[{"name":"wp","href":"https:\/\/api.w.org\/{rel}","templated":true}]}}