{"id":64141,"date":"2019-10-12T05:48:26","date_gmt":"2019-10-12T09:48:26","guid":{"rendered":"https:\/\/linitiative.ca\/International\/goyeneche-expose-ses-oeuvres-a-linstitut-cervantes\/"},"modified":"2019-10-12T05:48:26","modified_gmt":"2019-10-12T09:48:26","slug":"goyeneche-expose-ses-oeuvres-a-linstitut-cervantes","status":"publish","type":"post","link":"https:\/\/linitiative.ca\/International\/goyeneche-expose-ses-oeuvres-a-linstitut-cervantes\/","title":{"rendered":"Goyeneche expose ses \u0153uvres \u00e0 l\u2019Institut Cervant\u00e8s"},"content":{"rendered":"<div class=\"single-featured\"><img alt=\"\" data-src=\"http:\/\/www.mapmarrakech.ma\/map\/uploads\/2019\/10\/artiste-espagnol-Arancha.jpg\"\/><\/div>\n<div class=\"single-post-excerpt post-excerpt-bc\" readability=\"33\">\n<p>Marrakech- L\u2019artiste espagnole Arancha Goyeneche expose ses \u0153uvres jusqu\u2019au 6 novembre \u00e0 l\u2019Institut Cervant\u00e8s de Marrakech sous le th\u00e8me \u00ab\u00a0Lieux partag\u00e9s\u00a0\u00bb.<\/p>\n<\/div>\n<div class=\"entry-content clearfix single-post-content\" readability=\"61\">\n<p>L\u2019activit\u00e9 artistique d\u2019Arancha Goyeneche s\u2019est concentr\u00e9e ces derni\u00e8res ann\u00e9es sur la recherche de relations et de connexions de type plastique et iconographique entre les arts artisanaux et ornementaux traditionnels et l\u2019abstraction g\u00e9om\u00e9trique contemporaine.<\/p>\n<p>De cette recherche d\u00e9coule sa s\u00e9rie Sticked painting, o\u00f9 elle \u00e9tablit des liens entre le carreau mud\u00e9jar et l\u2019art contemporain, alliant tradition et avant-garde, puisant son inspiration dans une visite \u00e0 la Casa Pilatos de S\u00e9ville.<\/p>\n<p>La s\u00e9rie est compos\u00e9e de 8 panneaux de 180 x 90 cm. form\u00e9s de petits morceaux de vinyle auto-adh\u00e9sif de 10\u00d710 cm. recr\u00e9ant les qualit\u00e9s vitr\u00e9es de la tuile.<\/p>\n<p>N\u00e9e \u00e0 Santander en 1967, Arancha Goyeneche est dipl\u00f4m\u00e9e de l\u2019\u00c9cole des Beaux-arts de l\u2019Universit\u00e9 du Pays Basque en Espagne.<\/p>\n<p>Depuis les ann\u00e9es 90, elle a pr\u00e9sent\u00e9 son \u0153uvre dans des institutions publiques et dans des galeries d\u2019art et a particip\u00e9 dans des foires d\u2019art contemporain telles que ARCO Madrid, Art Brussels, New Art Barcelona et Art Frankfurt.<\/p>\n<p>On trouve son \u0153uvre dans des collections d\u2019art publiques et priv\u00e9es.<\/p>\n<p>Apr\u00e8s avoir sillonn\u00e9 les instituts Cervant\u00e8s de F\u00e8s et Casablanca, cette exposition d\u2019art contemporain poursuivra ensuite sa tourn\u00e9e \u00e0 Tanger en novembre et T\u00e9touan en d\u00e9cembre.<\/p>\n<\/div>\n<p>Auteur: Mohammed KOURSI<br \/>\n<a href=\"http:\/\/www.mapmarrakech.ma\/fr\/arancha-goyeneche-expose-ses-oeuvres-a-linstitut-cervantes\/\">Cliquez ici pour lire l&rsquo;article depuis sa source.<\/a><\/p>\n","protected":false},"excerpt":{"rendered":"<p>Marrakech- L\u2019artiste espagnole Arancha Goyeneche expose ses \u0153uvres jusqu\u2019au 6 novembre \u00e0 l\u2019Institut Cervant\u00e8s de Marrakech sous le th\u00e8me \u00ab\u00a0Lieux partag\u00e9s\u00a0\u00bb. L\u2019activit\u00e9 artistique d\u2019Arancha Goyeneche s\u2019est concentr\u00e9e ces derni\u00e8res ann\u00e9es sur la recherche de relations et de connexions de type plastique et iconographique entre les arts artisanaux et ornementaux traditionnels et l\u2019abstraction g\u00e9om\u00e9trique contemporaine. De [&hellip;]<\/p>\n","protected":false},"author":1788,"featured_media":64142,"comment_status":"closed","ping_status":"closed","sticky":false,"template":"","format":"standard","meta":{"fifu_image_url":"","fifu_image_alt":"","footnotes":""},"categories":[54,76],"tags":[],"class_list":["post-64141","post","type-post","status-publish","format-standard","has-post-thumbnail","hentry","category-maroc","category-regions"],"_links":{"self":[{"href":"https:\/\/linitiative.ca\/International\/wp-json\/wp\/v2\/posts\/64141","targetHints":{"allow":["GET"]}}],"collection":[{"href":"https:\/\/linitiative.ca\/International\/wp-json\/wp\/v2\/posts"}],"about":[{"href":"https:\/\/linitiative.ca\/International\/wp-json\/wp\/v2\/types\/post"}],"author":[{"embeddable":true,"href":"https:\/\/linitiative.ca\/International\/wp-json\/wp\/v2\/users\/1788"}],"replies":[{"embeddable":true,"href":"https:\/\/linitiative.ca\/International\/wp-json\/wp\/v2\/comments?post=64141"}],"version-history":[{"count":0,"href":"https:\/\/linitiative.ca\/International\/wp-json\/wp\/v2\/posts\/64141\/revisions"}],"wp:featuredmedia":[{"embeddable":true,"href":"https:\/\/linitiative.ca\/International\/wp-json\/"}],"wp:attachment":[{"href":"https:\/\/linitiative.ca\/International\/wp-json\/wp\/v2\/media?parent=64141"}],"wp:term":[{"taxonomy":"category","embeddable":true,"href":"https:\/\/linitiative.ca\/International\/wp-json\/wp\/v2\/categories?post=64141"},{"taxonomy":"post_tag","embeddable":true,"href":"https:\/\/linitiative.ca\/International\/wp-json\/wp\/v2\/tags?post=64141"}],"curies":[{"name":"wp","href":"https:\/\/api.w.org\/{rel}","templated":true}]}}