{"id":64143,"date":"2019-10-12T06:01:45","date_gmt":"2019-10-12T10:01:45","guid":{"rendered":"https:\/\/linitiative.ca\/International\/les-oeuvres-de-mustapha-rafik-sous-les-projecteurs\/"},"modified":"2019-10-12T06:01:45","modified_gmt":"2019-10-12T10:01:45","slug":"les-oeuvres-de-mustapha-rafik-sous-les-projecteurs","status":"publish","type":"post","link":"https:\/\/linitiative.ca\/International\/les-oeuvres-de-mustapha-rafik-sous-les-projecteurs\/","title":{"rendered":"Les oeuvres de Mustapha Rafik sous les projecteurs"},"content":{"rendered":"<div readability=\"34\">\n<p>Essaouira- \u00a0\u00bbLibert\u00e9 des corps-beaux\u00a0\u00bb est l\u2019intitul\u00e9 d\u2019une exposition d\u2019oeuvres plastiques de l\u2019artiste-peintre Mustapha Rafik, dont le vernissage a eu lieu vendredi soir \u00e0 Essaouira.<\/p>\n<\/div>\n<div readability=\"109\">\n<p>Visible jusqu\u2019au 19 courant aux cimaises de l\u2019espace d\u2019exposition Tayeb Sadiki \u00e0 Dar Souiri, cette collection donne \u00e0 voir et \u00e0 appr\u00e9cier une collection in\u00e9dite et riche en couleurs, compos\u00e9e d\u2019une trentaine de toiles de diff\u00e9rents formats, soigneusement confectionn\u00e9es par Mustapha Rafik avec comme th\u00e9matique principale \u00a0\u00bble Corbeau\u00a0\u00bb.<\/p>\n<p>Elle s\u2019inscrit dans le cadre des activit\u00e9s culturelles et artistiques programm\u00e9es au titre du mois d\u2019octobre par l\u2019Association\u00a0Essaouira- Mogador.<\/p>\n<p>\u00ab\u00a0Dix ans pass\u00e9s apr\u00e8s avoir voulu laisser derri\u00e8re lui une partie de sa m\u00e9moire et conc\u00e9der la place au vide. C\u2019est une d\u00e9cennie qu\u2019il a commenc\u00e9e en partie par la d\u00e9construction symbolique de ses acquis des ann\u00e9es pr\u00e9c\u00e9dentes. C\u2019est ainsi que Mustapha Rafik a d\u00e9cid\u00e9 de commencer son chemin vers la reconstruction d\u2019une nouvelle structure sensorielle dans la r\u00e9conciliation avec son \u00eatre\u00a0\u00bb, \u00e9crit \u00e0 ce sujet, Mounir Abdenasser, Ma\u00eetre Criminologue \u00e0 l\u2019Universit\u00e9 de Montr\u00e9al.<\/p>\n<p>Et d\u2019ajouter que cette fois-ci et loin du joli, \u00ab\u00a0l\u2019artiste nous invite \u00e0 partager sa nouvelle exp\u00e9rience artistique et nous interpelle comme spectateurs \u00e0 dialoguer avec la dimension existentielle de son oeuvre. Il nous incite \u00e0 prendre conscience d\u2019un noir qui \u00e9tale ses ailes et prend forme dans son \u00e9lan de vol pour remplir le vide d\u00fb \u00e0 l\u2019absence de la couleur\u00a0\u00bb.<\/p>\n<p>\u00ab\u00a0C\u2019est ainsi que la pr\u00e9sence de ce noir peut \u00eatre pesante des fois, comme elle peut \u00eatre l\u00e9g\u00e8re aussi lors de sa chute. D\u2019un tableau \u00e0 un autre, l\u2019artiste nous pousse \u00e0 questionner et \u00e0 affronter les diff\u00e9rents \u00e9tats d\u2019\u00e2me de ce soir qui peut m\u00eame des fois porter en lui la lumi\u00e8re et promettre d\u2019effleurer la couleur\u00a0\u00bb, a-t-il expliqu\u00e9.<\/p>\n<p>Approch\u00e9 par la MAP, M. Rafik a fait savoir que pour l\u2019intitul\u00e9 de son exposition \u00ab\u00a0corps-beaux\u00a0\u00bb, il utilise un jeu de mots et ce, dans l\u2019objectif de d\u00e9gager la lumi\u00e8re \u00e0 travers la noirceur du corbeau, consid\u00e9r\u00e9 comme \u00ab\u00a0oiseau maudit\u00a0\u00bb.<\/p>\n<p>\u00ab\u00a0J\u2019ai donc essay\u00e9 de l\u2019embellir, de le rendre aim\u00e9 par les spectateurs et les gens qui le voient, et je compte par la suite d\u00e9velopper ce travail autour du Corbeau, mais dans une d\u00e9marche plut\u00f4t symbolique. Une d\u00e9marche dans le symbolisme abstrait\u00a0\u00bb, a-t-il pr\u00e9cis\u00e9, notant qu\u2019il va \u00e9purer encore le Corbeau en le rendant encore moins visible dans ses toiles. \u00ab\u00a0C\u2019est la couleur qui va \u00eatre apparente. Je vais essayer de diverger l\u2019ensemble des couleurs vers le noir\u00a0\u00bb a-t-il dit.<\/p>\n<p>Apr\u00e8s avoir rappel\u00e9 que son travail \u00e9tait dans le symbolisme abstrait, il a soulign\u00e9 qu\u2019il est actuellement sur la gestualit\u00e9. \u00ab\u00a0J\u2019ai marqu\u00e9 une rupture, je me vide de mon pass\u00e9 avant de d\u00e9cider de revenir. J\u2019ai fait une qu\u00eate sur moi-m\u00eame pour voir ce que je peux d\u00e9gager de moi-m\u00eame sans que je sois influenc\u00e9 par d\u2019autres artistes\u00a0\u00bb, a-t-il soulign\u00e9.<\/p>\n<p>Natif de Casablanca en 1970, Mustapha Rafik a fait des \u00e9tudes en Arts Plastiques avant de devenir professeur d\u2019Arts appliqu\u00e9s \u00e0\u00a0Essaouira.<\/p>\n<p>Il dispose \u00e0 son actif de plusieurs participations \u00e0 des manifestations sous forme de collaborations avec la d\u00e9l\u00e9gation de la Culture \u00e0\u00a0Essaouira\u00a0en tant que Commissaire d\u2019exposition \u00a0\u00bbCarrefour des artistes\u00a0\u00bb.<\/p>\n<p>Il a organis\u00e9 plusieurs expositions entre 2004 et 2005 dont \u00a0\u00bbRencontre Mustapha Rafik et Ruggero Gianicomi\u00a0\u00bb, une performance artistique intitul\u00e9e \u00a0\u00bbL\u2019Enigme\u00a0\u00bb sous l\u2019\u00e9gide de l\u2019Alliance franco-marocaine d\u2019Essaouira, une collection collective intitul\u00e9e \u00a0\u00bble courrier s\u2019expose\u00a0\u00bb, et une collection de Michel Bohbot.<\/p>\n<p>En 2007, il organise une exposition individuelle intitul\u00e9e \u00ab\u00a0Signes personnages\u00a0\u00bb \u00e0 l\u2019Alliance franco-marocaine d\u2019Essaouira\u00a0et d\u2019El Jadida.<\/p>\n<\/div>\n<p>Auteur: Mohammed KOURSI<br \/>\n<a href=\"http:\/\/www.mapmarrakech.ma\/fr\/les-oeuvres-de-mustapha-rafik-sous-les-projecteurs\/\">Cliquez ici pour lire l&rsquo;article depuis sa source.<\/a><\/p>\n","protected":false},"excerpt":{"rendered":"<p>Essaouira- \u00a0\u00bbLibert\u00e9 des corps-beaux\u00a0\u00bb est l\u2019intitul\u00e9 d\u2019une exposition d\u2019oeuvres plastiques de l\u2019artiste-peintre Mustapha Rafik, dont le vernissage a eu lieu vendredi soir \u00e0 Essaouira. Visible jusqu\u2019au 19 courant aux cimaises de l\u2019espace d\u2019exposition Tayeb Sadiki \u00e0 Dar Souiri, cette collection donne \u00e0 voir et \u00e0 appr\u00e9cier une collection in\u00e9dite et riche en couleurs, compos\u00e9e d\u2019une [&hellip;]<\/p>\n","protected":false},"author":1788,"featured_media":0,"comment_status":"closed","ping_status":"closed","sticky":false,"template":"","format":"standard","meta":{"fifu_image_url":"","fifu_image_alt":"","footnotes":""},"categories":[54,76],"tags":[],"class_list":["post-64143","post","type-post","status-publish","format-standard","hentry","category-maroc","category-regions"],"_links":{"self":[{"href":"https:\/\/linitiative.ca\/International\/wp-json\/wp\/v2\/posts\/64143","targetHints":{"allow":["GET"]}}],"collection":[{"href":"https:\/\/linitiative.ca\/International\/wp-json\/wp\/v2\/posts"}],"about":[{"href":"https:\/\/linitiative.ca\/International\/wp-json\/wp\/v2\/types\/post"}],"author":[{"embeddable":true,"href":"https:\/\/linitiative.ca\/International\/wp-json\/wp\/v2\/users\/1788"}],"replies":[{"embeddable":true,"href":"https:\/\/linitiative.ca\/International\/wp-json\/wp\/v2\/comments?post=64143"}],"version-history":[{"count":0,"href":"https:\/\/linitiative.ca\/International\/wp-json\/wp\/v2\/posts\/64143\/revisions"}],"wp:attachment":[{"href":"https:\/\/linitiative.ca\/International\/wp-json\/wp\/v2\/media?parent=64143"}],"wp:term":[{"taxonomy":"category","embeddable":true,"href":"https:\/\/linitiative.ca\/International\/wp-json\/wp\/v2\/categories?post=64143"},{"taxonomy":"post_tag","embeddable":true,"href":"https:\/\/linitiative.ca\/International\/wp-json\/wp\/v2\/tags?post=64143"}],"curies":[{"name":"wp","href":"https:\/\/api.w.org\/{rel}","templated":true}]}}