{"id":64145,"date":"2019-10-12T08:54:51","date_gmt":"2019-10-12T12:54:51","guid":{"rendered":"https:\/\/linitiative.ca\/International\/msila-reception-prochaine-de-600-logements-aadl\/"},"modified":"2019-10-12T08:54:51","modified_gmt":"2019-10-12T12:54:51","slug":"msila-reception-prochaine-de-600-logements-aadl","status":"publish","type":"post","link":"https:\/\/linitiative.ca\/International\/msila-reception-prochaine-de-600-logements-aadl\/","title":{"rendered":"M\u2019sila: r\u00e9ception prochaine de 600 logements AADL"},"content":{"rendered":"<p><span class=\"sp-nh-title\">Le CR Belouizdad bat l&rsquo;US Biskra et prend les commandes de la Ligue 1<\/span> &#8211; <span class=\"sp-nh-date\">samedi 12 octobre 2019 19:05<\/span><\/p>\n<p><span class=\"sp-nh-title\">Le ministre des Affaires religieuses se f\u00e9licite de la r\u00e9ussite de la saison de Hadj<\/span> &#8211; <span class=\"sp-nh-date\">samedi 12 octobre 2019 18:55<\/span><\/p>\n<p><span class=\"sp-nh-title\">Mondiaux 2019 des v\u00e9t\u00e9rans de Judo: les Alg\u00e9riens Rouibet et Rabah en argent<\/span> &#8211; <span class=\"sp-nh-date\">samedi 12 octobre 2019 18:48<\/span><\/p>\n<p><span class=\"sp-nh-title\">Championnat d&rsquo;Afrique de Voile : Bouras et Berrichi valident leur billet pour les JO<\/span> &#8211; <span class=\"sp-nh-date\">samedi 12 octobre 2019 18:35<\/span><\/p>\n<p><span class=\"sp-nh-title\">Universit\u00e9 du FCE: le facteur humain doit \u00eatre au centre de la digitalisation des entreprises<\/span> &#8211; <span class=\"sp-nh-date\">samedi 12 octobre 2019 18:24<\/span><\/p>\n<p><span class=\"sp-nh-title\">Paris: grande d\u00e9monstration de soutien au peuple sahraoui, le droit \u00e0 l&rsquo;autod\u00e9termination r\u00e9it\u00e9r\u00e9<\/span> &#8211; <span class=\"sp-nh-date\">samedi 12 octobre 2019 17:53<\/span><\/p>\n<p><span class=\"sp-nh-title\">Le voyage de Sindbad au Th\u00e9\u00e2tre d&rsquo;Oran le 29 octobre<\/span> &#8211; <span class=\"sp-nh-date\">samedi 12 octobre 2019 17:29<\/span><\/p>\n<p><span class=\"sp-nh-title\">Les Sahraouis c\u00e9l\u00e8brent le 44e anniversaire de la d\u00e9claration de l&rsquo;Unit\u00e9 nationale<\/span> &#8211; <span class=\"sp-nh-date\">samedi 12 octobre 2019 17:04<\/span><\/p>\n<p><span class=\"sp-nh-title\">Bernaoui : la formation est le meilleur soutien aux clubs de Football<\/span> &#8211; <span class=\"sp-nh-date\">samedi 12 octobre 2019 16:54<\/span><\/p>\n<p><span class=\"sp-nh-title\">Tournoi international ITF de Tennis de Mostaganem: Abibsi s&rsquo;incline en finale<\/span> &#8211; <span class=\"sp-nh-date\">samedi 12 octobre 2019 16:45<\/span><\/p>\n<p><span class=\"sp-nh-title\">Mila: l\u2019importance d\u2019une participation massive aux prochaines pr\u00e9sidentielles soulign\u00e9e<\/span> &#8211; <span class=\"sp-nh-date\">samedi 12 octobre 2019 16:37<\/span><\/p>\n<p><span class=\"sp-nh-title\">D\u00e9c\u00e8s du Moudjahid Ammar Laggoune<\/span> &#8211; <span class=\"sp-nh-date\">samedi 12 octobre 2019 16:35<\/span><\/p>\n<p><span class=\"sp-nh-title\">Jeux mondiaux militaires: l&rsquo;Alg\u00e9rie pr\u00e9sente avec 87 athl\u00e8tes au rendez-vous de Wuhan<\/span> &#8211; <span class=\"sp-nh-date\">samedi 12 octobre 2019 15:48<\/span><\/p>\n<p><span class=\"sp-nh-title\">Aviron: les Alg\u00e9riens Boudina et A\u00eft Daoud qualifi\u00e9s pour les JO-2020<\/span> &#8211; <span class=\"sp-nh-date\">samedi 12 octobre 2019 15:17<\/span><\/p>\n<p><span class=\"sp-nh-title\">Grande affluence au Digital Job Day \u00e0 Alger<\/span> &#8211; <span class=\"sp-nh-date\">samedi 12 octobre 2019 15:02<\/span><\/p>\n<p><span class=\"sp-nh-title\">Djellab: le gouvernement pr\u00e9pare un \u00e9cosyst\u00e8me favorable aux start-up<\/span> &#8211; <span class=\"sp-nh-date\">samedi 12 octobre 2019 14:49<\/span><\/p>\n<p><span class=\"sp-nh-title\">Tipasa: conf\u00e9rence internationale lundi sur le traitement de l&rsquo;eau<\/span> &#8211; <span class=\"sp-nh-date\">samedi 12 octobre 2019 13:59<\/span><\/p>\n<p><span class=\"sp-nh-title\">L&rsquo;Alg\u00e9rie accueille l&rsquo;atelier r\u00e9gional de formation UIT\/ITSO<\/span> &#8211; <span class=\"sp-nh-date\">samedi 12 octobre 2019 13:57<\/span><\/p>\n<p><span class=\"sp-nh-title\">M\u2019sila: r\u00e9ception prochaine de 600 logements AADL<\/span> &#8211; <span class=\"sp-nh-date\">samedi 12 octobre 2019 13:54<\/span><\/p>\n<p><span class=\"sp-nh-title\">Un \u00e9l\u00e9ment de soutien aux groupes terroristes arr\u00eat\u00e9 \u00e0 Khenchela<\/span> &#8211; <span class=\"sp-nh-date\">samedi 12 octobre 2019 13:42<\/span><\/p>\n<p>Auteur:<br \/>\n<a href=\"http:\/\/www.aps.dz\/regions\/95570-m-sila-reception-prochaine-de-600-logements-aadl\">Cliquez ici pour lire l&rsquo;article depuis sa source.<\/a><\/p>\n","protected":false},"excerpt":{"rendered":"<p>Le CR Belouizdad bat l&rsquo;US Biskra et prend les commandes de la Ligue 1 &#8211; samedi 12 octobre 2019 19:05 Le ministre des Affaires religieuses se f\u00e9licite de la r\u00e9ussite de la saison de Hadj &#8211; samedi 12 octobre 2019 18:55 Mondiaux 2019 des v\u00e9t\u00e9rans de Judo: les Alg\u00e9riens Rouibet et Rabah en argent &#8211; [&hellip;]<\/p>\n","protected":false},"author":1790,"featured_media":0,"comment_status":"closed","ping_status":"closed","sticky":false,"template":"","format":"standard","meta":{"fifu_image_url":"","fifu_image_alt":"","footnotes":""},"categories":[53,76],"tags":[],"class_list":["post-64145","post","type-post","status-publish","format-standard","hentry","category-algerie","category-regions"],"_links":{"self":[{"href":"https:\/\/linitiative.ca\/International\/wp-json\/wp\/v2\/posts\/64145","targetHints":{"allow":["GET"]}}],"collection":[{"href":"https:\/\/linitiative.ca\/International\/wp-json\/wp\/v2\/posts"}],"about":[{"href":"https:\/\/linitiative.ca\/International\/wp-json\/wp\/v2\/types\/post"}],"author":[{"embeddable":true,"href":"https:\/\/linitiative.ca\/International\/wp-json\/wp\/v2\/users\/1790"}],"replies":[{"embeddable":true,"href":"https:\/\/linitiative.ca\/International\/wp-json\/wp\/v2\/comments?post=64145"}],"version-history":[{"count":0,"href":"https:\/\/linitiative.ca\/International\/wp-json\/wp\/v2\/posts\/64145\/revisions"}],"wp:attachment":[{"href":"https:\/\/linitiative.ca\/International\/wp-json\/wp\/v2\/media?parent=64145"}],"wp:term":[{"taxonomy":"category","embeddable":true,"href":"https:\/\/linitiative.ca\/International\/wp-json\/wp\/v2\/categories?post=64145"},{"taxonomy":"post_tag","embeddable":true,"href":"https:\/\/linitiative.ca\/International\/wp-json\/wp\/v2\/tags?post=64145"}],"curies":[{"name":"wp","href":"https:\/\/api.w.org\/{rel}","templated":true}]}}