{"id":64146,"date":"2019-10-12T14:21:25","date_gmt":"2019-10-12T18:21:25","guid":{"rendered":"https:\/\/linitiative.ca\/International\/le-salon-maghrebin-du-livre-fait-la-part-belle-aux-enfants\/"},"modified":"2019-10-12T14:21:25","modified_gmt":"2019-10-12T18:21:25","slug":"le-salon-maghrebin-du-livre-fait-la-part-belle-aux-enfants","status":"publish","type":"post","link":"https:\/\/linitiative.ca\/International\/le-salon-maghrebin-du-livre-fait-la-part-belle-aux-enfants\/","title":{"rendered":"Le Salon Maghr\u00e9bin du Livre fait la part belle aux enfants"},"content":{"rendered":"<p class=\"c1\">La 3\u00e8me \u00e9dition de Salon maghr\u00e9bin du livre \u00ab\u00a0Lettres du Maghreb\u00a0\u00bb, qui se tient du 9 au 13 octobre \u00e0 Oujda, fait la part belle aux enfants de la r\u00e9gion qui viennent assister et profiter, tout au long de cette manifestation culturelle de dimension internationale, d\u2019un programme riche en activit\u00e9s \u00e9ducatives et ludiques.<\/p>\n<p class=\"c1\">Partant de la ferme conviction que la lecture instruit et \u00e9duque, les organisateurs du Salon, avec d\u2019autres partenaires, accordent un int\u00e9r\u00eat tout particulier aux enfants en les pla\u00e7ant au centre de la programmation de cet \u00e9v\u00e8nement.<\/p>\n<p class=\"c1\">En effet, les organisateurs ainsi que les partenaires sont tous conscients de l\u2019importance de faire des salons des livres des endroits attractifs, int\u00e9ressantes et faciles d\u2019acc\u00e8s aux enfants et aux jeunes.<\/p>\n<p class=\"c1\">Cette 3\u00e8me \u00e9dition qui prolonge l\u2019engagement de Lettres du Maghreb pour la promotion de la lecture, se distingue des pr\u00e9c\u00e9dentes en d\u00e9diant tout un espace-chapiteau \u00e0 l\u2019activit\u00e9 enfance. Il s\u2019agit d\u2019un bel espace o\u00f9 les enfants sont excit\u00e9s par les toiles, les dessins, les illustrations et les livres de toutes couleurs.<\/p>\n<p class=\"c1\">La programmation offerte dans cette espace propose des ateliers d\u2019\u00e9veil scientifique, de jeux \u00e9ducatifs, d\u2019arts plastiques et des pr\u00e9sentations de marionnettes. Et c\u2019est \u00e0 partir de 3 ans que les enfants pourront profiter de ces ateliers. Le but est de d\u00e9velopper la curiosit\u00e9 et la cr\u00e9ativit\u00e9 des tout-petits, leurs apprendre des techniques artistiques et enrichir leur \u00e9veil culturel.<\/p>\n<p class=\"c1\">Et pour les coll\u00e9giens, un atelier th\u00e9\u00e2tre est au programme pendant les quatre jours du salon afin de sensibiliser \u00e0 l\u2019art dramatique, mais aussi leur permettre de ma\u00eetriser la gestuelle et de favoriser leur prise de parole en public.<\/p>\n<p class=\"c1\">Selon les organisateurs du Salon, les ateliers d\u00e9di\u00e9s aux enfants de 3 \u00e0 7 ans (arts plastiques, jeux \u00e9ducatifs, jeux de langage, \u00e9veil scientifique, conte et marionnettes) ont pour finalit\u00e9s notamment de d\u00e9velopper la cr\u00e9ativit\u00e9 des enfants en manipulant diff\u00e9rentes mati\u00e8res et textures, susciter la curiosit\u00e9 de l\u2019enfant et d\u00e9velopper sa capacit\u00e9 de raisonnement logique et scientifique.<\/p>\n<p class=\"c1\">Il s\u2019agit \u00e9galement de d\u00e9velopper la capacit\u00e9 langagi\u00e8re de l\u2019enfant et d\u2019enrichir son \u00e9veil culturel, de sensibiliser \u00e0 l\u2019int\u00e9r\u00eat patrimonial, social, et artistique des contes, et de favoriser le d\u00e9veloppement affectif de l\u2019enfant \u00e0 travers la participation des parents dans des activit\u00e9s collectives.<\/p>\n<p class=\"c1\">Dans des d\u00e9clarations \u00e0 la MAP, des animatrices de certains ateliers ont salu\u00e9 cet int\u00e9r\u00eat accord\u00e9 aux enfants et les retomb\u00e9es positifs de cette initiative fort louable des organisateurs du Salon, notant que les activit\u00e9s programm\u00e9es, en fonction de l\u2019\u00e2ge de la cat\u00e9gorie cible, sont de nature \u00e0 attiser la curiosit\u00e9 et le questionnement chez l\u2019enfant et l\u2019inciter \u00e0 observer, \u00e0 identifier, \u00e0 comparer et \u00e0 apprendre.<\/p>\n<p class=\"c1\">Elles ont fait remarquer dans ce sens que les divers ateliers et activit\u00e9s retenus lors de cette \u00e9dition ont rencontr\u00e9 un vif engouement de la part des enfants, mettant l\u2019accent sur les moyens mobilis\u00e9s pour assurer la pleine r\u00e9ussite de ce rendez-vous, et ce dans une ambiance alliant apprentissage et divertissement.<\/p>\n<p>Auteur: Soufiane ELAHMAR<br \/>\n<a href=\"http:\/\/www.mapoujda.ma\/fr\/le-salon-maghrebin-du-livre-fait-la-part-belle-aux-enfants\/\">Cliquez ici pour lire l&rsquo;article depuis sa source.<\/a><\/p>\n","protected":false},"excerpt":{"rendered":"<p>La 3\u00e8me \u00e9dition de Salon maghr\u00e9bin du livre \u00ab\u00a0Lettres du Maghreb\u00a0\u00bb, qui se tient du 9 au 13 octobre \u00e0 Oujda, fait la part belle aux enfants de la r\u00e9gion qui viennent assister et profiter, tout au long de cette manifestation culturelle de dimension internationale, d\u2019un programme riche en activit\u00e9s \u00e9ducatives et ludiques. Partant de [&hellip;]<\/p>\n","protected":false},"author":1788,"featured_media":0,"comment_status":"closed","ping_status":"closed","sticky":false,"template":"","format":"standard","meta":{"fifu_image_url":"","fifu_image_alt":"","footnotes":""},"categories":[54,76],"tags":[],"class_list":["post-64146","post","type-post","status-publish","format-standard","hentry","category-maroc","category-regions"],"_links":{"self":[{"href":"https:\/\/linitiative.ca\/International\/wp-json\/wp\/v2\/posts\/64146","targetHints":{"allow":["GET"]}}],"collection":[{"href":"https:\/\/linitiative.ca\/International\/wp-json\/wp\/v2\/posts"}],"about":[{"href":"https:\/\/linitiative.ca\/International\/wp-json\/wp\/v2\/types\/post"}],"author":[{"embeddable":true,"href":"https:\/\/linitiative.ca\/International\/wp-json\/wp\/v2\/users\/1788"}],"replies":[{"embeddable":true,"href":"https:\/\/linitiative.ca\/International\/wp-json\/wp\/v2\/comments?post=64146"}],"version-history":[{"count":0,"href":"https:\/\/linitiative.ca\/International\/wp-json\/wp\/v2\/posts\/64146\/revisions"}],"wp:attachment":[{"href":"https:\/\/linitiative.ca\/International\/wp-json\/wp\/v2\/media?parent=64146"}],"wp:term":[{"taxonomy":"category","embeddable":true,"href":"https:\/\/linitiative.ca\/International\/wp-json\/wp\/v2\/categories?post=64146"},{"taxonomy":"post_tag","embeddable":true,"href":"https:\/\/linitiative.ca\/International\/wp-json\/wp\/v2\/tags?post=64146"}],"curies":[{"name":"wp","href":"https:\/\/api.w.org\/{rel}","templated":true}]}}