{"id":64155,"date":"2019-10-12T15:14:05","date_gmt":"2019-10-12T19:14:05","guid":{"rendered":"https:\/\/linitiative.ca\/International\/international-edf-la-mise-au-point-de-deschamps-sur-benzema\/"},"modified":"2019-10-12T15:14:05","modified_gmt":"2019-10-12T19:14:05","slug":"international-edf-la-mise-au-point-de-deschamps-sur-benzema","status":"publish","type":"post","link":"https:\/\/linitiative.ca\/International\/international-edf-la-mise-au-point-de-deschamps-sur-benzema\/","title":{"rendered":"International : EdF: La mise au point de Deschamps sur Benzema !"},"content":{"rendered":"<div readability=\"32\">\n<p>Auteur : <span class=\"time\">samedi 12 octobre 2019 14:10<\/span><\/p>\n<\/div>\n<div id=\"post_core\" readability=\"42\">\n<p>Si Karim Benzema reste un buteur hors pair au Real Madrid, il n\u2019en est rien en \u00e9quipe de France. L\u2019attaquant madril\u00e8ne n\u2019a plus go\u00fbt\u00e9 aux joies d\u2019une s\u00e9lection depuis plus de quatre ans pour des raisons assez simples. Ses affaires extra-sportives ou ses accusations de racisme auraient ainsi convaincu Didier Deschamps de ne plus faire appel \u00e0 ses services. Mais lors d\u2019un reportage consacr\u00e9 au s\u00e9lectionneur national, ce dernier tient \u00e0 mettre les choses sur sa d\u00e9cision d\u2019exclure Benzema: \u00abC\u2019est un choix sportif, point barre ! Je pense que ce n\u2019est pas un bien pour l\u2019\u00e9quipe de France. Je n\u2019ai pas dit que c\u2019\u00e9tait un mal. Ce n\u2019est pas non plus pour mon plaisir ou \u00e0 l\u2019encontre de\u2026 Mais c\u2019est parce que je consid\u00e8re les choses par rapport \u00e0 l\u2019\u00e9quipe de France et ce que repr\u00e9sente ce maillot. C\u2019est tout. Il n\u2019y a qu\u2019une v\u00e9rit\u00e9 dans la vie. Il peut y avoir plusieurs versions, mais une seule v\u00e9rit\u00e9. J\u2019ai beaucoup de mal avec ceux qui veulent faire croire que c\u2019est la v\u00e9rit\u00e9. Les accusations de racisme ? Cela d\u00e9passe tout entendement, je ne suis pas dans le football pour \u00e7a.\u00bb clame haut et fort Didier Deschamps sur les antennes de TF1 et comme rapport\u00e9 par Le 10 Sport.<\/p>\n<p><strong>Publi\u00e9 dans :<\/strong> <span>benzema<\/span> <span>deschamps<\/span><\/p>\n<\/div>\n<p>Auteur:<br \/>\n<a href=\"http:\/\/www.lebuteur.com\/article\/detail?titre=edf-la-mise-au-point-de-deschamps-sur-benzema&#038;id=92273&#038;utm_source=feedburner&#038;utm_medium=feed&#038;utm_campaign=Feed%3A+GalerieFArtciles+%28Les+derniers+articles++-+lebuteur.com%29\">Cliquez ici pour lire l&rsquo;article depuis sa source.<\/a><\/p>\n","protected":false},"excerpt":{"rendered":"<p>Auteur : samedi 12 octobre 2019 14:10 Si Karim Benzema reste un buteur hors pair au Real Madrid, il n\u2019en est rien en \u00e9quipe de France. L\u2019attaquant madril\u00e8ne n\u2019a plus go\u00fbt\u00e9 aux joies d\u2019une s\u00e9lection depuis plus de quatre ans pour des raisons assez simples. Ses affaires extra-sportives ou ses accusations de racisme auraient ainsi [&hellip;]<\/p>\n","protected":false},"author":1738,"featured_media":64156,"comment_status":"closed","ping_status":"closed","sticky":false,"template":"","format":"standard","meta":{"fifu_image_url":"","fifu_image_alt":"","footnotes":""},"categories":[53,75],"tags":[],"class_list":["post-64155","post","type-post","status-publish","format-standard","has-post-thumbnail","hentry","category-algerie","category-sport"],"_links":{"self":[{"href":"https:\/\/linitiative.ca\/International\/wp-json\/wp\/v2\/posts\/64155","targetHints":{"allow":["GET"]}}],"collection":[{"href":"https:\/\/linitiative.ca\/International\/wp-json\/wp\/v2\/posts"}],"about":[{"href":"https:\/\/linitiative.ca\/International\/wp-json\/wp\/v2\/types\/post"}],"author":[{"embeddable":true,"href":"https:\/\/linitiative.ca\/International\/wp-json\/wp\/v2\/users\/1738"}],"replies":[{"embeddable":true,"href":"https:\/\/linitiative.ca\/International\/wp-json\/wp\/v2\/comments?post=64155"}],"version-history":[{"count":0,"href":"https:\/\/linitiative.ca\/International\/wp-json\/wp\/v2\/posts\/64155\/revisions"}],"wp:featuredmedia":[{"embeddable":true,"href":"https:\/\/linitiative.ca\/International\/wp-json\/"}],"wp:attachment":[{"href":"https:\/\/linitiative.ca\/International\/wp-json\/wp\/v2\/media?parent=64155"}],"wp:term":[{"taxonomy":"category","embeddable":true,"href":"https:\/\/linitiative.ca\/International\/wp-json\/wp\/v2\/categories?post=64155"},{"taxonomy":"post_tag","embeddable":true,"href":"https:\/\/linitiative.ca\/International\/wp-json\/wp\/v2\/tags?post=64155"}],"curies":[{"name":"wp","href":"https:\/\/api.w.org\/{rel}","templated":true}]}}