{"id":64159,"date":"2019-10-11T20:00:00","date_gmt":"2019-10-12T00:00:00","guid":{"rendered":"https:\/\/linitiative.ca\/International\/forum-des-mae-de-lunion-pour-la-mediterranee-a-barcelone-m-boukadoum-sentretient-avec-plusieurs-responsables\/"},"modified":"2019-10-11T20:00:00","modified_gmt":"2019-10-12T00:00:00","slug":"forum-des-mae-de-lunion-pour-la-mediterranee-a-barcelone-m-boukadoum-sentretient-avec-plusieurs-responsables","status":"publish","type":"post","link":"https:\/\/linitiative.ca\/International\/forum-des-mae-de-lunion-pour-la-mediterranee-a-barcelone-m-boukadoum-sentretient-avec-plusieurs-responsables\/","title":{"rendered":"Forum des MAE de l\u2019Union  pour la M\u00e9diterran\u00e9e \u00e0 Barcelone :  M. Boukadoum s\u2019entretient  avec plusieurs responsables"},"content":{"rendered":"<p>Le ministre des Affaires \u00e9trang\u00e8res, Sabri Boukadoum, s&rsquo;est entretenu, jeudi dernier \u00e0 Barcelone, avec le secr\u00e9taire g\u00e9n\u00e9ral de l&rsquo;Union pour la M\u00e9diterran\u00e9e (UPM), Nasser Kamel.<\/p>\n<div readability=\"72\">\n<p>L\u2019entretien a eu lieu en marge de la participation du chef de la diplomatie au 4e Forum des minist\u00e8res des Affaires \u00e9trang\u00e8res des pays membres de l&rsquo;UPM.<\/p>\n<p>\u00a0L&rsquo;entretien a port\u00e9 sur le \u00ab\u00a0r\u00f4le de l&rsquo;Alg\u00e9rie dans l&rsquo;espace m\u00e9diterran\u00e9en ainsi que sur les perspectives de coop\u00e9ration entre l&rsquo;Alg\u00e9rie et le secr\u00e9tariat g\u00e9n\u00e9ral de l&rsquo;UPM.\u00a0<\/p>\n<p>Le ministre s&rsquo;est aussi entretenu avec le secr\u00e9taire g\u00e9n\u00e9ral de la Ligue des Etats arabes, Ahmed Abou El-Ghe\u00eft sur \u00ab\u00a0la situation qui pr\u00e9vaut actuellement dans le monde arabe\u00a0\u00bb. Le chef de la diplomatie alg\u00e9rienne a invit\u00e9, \u00e0 cette occasion, M. Abou El-Ghe\u00eft, \u00e0 effectuer une visite en Alg\u00e9rie.<\/p>\n<p>Le ministre s&rsquo;est \u00e9galement entretenu avec son homologue tunisien, Khemaies Jhinaoui, \u00e9voquant, outre les questions bilat\u00e9rales, la situation en Libye. Ils ont insist\u00e9 sur \u00ab\u00a0le r\u00f4le central et incontournable des Libyens eux-m\u00eames, avec le soutien des pays voisins, dans le processus de r\u00e8glement de la crise qui pr\u00e9vaut dans ce pays fr\u00e8re\u00a0\u00bb.<\/p>\n<p>M. Boukadoum s&rsquo;est \u00e9galement entretenu avec son homologue espagnol, Josep Borrell Fontelles, \u00e0 propos des relations bilat\u00e9rales ainsi que sur les voies et moyens \u00e0 m\u00eame de permettre le renforcement de la coop\u00e9ration entre les deux pays. Il a fait part des derni\u00e8res mesures prises par le gouvernement en vue d&rsquo;am\u00e9liorer le climat des affaires. Les deux ministres ont \u00e9galement abord\u00e9 la coop\u00e9ration euro-m\u00e9diterran\u00e9enne dans ses divers domaines, ainsi que la situation qui pr\u00e9vaut dans l&rsquo;espace m\u00e9diterran\u00e9en, notamment les crises en Syrie, en Libye et dans la r\u00e9gion du Sahel.\u00a0<\/p>\n<p>M. Boukadoum s&rsquo;est par ailleurs entretenu avec son homologue portugais, Augusto Santos Silva, ce qui a permis de \u00ab\u00a0passer en revue les questions inh\u00e9rentes \u00e0 la coop\u00e9ration bilat\u00e9rale\u00a0\u00bb et \u00ab\u00a0d&rsquo;\u00e9changer sur les questions internationales d&rsquo;int\u00e9r\u00eat commun, notamment sur la situation en Libye\u00a0\u00bb.<\/p>\n<p>Le ministre s&rsquo;est entretenu avec ses homologues slov\u00e8ne et albanais, respectivement, Miro Cerar et Gent Cakaj.\u00a0<\/p>\n<p>L&rsquo;entretien avec le vice-Premier ministre, ministre des Affaires \u00e9trang\u00e8res slov\u00e8ne a port\u00e9 sur \u00ab\u00a0les relations bilat\u00e9rales\u00a0\u00bb, ainsi que sur \u00ab\u00a0les voies et moyens \u00e0 m\u00eame de permettre le renforcement de la coop\u00e9ration et la diversification des \u00e9changes entre les deux pays\u00a0\u00bb. Il a permis \u00e9galement aux deux ministres \u00ab\u00a0d&rsquo;\u00e9changer sur plusieurs questions r\u00e9gionales et internationales d&rsquo;int\u00e9r\u00eat commun, notamment la crise libyenne, la situation au Sahel et l&rsquo;immigration clandestine\u00a0\u00bb.\u00a0<\/p>\n<p>L&rsquo;entretien du ministre avec son homologue albanais a permis aux deux parties de \u00ab\u00a0passer en revue les questions inh\u00e9rentes \u00e0 la coop\u00e9ration bilat\u00e9rale\u00a0\u00bb. Les deux ministres ont convenu, \u00e0 l&rsquo;occasion, \u00ab\u00a0d&rsquo;\u0153uvrer, de concert, pour les d\u00e9velopper et les promouvoir davantage\u00a0\u00bb. La rencontre a permis \u00e9galement aux deux ministres d&rsquo;\u00e9changer sur \u00ab\u00a0le partenariat euro-m\u00e9diterran\u00e9en, ainsi que sur la pr\u00e9sidence albanaise prochaine de l&rsquo;Organisation pour la s\u00e9curit\u00e9 et la coop\u00e9ration en Europe\u00a0\u00bb.<\/p>\n<\/div>\n<p>Auteur: elmoudjahid<br \/>\n<a href=\"http:\/\/www.elmoudjahid.com\/fr\/actualites\/143065\">Cliquez ici pour lire l&rsquo;article depuis sa source.<\/a><\/p>\n","protected":false},"excerpt":{"rendered":"<p>Le ministre des Affaires \u00e9trang\u00e8res, Sabri Boukadoum, s&rsquo;est entretenu, jeudi dernier \u00e0 Barcelone, avec le secr\u00e9taire g\u00e9n\u00e9ral de l&rsquo;Union pour la M\u00e9diterran\u00e9e (UPM), Nasser Kamel. L\u2019entretien a eu lieu en marge de la participation du chef de la diplomatie au 4e Forum des minist\u00e8res des Affaires \u00e9trang\u00e8res des pays membres de l&rsquo;UPM. \u00a0L&rsquo;entretien a port\u00e9 [&hellip;]<\/p>\n","protected":false},"author":1744,"featured_media":0,"comment_status":"closed","ping_status":"closed","sticky":false,"template":"","format":"standard","meta":{"fifu_image_url":"","fifu_image_alt":"","footnotes":""},"categories":[73,53],"tags":[],"class_list":["post-64159","post","type-post","status-publish","format-standard","hentry","category-actualite","category-algerie"],"_links":{"self":[{"href":"https:\/\/linitiative.ca\/International\/wp-json\/wp\/v2\/posts\/64159","targetHints":{"allow":["GET"]}}],"collection":[{"href":"https:\/\/linitiative.ca\/International\/wp-json\/wp\/v2\/posts"}],"about":[{"href":"https:\/\/linitiative.ca\/International\/wp-json\/wp\/v2\/types\/post"}],"author":[{"embeddable":true,"href":"https:\/\/linitiative.ca\/International\/wp-json\/wp\/v2\/users\/1744"}],"replies":[{"embeddable":true,"href":"https:\/\/linitiative.ca\/International\/wp-json\/wp\/v2\/comments?post=64159"}],"version-history":[{"count":0,"href":"https:\/\/linitiative.ca\/International\/wp-json\/wp\/v2\/posts\/64159\/revisions"}],"wp:attachment":[{"href":"https:\/\/linitiative.ca\/International\/wp-json\/wp\/v2\/media?parent=64159"}],"wp:term":[{"taxonomy":"category","embeddable":true,"href":"https:\/\/linitiative.ca\/International\/wp-json\/wp\/v2\/categories?post=64159"},{"taxonomy":"post_tag","embeddable":true,"href":"https:\/\/linitiative.ca\/International\/wp-json\/wp\/v2\/tags?post=64159"}],"curies":[{"name":"wp","href":"https:\/\/api.w.org\/{rel}","templated":true}]}}