{"id":64161,"date":"2019-10-11T20:00:00","date_gmt":"2019-10-12T00:00:00","guid":{"rendered":"https:\/\/linitiative.ca\/International\/algerie-danemark-des-relations-privilegiees\/"},"modified":"2019-10-11T20:00:00","modified_gmt":"2019-10-12T00:00:00","slug":"algerie-danemark-des-relations-privilegiees","status":"publish","type":"post","link":"https:\/\/linitiative.ca\/International\/algerie-danemark-des-relations-privilegiees\/","title":{"rendered":"Alg\u00e9rie &#8211; Danemark :  Des relations privil\u00e9gi\u00e9es"},"content":{"rendered":"<p>Le ministre du Commerce, Sa\u00efd Djellab, a re\u00e7u, jeudi dernier \u00e0 Alger, l&rsquo;ambassadrice du Danemark \u00e0 Alger, Vanessa Vega Saenz, avec laquelle il a examin\u00e9 les voies et moyens \u00e0 m\u00eame de renforcer et de d\u00e9velopper la coop\u00e9ration bilat\u00e9ral. Saluant \u00ab\u00a0les relations privil\u00e9gi\u00e9es\u00a0\u00bb qui lient les deux pays, l&rsquo;ambassadrice s&rsquo;est f\u00e9licit\u00e9 du travail consenti dans le but de mener \u00e0 bien les partenariats \u00e9conomiques entre op\u00e9rateurs \u00e9conomiques des deux pays, \u00e0 la faveur des facilit\u00e9s mises \u00e0 disposition et du climat propice \u00e0 l&rsquo;investissement en Alg\u00e9rie. Pour sa part, M. Djellab a mis en relief l&rsquo;efficience du partenariat alg\u00e9ro-danois, saluant le volume des investissements danois r\u00e9alis\u00e9s en Alg\u00e9rie et les projets \u00e0 mettre en \u0153uvre, notamment dans la fili\u00e8re agro-alimentaire et le secteur agricole. Le ministre a fait savoir que son secteur \u00e9tait pleinement dispos\u00e9 \u00e0 poursuivre les concertations entre les deux pays, en vue de cr\u00e9er des opportunit\u00e9s d&rsquo;investissement plus solides et de renouer le contact entre op\u00e9rateurs des deux pays. M. Djellab a fait part de son souci d&rsquo;accro\u00eetre le volume des exportations hors hydrocarbures, de cr\u00e9er des m\u00e9canismes pour de nouveaux partenariats et d&rsquo;accompagner les exportateurs alg\u00e9riens pour acc\u00e9der au march\u00e9 danois et aux march\u00e9s de la r\u00e9gion, en recourant aux r\u00e9seaux de la grande distribution. Les deux partis ont convenu, lors de cette audience, de l&rsquo;imp\u00e9ratif \u00e9change de visites entre les hommes d&rsquo;affaires des deux pays en vue de s&rsquo;enqu\u00e9rir des opportunit\u00e9s d&rsquo;investissement disponibles et transf\u00e9rer et \u00e9changer les expertises dans tous les domaines, conclut la m\u00eame source.<\/p>\n<div class=\"ModliArtilUne\">\n<ul>\n<li><strong>Publi\u00e9 dans :<\/strong><\/li>\n<\/ul>\n<\/div>\n<div class=\"MbComIns\" id=\"newcom\" readability=\"5.69402985075\">\n<h6>DONNEZ VOTRE AVIS<\/h6>\n<p>Il n&rsquo;y a actuellement aucune r\u00e9action \u00e0 cette information. Soyez le premier \u00e0 r\u00e9agir !<\/p>\n<p><a href=\"\" rel=\"#popup\" class=\"login resetbutton\">Identifiez-vous<\/a><a class=\"button\" href=\"http:\/\/www.elmoudjahid.com\/fr\/inscription\/\"><span>S&rsquo;inscrire<\/span><\/a><\/p>\n<\/div>\n<p>Auteur: elmoudjahid<br \/>\n<a href=\"http:\/\/www.elmoudjahid.com\/fr\/actualites\/143067\">Cliquez ici pour lire l&rsquo;article depuis sa source.<\/a><\/p>\n","protected":false},"excerpt":{"rendered":"<p>Le ministre du Commerce, Sa\u00efd Djellab, a re\u00e7u, jeudi dernier \u00e0 Alger, l&rsquo;ambassadrice du Danemark \u00e0 Alger, Vanessa Vega Saenz, avec laquelle il a examin\u00e9 les voies et moyens \u00e0 m\u00eame de renforcer et de d\u00e9velopper la coop\u00e9ration bilat\u00e9ral. Saluant \u00ab\u00a0les relations privil\u00e9gi\u00e9es\u00a0\u00bb qui lient les deux pays, l&rsquo;ambassadrice s&rsquo;est f\u00e9licit\u00e9 du travail consenti dans [&hellip;]<\/p>\n","protected":false},"author":1744,"featured_media":0,"comment_status":"closed","ping_status":"closed","sticky":false,"template":"","format":"standard","meta":{"fifu_image_url":"","fifu_image_alt":"","footnotes":""},"categories":[73,53],"tags":[],"class_list":["post-64161","post","type-post","status-publish","format-standard","hentry","category-actualite","category-algerie"],"_links":{"self":[{"href":"https:\/\/linitiative.ca\/International\/wp-json\/wp\/v2\/posts\/64161","targetHints":{"allow":["GET"]}}],"collection":[{"href":"https:\/\/linitiative.ca\/International\/wp-json\/wp\/v2\/posts"}],"about":[{"href":"https:\/\/linitiative.ca\/International\/wp-json\/wp\/v2\/types\/post"}],"author":[{"embeddable":true,"href":"https:\/\/linitiative.ca\/International\/wp-json\/wp\/v2\/users\/1744"}],"replies":[{"embeddable":true,"href":"https:\/\/linitiative.ca\/International\/wp-json\/wp\/v2\/comments?post=64161"}],"version-history":[{"count":0,"href":"https:\/\/linitiative.ca\/International\/wp-json\/wp\/v2\/posts\/64161\/revisions"}],"wp:attachment":[{"href":"https:\/\/linitiative.ca\/International\/wp-json\/wp\/v2\/media?parent=64161"}],"wp:term":[{"taxonomy":"category","embeddable":true,"href":"https:\/\/linitiative.ca\/International\/wp-json\/wp\/v2\/categories?post=64161"},{"taxonomy":"post_tag","embeddable":true,"href":"https:\/\/linitiative.ca\/International\/wp-json\/wp\/v2\/tags?post=64161"}],"curies":[{"name":"wp","href":"https:\/\/api.w.org\/{rel}","templated":true}]}}