{"id":64164,"date":"2019-10-12T13:35:11","date_gmt":"2019-10-12T17:35:11","guid":{"rendered":"https:\/\/linitiative.ca\/International\/95585-championnat-d-afrique-de-voile-bouras-et-berrichi-valident-leur-billet-pour-les-jo\/"},"modified":"2019-10-12T13:35:11","modified_gmt":"2019-10-12T17:35:11","slug":"95585-championnat-d-afrique-de-voile-bouras-et-berrichi-valident-leur-billet-pour-les-jo","status":"publish","type":"post","link":"https:\/\/linitiative.ca\/International\/95585-championnat-d-afrique-de-voile-bouras-et-berrichi-valident-leur-billet-pour-les-jo\/","title":{"rendered":"Championnat d&rsquo;Afrique de Voile : Bouras et Berrichi valident leur billet pour les JO"},"content":{"rendered":"<div readability=\"36\">\n<p><strong>ALGER &#8211; Les v\u00e9liplanchistes alg\u00e9riens Hamza Bouras et Amina Berrichi ont valid\u00e9 ce samedi leur billet pour les Jeux olympiques JO-2020 de Tokyo dans la sp\u00e9cialit\u00e9 RSX, lors de la 5e et derni\u00e8re journ\u00e9e du championnat d&rsquo;Afrique de voile, qualificatif au rendez-vous olympique.<\/strong><\/p>\n<\/div>\n<div readability=\"67\">\n<p>Bouras a remport\u00e9 la derni\u00e8re \u00e9preuve inscrite au programme de cette ultime\u00a0 journ\u00e9e \u00ab\u00a0Medal Race\u00a0\u00bb, devant le Seychellois John Marc Gardet, alors que son compatriote Ramzi Boudjatit a compl\u00e9t\u00e9 le podium.<\/p>\n<p>Bouras (32 ans), soci\u00e9taire du Amal Marsa,\u00a0 avait d\u00e9j\u00e0 pris part aux derniers JO-2016 disput\u00e9s \u00e0 Rio de Janeiro.<\/p>\n<p>De son c\u00f4t\u00e9, Amina Berrichi a termin\u00e9 sur la plus haute marche du podium, devan\u00e7ant l&rsquo;Egyptienne Cherifa R\u00e9da et l&rsquo;autre alg\u00e9rienne Katia Bellab\u00e8s.<\/p>\n<p>En revanche, l&rsquo;\u00e9quipe nationale de voile n&rsquo;aura aucun repr\u00e9sentant dans la discipline Laser (Radial, Standard) aux JO-2020, apr\u00e8s l&rsquo;\u00e9chec des athl\u00e8tes alg\u00e9riens \u00e0 se qualifier.<\/p>\n<p>Cinquante (50) athl\u00e8tes (hommes et femmes) de 9 pays ont pris part \u00e0 cette comp\u00e9tition \u00e0 savoir l&rsquo;Alg\u00e9rie (organisateur), le Maroc, la Tunisie, l&rsquo;Egypte, les Seychelles, Maurice, la Tanzanie, le Mozambique et l&rsquo;Angola.<\/p>\n<p>Pour rappel, l&rsquo;Alg\u00e9rie abrite pour la deuxi\u00e8me fois cons\u00e9cutive le championnat d&rsquo;Afrique de voile qualifiant aux olympiades.<\/p>\n<\/div>\n<p>Auteur:<br \/>\n<a href=\"http:\/\/www.aps.dz\/sport\/95585-championnat-d-afrique-de-voile-bouras-et-berrichi-valident-leur-billet-pour-les-jo?utm_source=feedburner&#038;utm_medium=feed&#038;utm_campaign=Feed%3A+aps-sport+%28APS+-+SPORT%29\">Cliquez ici pour lire l&rsquo;article depuis sa source.<\/a><\/p>\n","protected":false},"excerpt":{"rendered":"<p>ALGER &#8211; Les v\u00e9liplanchistes alg\u00e9riens Hamza Bouras et Amina Berrichi ont valid\u00e9 ce samedi leur billet pour les Jeux olympiques JO-2020 de Tokyo dans la sp\u00e9cialit\u00e9 RSX, lors de la 5e et derni\u00e8re journ\u00e9e du championnat d&rsquo;Afrique de voile, qualificatif au rendez-vous olympique. Bouras a remport\u00e9 la derni\u00e8re \u00e9preuve inscrite au programme de cette ultime\u00a0 [&hellip;]<\/p>\n","protected":false},"author":1790,"featured_media":0,"comment_status":"closed","ping_status":"closed","sticky":false,"template":"","format":"standard","meta":{"fifu_image_url":"","fifu_image_alt":"","footnotes":""},"categories":[53,75],"tags":[],"class_list":["post-64164","post","type-post","status-publish","format-standard","hentry","category-algerie","category-sport"],"_links":{"self":[{"href":"https:\/\/linitiative.ca\/International\/wp-json\/wp\/v2\/posts\/64164","targetHints":{"allow":["GET"]}}],"collection":[{"href":"https:\/\/linitiative.ca\/International\/wp-json\/wp\/v2\/posts"}],"about":[{"href":"https:\/\/linitiative.ca\/International\/wp-json\/wp\/v2\/types\/post"}],"author":[{"embeddable":true,"href":"https:\/\/linitiative.ca\/International\/wp-json\/wp\/v2\/users\/1790"}],"replies":[{"embeddable":true,"href":"https:\/\/linitiative.ca\/International\/wp-json\/wp\/v2\/comments?post=64164"}],"version-history":[{"count":0,"href":"https:\/\/linitiative.ca\/International\/wp-json\/wp\/v2\/posts\/64164\/revisions"}],"wp:attachment":[{"href":"https:\/\/linitiative.ca\/International\/wp-json\/wp\/v2\/media?parent=64164"}],"wp:term":[{"taxonomy":"category","embeddable":true,"href":"https:\/\/linitiative.ca\/International\/wp-json\/wp\/v2\/categories?post=64164"},{"taxonomy":"post_tag","embeddable":true,"href":"https:\/\/linitiative.ca\/International\/wp-json\/wp\/v2\/tags?post=64164"}],"curies":[{"name":"wp","href":"https:\/\/api.w.org\/{rel}","templated":true}]}}