{"id":64178,"date":"2019-10-12T06:00:00","date_gmt":"2019-10-12T10:00:00","guid":{"rendered":"https:\/\/linitiative.ca\/International\/les-assiettes-des-bidonvilles-a-la-rescousse\/"},"modified":"2019-10-12T06:00:00","modified_gmt":"2019-10-12T10:00:00","slug":"les-assiettes-des-bidonvilles-a-la-rescousse","status":"publish","type":"post","link":"https:\/\/linitiative.ca\/International\/les-assiettes-des-bidonvilles-a-la-rescousse\/","title":{"rendered":"Les assiettes des bidonvilles \u00e0 la rescousse"},"content":{"rendered":"<div class=\"picture\"><img class=\"lazy\" data-original=\"\/data\/images\/article\/thumbs\/d-les-assiettes-des-bidonvilles-a-la-rescousse-89579.jpg\"\/>\n<\/div>\n<p>Face au retard accus\u00e9 dans la r\u00e9alisation des projets dans le secteur de l\u2019habitat, le gouvernement prend la d\u00e9cision d\u2019utiliser les assiettes fonci\u00e8res sur lesquelles \u00e9taient \u00e9rig\u00e9s des bidonvilles ras\u00e9s, notamment dans la capitale.<br \/>Nawal Im\u00e8s &#8211; Alger (Le Soir) &#8211; La mise en \u0153uvre des programmes dans le cadre de la formule AADL conna\u00eet un retard certain. Au niveau de la capitale, c\u2019est la disponibilit\u00e9 du foncier qui se place en t\u00eate des entraves rencontr\u00e9es. Pour tenter d\u2019y rem\u00e9dier, une r\u00e9union interminist\u00e9rielle a r\u00e9uni jeudi dernier le Premier ministre, le ministre de l\u2019Habitat et plusieurs de ses coll\u00e8gues ainsi que les walis d&rsquo;Alger, de Boumerd\u00e8s et de Tipasa.<br \/>La commission ad hoc qui avait \u00e9t\u00e9 charg\u00e9e de trouver des solutions au sujet de la p\u00e9nurie d\u2019assiettes fonci\u00e8res a propos\u00e9 de r\u00e9cup\u00e9rer les assiettes sur lesquelles \u00e9taient \u00e9rig\u00e9s des bidonvilles. Sur les 195 836 logements pr\u00e9vus dans la wilaya, 71 434 unit\u00e9s ont \u00e9t\u00e9 r\u00e9alis\u00e9es et 80 079 autres sont toujours en cours de parach\u00e8vement, dont 44 323 unit\u00e9s pour le programme AADL.<br \/>Pour tenter de les achever sans trop de retard, le Premier ministre a donn\u00e9 des instructions appelant \u00e0 \u00abl&rsquo;acc\u00e9l\u00e9ration de la cadence de r\u00e9alisation des programmes de logements, prendre les mesures juridiques en vigueur \u00e0 l&rsquo;encontre des entreprises ayant manqu\u00e9 \u00e0 leurs engagements contractuels, \u00e0 travers la r\u00e9siliation imm\u00e9diate des contrats de r\u00e9alisation, et l&rsquo;activation des d\u00e9cisions du gouvernement accordant la priorit\u00e9 aux entreprises nationales en mati\u00e8re de r\u00e9alisation et de production, notamment les start-up\u00bb.<br \/>Le Premier ministre, \u00e9voquant la politique du logement, a mis l&rsquo;accent sur \u00abla n\u00e9cessit\u00e9 de l&rsquo;adapter dans le cadre d&rsquo;une strat\u00e9gie graduelle qui vise \u00e0 instaurer une v\u00e9ritable dynamique \u00e9conomique \u00e0 travers la cr\u00e9ation d&rsquo;un march\u00e9 immobilier efficace, la lib\u00e9ralisation de l&rsquo;activit\u00e9 de la promotion immobili\u00e8re et l&rsquo;octroi de toutes les facilitations pour encourager les promoteurs immobiliers nationaux \u00e0 \u00e9largir leurs activit\u00e9s et \u00e0 adopter les styles modernes dans la r\u00e9alisation des logements, avec la prise en charge, par les autorit\u00e9s publiques, de l&rsquo;encadrement de ce march\u00e9 et l&rsquo;accompagnement des citoyens d\u00e9sirant obtenir un logement\u00bb. Objectif : \u00abUn logement diversifi\u00e9 qui s&rsquo;adapte \u00e0 l&rsquo;\u00e9volution des besoins des citoyens et leurs exigences.\u00bb<br \/>Pour ce faire, il est demand\u00e9 aux entreprises r\u00e9alisatrices de \u00abrevoir le style de r\u00e9alisation des grandes agglom\u00e9rations qui a r\u00e9v\u00e9l\u00e9 plusieurs dysfonctionnements, et ce, notamment \u00e0 travers la distribution de ces grands projets sur les communes concern\u00e9es, en prenant en consid\u00e9ration la demande enregistr\u00e9e au niveau de chaque commune, ce qui permettra aux citoyens de b\u00e9n\u00e9ficier de logements dans les communes de leur r\u00e9sidence actuelle ou, \u00e0 la limite, dans les communes avoisinantes\u00bb.<br \/>Se montrant rassurant, le Premier ministre affirme que \u00ab le gouvernement poursuivra sa politique visant \u00e0 accompagner et \u00e0 prendre en charge les besoins de toutes les franges de la soci\u00e9t\u00e9, y compris en r\u00e9unissant toutes les conditions permettant \u00e0 chaque citoyen \u00e9ligible d&rsquo;obtenir un logement d\u00e9cent, notamment les souscripteurs au titre des diff\u00e9rentes formules de logement, AADL en t\u00eate, en mobilisant les ressources financi\u00e8res n\u00e9cessaires au parach\u00e8vement de la r\u00e9alisation de ces programmes \u00bb.<br \/>N. I.<\/p>\n<p>Auteur:<br \/>\n<a href=\"https:\/\/www.lesoirdalgerie.com\/actualites\/les-assiettes-des-bidonvilles-a-la-rescousse-31744\">Cliquez ici pour lire l&rsquo;article depuis sa source.<\/a><\/p>\n","protected":false},"excerpt":{"rendered":"<p>Face au retard accus\u00e9 dans la r\u00e9alisation des projets dans le secteur de l\u2019habitat, le gouvernement prend la d\u00e9cision d\u2019utiliser les assiettes fonci\u00e8res sur lesquelles \u00e9taient \u00e9rig\u00e9s des bidonvilles ras\u00e9s, notamment dans la capitale.Nawal Im\u00e8s &#8211; Alger (Le Soir) &#8211; La mise en \u0153uvre des programmes dans le cadre de la formule AADL conna\u00eet un [&hellip;]<\/p>\n","protected":false},"author":1741,"featured_media":0,"comment_status":"closed","ping_status":"closed","sticky":false,"template":"","format":"standard","meta":{"fifu_image_url":"","fifu_image_alt":"","footnotes":""},"categories":[73,53],"tags":[],"class_list":["post-64178","post","type-post","status-publish","format-standard","hentry","category-actualite","category-algerie"],"_links":{"self":[{"href":"https:\/\/linitiative.ca\/International\/wp-json\/wp\/v2\/posts\/64178","targetHints":{"allow":["GET"]}}],"collection":[{"href":"https:\/\/linitiative.ca\/International\/wp-json\/wp\/v2\/posts"}],"about":[{"href":"https:\/\/linitiative.ca\/International\/wp-json\/wp\/v2\/types\/post"}],"author":[{"embeddable":true,"href":"https:\/\/linitiative.ca\/International\/wp-json\/wp\/v2\/users\/1741"}],"replies":[{"embeddable":true,"href":"https:\/\/linitiative.ca\/International\/wp-json\/wp\/v2\/comments?post=64178"}],"version-history":[{"count":0,"href":"https:\/\/linitiative.ca\/International\/wp-json\/wp\/v2\/posts\/64178\/revisions"}],"wp:attachment":[{"href":"https:\/\/linitiative.ca\/International\/wp-json\/wp\/v2\/media?parent=64178"}],"wp:term":[{"taxonomy":"category","embeddable":true,"href":"https:\/\/linitiative.ca\/International\/wp-json\/wp\/v2\/categories?post=64178"},{"taxonomy":"post_tag","embeddable":true,"href":"https:\/\/linitiative.ca\/International\/wp-json\/wp\/v2\/tags?post=64178"}],"curies":[{"name":"wp","href":"https:\/\/api.w.org\/{rel}","templated":true}]}}