{"id":64179,"date":"2019-10-12T08:11:45","date_gmt":"2019-10-12T12:11:45","guid":{"rendered":"https:\/\/linitiative.ca\/International\/le-groupe-renault-se-separe-de-son-directeur-general\/"},"modified":"2019-10-12T08:11:45","modified_gmt":"2019-10-12T12:11:45","slug":"le-groupe-renault-se-separe-de-son-directeur-general","status":"publish","type":"post","link":"https:\/\/linitiative.ca\/International\/le-groupe-renault-se-separe-de-son-directeur-general\/","title":{"rendered":"Le groupe Renault se s\u00e9pare de son Directeur g\u00e9n\u00e9ral"},"content":{"rendered":"<p><strong>Nouveau changement \u00e0 la t\u00eate du groupe Renault. Thierry Bollor\u00e9 n\u2019est plus Directeur g\u00e9n\u00e9ral du constructeur automobile fran\u00e7ais, sur d\u00e9cision du conseil d\u2019administration. Clotilde Delbos a \u00e9t\u00e9 nomm\u00e9e Directrice g\u00e9n\u00e9rale par int\u00e9rim. \u00a0<\/strong><\/p>\n<div class=\"c10\"\/>\n<p>Le conseil d\u2019administration du <strong>groupe Renault<\/strong>, r\u00e9uni le 11 octobre, a en effet d\u00e9cid\u00e9 de mettre un terme avec effet imm\u00e9diat aux fonctions de Directeur g\u00e9n\u00e9ral de Renault SA et de Pr\u00e9sident de Renault SAS de Thierry Bollor\u00e9. En se s\u00e9parant du dauphin de l\u2019ex-PDG Carlos Ghosn (Il a \u00e9t\u00e9 nomm\u00e9 d\u00e9but 2018 directeur g\u00e9n\u00e9ral adjoint sur proposition de Carlos Ghosn), le groupe Renault tourne ainsi une nouvelle page de son histoire.<\/p>\n<p>Lire aussi : <a href=\"https:\/\/www.challenge.ma\/renault-dacia-poursuivent-leur-domination-104514\/\">Renault\/Dacia poursuivent leur domination<\/a><\/p>\n<p>Le conseil d\u2019administration a aussi indiqu\u00e9 que <strong>Clotilde Delbos<\/strong> est nomm\u00e9e directrice g\u00e9n\u00e9rale par int\u00e9rim, \u00ab\u00a0le temps de mener un processus de d\u00e9signation d\u2019un nouveau directeur g\u00e9n\u00e9ral\u00a0\u00bb. La nouvelle DG sera assist\u00e9e dans ses nouvelles fonctions par Jos\u00e9-Vicente de los Mozos, directeur\u00a0de la fabrication et de la logistique, et aussi par Olivier Murguet, directeur commercial de Renault. Notons que tous les deux ont \u00e9t\u00e9 nomm\u00e9s directeurs g\u00e9n\u00e9raux adjoints. Pour rappel, le groupe Renault est <strong>pr\u00e9sent au Maroc<\/strong> depuis 2012. Le constructeur y dispose de deux usines dont la production a d\u00e9pass\u00e9 la barre des 400000 unit\u00e9s en 2018.<\/p>\n<p>Qui est Clotilde Delbos\u00a0?<\/p>\n<p><img decoding=\"async\" src=\"https:\/\/www.challenge.ma\/wp-content\/uploads\/2019\/10\/clotilde-delbos.jpg\" alt=\"\" class=\"wp-image-119866\" srcset=\"https:\/\/www.challenge.ma\/wp-content\/uploads\/2019\/10\/clotilde-delbos.jpg 670w, https:\/\/www.challenge.ma\/wp-content\/uploads\/2019\/10\/clotilde-delbos-300x169.jpg 300w, https:\/\/www.challenge.ma\/wp-content\/uploads\/2019\/10\/clotilde-delbos-360x203.jpg 360w\" sizes=\"(max-width: 670px) 100vw, 670px\"\/>Clotilde Delbos, nouvelle Directrice g\u00e9n\u00e9rale par int\u00e9rim du groupe Renault<\/p>\n<p>N\u00e9e en 1967, Clotilde Delbos est dipl\u00f4m\u00e9e de l\u2019<strong>EM Lyon<\/strong>. Elle a d\u00e9but\u00e9 sa carri\u00e8re en Californie puis \u00e0 Paris, chez Price Waterhouse, avant de rejoindre le groupe Pechiney en 1992. Clotilde Delbos occupe diff\u00e9rents postes en France et \u00e0 Bruxelles, dans l\u2019audit interne, la tr\u00e9sorerie et les fusions acquisitions avant de devenir directeur financier de Division (Bauxite Alumine et Commerce International).<\/p>\n<p>Apr\u00e8s l\u2019acquisition de Pechiney par le groupe qu\u00e9b\u00e9cois Alcan, elle devient, en 2005, directeur financier de la division Engineered Products, jusqu\u2019\u00e0 la cession en 2011 de celle-ci au fonds d\u2019investissement Apollo Global Management et au Fonds strat\u00e9gique d\u2019investissement. Dans cette nouvelle entit\u00e9, Constellium, ses deux derniers postes sont ceux de directeur financier adjoint puis directeur des risques. Clotilde Delbos rejoint le groupe Renault en 2012 en tant que directeur performance et contr\u00f4le du groupe.<\/p>\n<p>En mai 2014, Clotilde Delbos est nomm\u00e9e directeur Alliance, performance et contr\u00f4le, en compl\u00e9ment de son poste de directeur performance et contr\u00f4le du Groupe Renault. En avril 2016, Clotilde Delbos est nomm\u00e9e directeur financier du Groupe Renault et pr\u00e9sident du conseil d\u2019administration de <strong>RCI Banque<\/strong>. Le 1er avril 2019, Clotilde Delbos, directeur financier du Groupe Renault et pr\u00e9sident du conseil d\u2019administration de RCI Banque, se voit \u00e9galement rattacher la direction du contr\u00f4le interne. Elle est membre du comit\u00e9 ex\u00e9cutif du groupe Renault.<\/p>\n<div class=\"c17\">\n<fieldset class=\"c16\">\n<legend><strong><span class=\"c11\">Challenge<\/span><span class=\"c12\">news<\/span><\/strong><\/legend>\n<div class=\"c15\">Le meilleur de la r\u00e9daction s\u00e9lectionn\u00e9 par Challenge :<\/p>\n<\/div>\n<\/fieldset>\n<\/div>\n<p>Auteur: Roland Amoussou<br \/>\n<a href=\"https:\/\/www.challenge.ma\/le-groupe-renault-se-separe-de-son-directeur-general-119861\/\">Cliquez ici pour lire l&rsquo;article depuis sa source.<\/a><\/p>\n","protected":false},"excerpt":{"rendered":"<p>Nouveau changement \u00e0 la t\u00eate du groupe Renault. Thierry Bollor\u00e9 n\u2019est plus Directeur g\u00e9n\u00e9ral du constructeur automobile fran\u00e7ais, sur d\u00e9cision du conseil d\u2019administration. Clotilde Delbos a \u00e9t\u00e9 nomm\u00e9e Directrice g\u00e9n\u00e9rale par int\u00e9rim. \u00a0 Le conseil d\u2019administration du groupe Renault, r\u00e9uni le 11 octobre, a en effet d\u00e9cid\u00e9 de mettre un terme avec effet imm\u00e9diat aux [&hellip;]<\/p>\n","protected":false},"author":1787,"featured_media":64180,"comment_status":"closed","ping_status":"closed","sticky":false,"template":"","format":"standard","meta":{"fifu_image_url":"","fifu_image_alt":"","footnotes":""},"categories":[78,54],"tags":[],"class_list":["post-64179","post","type-post","status-publish","format-standard","has-post-thumbnail","hentry","category-economie","category-maroc"],"_links":{"self":[{"href":"https:\/\/linitiative.ca\/International\/wp-json\/wp\/v2\/posts\/64179","targetHints":{"allow":["GET"]}}],"collection":[{"href":"https:\/\/linitiative.ca\/International\/wp-json\/wp\/v2\/posts"}],"about":[{"href":"https:\/\/linitiative.ca\/International\/wp-json\/wp\/v2\/types\/post"}],"author":[{"embeddable":true,"href":"https:\/\/linitiative.ca\/International\/wp-json\/wp\/v2\/users\/1787"}],"replies":[{"embeddable":true,"href":"https:\/\/linitiative.ca\/International\/wp-json\/wp\/v2\/comments?post=64179"}],"version-history":[{"count":0,"href":"https:\/\/linitiative.ca\/International\/wp-json\/wp\/v2\/posts\/64179\/revisions"}],"wp:featuredmedia":[{"embeddable":true,"href":"https:\/\/linitiative.ca\/International\/wp-json\/"}],"wp:attachment":[{"href":"https:\/\/linitiative.ca\/International\/wp-json\/wp\/v2\/media?parent=64179"}],"wp:term":[{"taxonomy":"category","embeddable":true,"href":"https:\/\/linitiative.ca\/International\/wp-json\/wp\/v2\/categories?post=64179"},{"taxonomy":"post_tag","embeddable":true,"href":"https:\/\/linitiative.ca\/International\/wp-json\/wp\/v2\/tags?post=64179"}],"curies":[{"name":"wp","href":"https:\/\/api.w.org\/{rel}","templated":true}]}}