{"id":64181,"date":"2019-10-12T10:16:16","date_gmt":"2019-10-12T14:16:16","guid":{"rendered":"https:\/\/linitiative.ca\/International\/faouzi-skali-presente-la-culture-soufie-devant-le-senat-francais\/"},"modified":"2019-10-12T10:16:16","modified_gmt":"2019-10-12T14:16:16","slug":"faouzi-skali-presente-la-culture-soufie-devant-le-senat-francais","status":"publish","type":"post","link":"https:\/\/linitiative.ca\/International\/faouzi-skali-presente-la-culture-soufie-devant-le-senat-francais\/","title":{"rendered":"Faouzi Skali pr\u00e9sente la culture soufie devant le S\u00e9nat fran\u00e7ais"},"content":{"rendered":"<p><strong>\u00abLe Soufisme n\u2019est pas seulement une mystique profonde et po\u00e9tique exprim\u00e9e par des \u0153uvres universelles comme celles\u00a0de\u00a0Rumi ou Ibn Arabi mais il est aussi un patrimoine universel de l\u2019humanit\u00e9, de toute l\u2019humanit\u00e9, quelles que soient ses convictions ou ses\u00a0appartenances religieuses\u00bb, a expliqu\u00e9 Faouzi Skali, le pr\u00e9sident du festival de F\u00e8s de la culture soufie, vendredi, devant le S\u00e9nat fran\u00e7ais.<\/strong><\/p>\n<div class=\"c10\"\/>\n<p>La 12\u00e8me \u00e9dition du Festival de F\u00e8s de la culture soufie, qui se tiendra du 19 au 26 courant dans la capitale spirituelle du Royaume sous le th\u00e8me \u00ab\u00a0la Culture soufie, un humaniste spirituel pour notre temps\u00a0\u00bb, a \u00e9t\u00e9 pr\u00e9sent\u00e9e, vendredi soir au Palais du Luxembourg (S\u00e9nat fran\u00e7ais), en pr\u00e9sence de repr\u00e9sentants de m\u00e9dias fran\u00e7ais et internationaux, de diplomates et de plusieurs personnalit\u00e9s des mondes de la culture et des arts.<\/p>\n<p>Apr\u00e8s l\u2019allocution de l\u2019ambassadeur du Maroc en France, Chakib Benmoussa, pr\u00f4nant les valeurs de paix et de fraternit\u00e9, inspir\u00e9es de l\u2019esprit soufie, le pr\u00e9sident du festival, <strong>Faouzi Skali<\/strong>, a soulign\u00e9 l\u2019int\u00e9r\u00eat grandissant pour la d\u00e9couverte de la culture soufie et la connaissance de ce patrimoine culturel vivant et universel dans ses diff\u00e9rentes d\u00e9clinaisons en l\u2019occurrence po\u00e9tique, litt\u00e9raire, artistique, philosophique et spirituelle, notant qu\u2019il s\u2019agit d\u2019un patrimoine qui appartient \u00e0 l\u2019humanit\u00e9 enti\u00e8re.<\/p>\n<p>\u00ab\u00a0C\u2019est de ce que nous avons voulu montrer \u00e0 travers le programme que nous pr\u00e9sentons pour la presse en cette soir\u00e9e\u00a0\u00bb, a-t-il d\u00e9clar\u00e9 en marge de cette pr\u00e9sentation, mettant en avant la capacit\u00e9 cr\u00e9ative de ce festival loin de toute \u00ab\u00a0arch\u00e9ologie culturelle\u00a0\u00bb tout en montrant qu\u2019il s\u2019agit d\u2019une culture fructueuse qui rec\u00e8le un \u00e9norme potentiel cr\u00e9atif \u00e0 travers notamment une quinzaine de tables-rondes \u00e0 la Medrasa Bouananiya.<\/p>\n<p>Le pr\u00e9sident du festival a d\u00e9clin\u00e9 aussi le c\u00f4t\u00e9 artistique de cette manifestation \u00e0 travers des cr\u00e9ations artistiques comme celle pr\u00e9vue pour l\u2019ouverture sous l\u2019intitul\u00e9 \u00ab\u00a0<strong>Al Shushtari prince des troubadours<\/strong>\u00a0\u00bb et la soir\u00e9e sous la th\u00e9matique \u00ab\u00a0le langage secret des fleurs et des parfums\u00a0\u00bb.<\/p>\n<p>A travers cette programmation aussi riche que vari\u00e9e \u00ab\u00a0nous avons voulu montrer que le Souphisme n\u2019est pas seulement une philosophie, mais c\u2019est aussi un art de vivre, un art soci\u00e9tal, un tr\u00e9sor civilisationnel\u00a0\u00bb, a-t-il dit.\u00a0La c\u00e9r\u00e9monie de pr\u00e9sentation de cette 12\u00e8me \u00e9dition du festival de F\u00e8s de la culture soufie a \u00e9t\u00e9 marqu\u00e9e aussi par une allocution du s\u00e9nateur Nathalie Goulet qui a \u00e9t\u00e9 lue en son nom par l\u2019un de ses assistants, ainsi que par un r\u00e9cital de po\u00e9sie.\u00a0<\/p>\n<p>Le programme de cette \u00e9dition comprend notamment des tables-rondes sur des th\u00e9matiques comme la \u00ab\u00a0<strong>culture soufie comme art de vivre<\/strong>\u00ab\u00a0, \u00ab\u00a0un humanisme spirituel pour notre temps\u00a0\u00bb, \u00ab\u00a0Faire revivre l\u2019Esprit de F\u00e8s par la culture soufie\u00a0\u00bb, \u00ab\u00a0Religions et Droits humains\u00a0\u00bb et \u00ab\u00a0Enjeux soci\u00e9taux et spirituels face au transhumanisme\u00a0\u00bb, le vernissages d\u2019une exposition, une visite spirituelle dans des lieux historiques et spirituels de F\u00e8s, des spectacles de musique et de chants soufis ainsi que des r\u00e9citals de po\u00e9sie soufie outre un master classe et atelier avec le ma\u00eetre-parfumeur Abderezzak Bencha\u00e2bane.\u00a0<\/p>\n<p>Voici le texte de l\u2019introduction du directeur du festival, Faouzi Skali, au S\u00e9nat fran\u00e7ais en pr\u00e9sentation de cette douzi\u00e8me \u00e9dition du Festival :<\/p>\n<p><strong>Un patrimoine vivant et mat\u00e9riel\u00a0<\/strong><\/p>\n<p>Le patrimoine soufi \u00e0 la fois vivant et mat\u00e9riel est sans doute l\u2019un des patrimoines les plus riches et les plus diversifi\u00e9s \u00e0 travers le monde, du Maroc jusqu\u2019en extr\u00eame Orient, en Chine et dans le subcontinent indien. Il concerne des milliers de langues, d\u2019expression artistiques, litt\u00e9raires, spirituelles et po\u00e9tiques. Bien \u00e9videmment un grand nombre de lieux mausol\u00e9es, Zawiya et Ribats.\u00a0<\/p>\n<p>On se souvient de la destruction, il y a peu, d\u2019un grand nombre de mausol\u00e9es de Tombouctou mais aussi au Mali de nombreux manuscrits, de trait\u00e9s qui sont de v\u00e9ritables objets\u00a0d\u2019art calligraphiques, souvent uniques, dans les fameuses biblioth\u00e8ques du d\u00e9sert.\u00a0<\/p>\n<p>Ce dont on prend \u00e0 peine la mesure aujourd\u2019hui c\u2019est que le Soufisme n\u2019est pas seulement une mystique profonde et po\u00e9tique exprim\u00e9e par des \u0153uvres universelles comme celles\u00a0de\u00a0Rumi ou Ibn Arabi mais il est aussi un Patrimoine universelle de l\u2019humanit\u00e9, de toute l\u2019humanit\u00e9, quelles que soient ses convictions ou ses\u00a0appartenances religieuses.\u00a0<\/p>\n<p><strong>Un patrimoine de valeurs et de sagesses\u00a0<\/strong><\/p>\n<p>Il n\u2019en reste pas moins que ce patrimoine d\u2019une immense richesse est porteur de valeurs d\u2019humanit\u00e9 et de civilisation qu\u2019il est important de faire valoir. Il constitue\u00a0une sorte de matrice ou d\u2019humus qui a irrigu\u00e9 l\u2019\u00e2ge d\u2019or de l\u2019Islam et qui peut encore beaucoup nous apporter aujourd\u2019hui.\u00a0Il peut aussi nourrir une pens\u00e9e et une cr\u00e9ativit\u00e9 actuelles et c\u2019est ce que s\u2019efforce de d\u00e9montrer dans ses diff\u00e9rents programmes le Festival de F\u00e8s de la Culture soufie.\u00a0<\/p>\n<p>Plusieurs axes ou valeurs reviennent d\u2019une fa\u00e7on r\u00e9guli\u00e8re, celui d\u2019une valorisation de l\u2019arch\u00e9type du f\u00e9minin, du comportement chevaleresque fait d\u2019altruisme, de g\u00e9n\u00e9rosit\u00e9 et de solidarit\u00e9, qui a inspir\u00e9 pendant des si\u00e8cles les corporations de m\u00e9tier, celle d\u2019une sagesse p\u00e9trie de petites histoires et d\u2019aphorismes qui sont aussi port\u00e9s par une culture populaire, celle de l\u2019art et de la qu\u00eate du beau en g\u00e9n\u00e9ral.\u00a0Celui aussi du respect naturel de la diversit\u00e9 culturelle et religieuse de nos soci\u00e9t\u00e9s.\u00a0<\/p>\n<p>\u00ab\u00a0Je professe la religion de l\u2019Amour, disait Ibn Arabi, en quelque direction que se tourne ses montures l\u2019Amour est la religion et ma foi\u00a0\u00bb.<\/p>\n<p>Un art du vivre ensemble et un humanisme spirituel pour notre temps.\u00a0<\/p>\n<p>Tout cela d\u00e9bouche vers une certaine conception du vivre ensemble comme un art de vivre dont l\u2019Andalousie ancienne, dont F\u00e8s est l\u2019h\u00e9riti\u00e8re, est le symbole magnifi\u00e9.\u00a0Et r\u00e9sonne aujourd\u2019hui comme la qu\u00eate d\u2019un r\u00e9enchantement de nos soci\u00e9t\u00e9s ou, selon le mot d\u2019Edgar Morin, un Ami fid\u00e8le du Festival, d\u2019une po\u00e9tique de soci\u00e9t\u00e9 .\u00a0<\/p>\n<p>La question qui traverse notre programme cette ann\u00e9e est la suivante :\u00a0\u00ab\u00a0La culture soufie peut-elle \u00eatre porteuse d\u2019un humanisme spirituel pour notre temps?\u00a0\u00bb.\u00a0<\/p>\n<div class=\"c17\">\n<fieldset class=\"c16\">\n<legend><strong><span class=\"c11\">Challenge<\/span><span class=\"c12\">news<\/span><\/strong><\/legend>\n<div class=\"c15\">Le meilleur de la r\u00e9daction s\u00e9lectionn\u00e9 par Challenge :<\/p>\n<\/div>\n<\/fieldset>\n<\/div>\n<p>Auteur: Hassan Manyani<br \/>\n<a href=\"https:\/\/www.challenge.ma\/faouzi-skali-presente-la-culture-soufie-devant-le-senat-francais-119892\/\">Cliquez ici pour lire l&rsquo;article depuis sa source.<\/a><\/p>\n","protected":false},"excerpt":{"rendered":"<p>\u00abLe Soufisme n\u2019est pas seulement une mystique profonde et po\u00e9tique exprim\u00e9e par des \u0153uvres universelles comme celles\u00a0de\u00a0Rumi ou Ibn Arabi mais il est aussi un patrimoine universel de l\u2019humanit\u00e9, de toute l\u2019humanit\u00e9, quelles que soient ses convictions ou ses\u00a0appartenances religieuses\u00bb, a expliqu\u00e9 Faouzi Skali, le pr\u00e9sident du festival de F\u00e8s de la culture soufie, vendredi, [&hellip;]<\/p>\n","protected":false},"author":1787,"featured_media":0,"comment_status":"closed","ping_status":"closed","sticky":false,"template":"","format":"standard","meta":{"fifu_image_url":"","fifu_image_alt":"","footnotes":""},"categories":[78,54],"tags":[],"class_list":["post-64181","post","type-post","status-publish","format-standard","hentry","category-economie","category-maroc"],"_links":{"self":[{"href":"https:\/\/linitiative.ca\/International\/wp-json\/wp\/v2\/posts\/64181","targetHints":{"allow":["GET"]}}],"collection":[{"href":"https:\/\/linitiative.ca\/International\/wp-json\/wp\/v2\/posts"}],"about":[{"href":"https:\/\/linitiative.ca\/International\/wp-json\/wp\/v2\/types\/post"}],"author":[{"embeddable":true,"href":"https:\/\/linitiative.ca\/International\/wp-json\/wp\/v2\/users\/1787"}],"replies":[{"embeddable":true,"href":"https:\/\/linitiative.ca\/International\/wp-json\/wp\/v2\/comments?post=64181"}],"version-history":[{"count":0,"href":"https:\/\/linitiative.ca\/International\/wp-json\/wp\/v2\/posts\/64181\/revisions"}],"wp:attachment":[{"href":"https:\/\/linitiative.ca\/International\/wp-json\/wp\/v2\/media?parent=64181"}],"wp:term":[{"taxonomy":"category","embeddable":true,"href":"https:\/\/linitiative.ca\/International\/wp-json\/wp\/v2\/categories?post=64181"},{"taxonomy":"post_tag","embeddable":true,"href":"https:\/\/linitiative.ca\/International\/wp-json\/wp\/v2\/tags?post=64181"}],"curies":[{"name":"wp","href":"https:\/\/api.w.org\/{rel}","templated":true}]}}