{"id":64182,"date":"2019-10-12T11:36:17","date_gmt":"2019-10-12T15:36:17","guid":{"rendered":"https:\/\/linitiative.ca\/International\/le-pdg-de-laprophan-nest-plus\/"},"modified":"2019-10-12T11:36:17","modified_gmt":"2019-10-12T15:36:17","slug":"le-pdg-de-laprophan-nest-plus","status":"publish","type":"post","link":"https:\/\/linitiative.ca\/International\/le-pdg-de-laprophan-nest-plus\/","title":{"rendered":"Le PDG de Laprophan n\u2019est plus !"},"content":{"rendered":"<h4>Le monde des affaires et de l\u2019entreprise vient de perdre un de ses grands dirigeants.<\/h4>\n<p>Ali Bennis, pr\u00e9sident du laboratoire pharmaceutique marocain, Laprophan, est d\u00e9c\u00e9d\u00e9 vendredi 11 octobre, \u00e0 la clinique internationale de Marrakech, suite \u00e0 un AVC, selon des sources proches de sa famille.<\/p>\n<div class=\"c10\"\/>\n<br \/><img loading=\"lazy\" decoding=\"async\" src=\"https:\/\/www.challenge.ma\/wp-content\/uploads\/2019\/10\/ali-bennis.jpg\" alt=\"\" class=\"wp-image-119902\" width=\"286\" height=\"341\"\/><\/p>\n<p>Ali Bennis est le fis de feu\u00a0Abderrahim Bennis, fondateur du laboratoire pharmaceutique. Fond\u00e9e en 1949 par feu Abderrahim Bennis, Laprophan est l\u2019entreprise pionni\u00e8re dans l\u2019industrie pharmaceutique au Maroc.<\/p>\n<p>Le d\u00e9funt est p\u00e8re de deux enfants.<\/p>\n<p>Nous sommes \u00e0 Dieu et \u00e0 Lui nous retournons.<\/p>\n<div class=\"c17\">\n<fieldset class=\"c16\">\n<legend><strong><span class=\"c11\">Challenge<\/span><span class=\"c12\">news<\/span><\/strong><\/legend>\n<div class=\"c15\">Le meilleur de la r\u00e9daction s\u00e9lectionn\u00e9 par Challenge :<\/p>\n<\/div>\n<\/fieldset>\n<\/div>\n<p>Auteur: Hassan Manyani<br \/>\n<a href=\"https:\/\/www.challenge.ma\/le-pdg-de-laprophan-nest-plus-119900\/\">Cliquez ici pour lire l&rsquo;article depuis sa source.<\/a><\/p>\n","protected":false},"excerpt":{"rendered":"<p>Le monde des affaires et de l\u2019entreprise vient de perdre un de ses grands dirigeants. Ali Bennis, pr\u00e9sident du laboratoire pharmaceutique marocain, Laprophan, est d\u00e9c\u00e9d\u00e9 vendredi 11 octobre, \u00e0 la clinique internationale de Marrakech, suite \u00e0 un AVC, selon des sources proches de sa famille. Ali Bennis est le fis de feu\u00a0Abderrahim Bennis, fondateur du [&hellip;]<\/p>\n","protected":false},"author":1787,"featured_media":64183,"comment_status":"closed","ping_status":"closed","sticky":false,"template":"","format":"standard","meta":{"fifu_image_url":"","fifu_image_alt":"","footnotes":""},"categories":[78,54],"tags":[],"class_list":["post-64182","post","type-post","status-publish","format-standard","has-post-thumbnail","hentry","category-economie","category-maroc"],"_links":{"self":[{"href":"https:\/\/linitiative.ca\/International\/wp-json\/wp\/v2\/posts\/64182","targetHints":{"allow":["GET"]}}],"collection":[{"href":"https:\/\/linitiative.ca\/International\/wp-json\/wp\/v2\/posts"}],"about":[{"href":"https:\/\/linitiative.ca\/International\/wp-json\/wp\/v2\/types\/post"}],"author":[{"embeddable":true,"href":"https:\/\/linitiative.ca\/International\/wp-json\/wp\/v2\/users\/1787"}],"replies":[{"embeddable":true,"href":"https:\/\/linitiative.ca\/International\/wp-json\/wp\/v2\/comments?post=64182"}],"version-history":[{"count":0,"href":"https:\/\/linitiative.ca\/International\/wp-json\/wp\/v2\/posts\/64182\/revisions"}],"wp:featuredmedia":[{"embeddable":true,"href":"https:\/\/linitiative.ca\/International\/wp-json\/"}],"wp:attachment":[{"href":"https:\/\/linitiative.ca\/International\/wp-json\/wp\/v2\/media?parent=64182"}],"wp:term":[{"taxonomy":"category","embeddable":true,"href":"https:\/\/linitiative.ca\/International\/wp-json\/wp\/v2\/categories?post=64182"},{"taxonomy":"post_tag","embeddable":true,"href":"https:\/\/linitiative.ca\/International\/wp-json\/wp\/v2\/tags?post=64182"}],"curies":[{"name":"wp","href":"https:\/\/api.w.org\/{rel}","templated":true}]}}