{"id":64184,"date":"2019-10-12T12:08:09","date_gmt":"2019-10-12T16:08:09","guid":{"rendered":"https:\/\/linitiative.ca\/International\/paul-kagame-en-visite-au-maroc\/"},"modified":"2019-10-12T12:08:09","modified_gmt":"2019-10-12T16:08:09","slug":"paul-kagame-en-visite-au-maroc","status":"publish","type":"post","link":"https:\/\/linitiative.ca\/International\/paul-kagame-en-visite-au-maroc\/","title":{"rendered":"Paul Kagame en visite au Maroc"},"content":{"rendered":"<p><strong>Le pr\u00e9sident de la R\u00e9publique du Rwanda, Paul Kagame, est arriv\u00e9 samedi apr\u00e8s-midi \u00e0 Marrakech, pour participer aux travaux de la 12\u00e8me \u00e9dition de la World Policy Conference (WPC).<\/strong><\/p>\n<div class=\"c10\"\/>\n<p>A son arriv\u00e9e \u00e0 l\u2019a\u00e9roport international Marrakech-Menara, Kagame a \u00e9t\u00e9 accueilli par le Chef du Gouvernement, Sa\u00e2d Dine El Otmani ainsi que par l\u2019ambassadeur de la R\u00e9publique du Rwanda au Maroc, Mathias Harebamungu.<\/p>\n<p>Paul Kagame prendra part samedi soir \u00e0 un d\u00eener-d\u00e9bat dans le cadre de la 12\u00e8me \u00e9dition de la World Policy Conference.<\/p>\n<p>Plac\u00e9e sous le Haut Patronage de SM le Roi Mohammed VI, cette 12\u00e8me \u00e9dition de la WPC conna\u00eet la participation d\u2019un parterre d\u2019\u00e9minentes personnalit\u00e9s du monde de la politique, de l\u2019\u00e9conomie et des m\u00e9dias, outre des acad\u00e9miciens, des experts et des chercheurs issus des quatre coins du monde.\u00a0<\/p>\n<p>Soulignons que le pr\u00e9sident rwandais Paul Kagame entretient des relations \u00e9troites avec le Roi Mohammed VI, qui ont abouti \u00e0 la signature de plusieurs accords de partenariat et \u00e0 l\u2019\u00e9change de visites officielles.<\/p>\n<p>Chef de l\u2019\u00c9tat rwandais depuis 2000, Paul Kagame a r\u00e9ussi \u00e0 transformer le Rwanda d\u2019un pays an\u00e9anti par des ann\u00e9es de g\u00e9nocide en un pays moderne. En un an, le\u00a0PIB\u00a0par Rwandais a progress\u00e9 de 4,9% pour atteindre 830 dollars en 2019. Le Rwanda affiche un\u00a0produit int\u00e9rieur brut\u00a0de 10,21 milliards de dollars pour 12,30 millions de Rwandais. Selon la Banque mondiale, 38,2% d\u2019entre eux vivaient encore sous le seuil de pauvret\u00e9 en 2016.<\/p>\n<div class=\"c17\">\n<fieldset class=\"c16\">\n<legend><strong><span class=\"c11\">Challenge<\/span><span class=\"c12\">news<\/span><\/strong><\/legend>\n<div class=\"c15\">Le meilleur de la r\u00e9daction s\u00e9lectionn\u00e9 par Challenge :<\/p>\n<\/div>\n<\/fieldset>\n<\/div>\n<p>Auteur: challenge<br \/>\n<a href=\"https:\/\/www.challenge.ma\/paul-kagame-en-visite-au-maroc-119905\/\">Cliquez ici pour lire l&rsquo;article depuis sa source.<\/a><\/p>\n","protected":false},"excerpt":{"rendered":"<p>Le pr\u00e9sident de la R\u00e9publique du Rwanda, Paul Kagame, est arriv\u00e9 samedi apr\u00e8s-midi \u00e0 Marrakech, pour participer aux travaux de la 12\u00e8me \u00e9dition de la World Policy Conference (WPC). A son arriv\u00e9e \u00e0 l\u2019a\u00e9roport international Marrakech-Menara, Kagame a \u00e9t\u00e9 accueilli par le Chef du Gouvernement, Sa\u00e2d Dine El Otmani ainsi que par l\u2019ambassadeur de la [&hellip;]<\/p>\n","protected":false},"author":1787,"featured_media":0,"comment_status":"closed","ping_status":"closed","sticky":false,"template":"","format":"standard","meta":{"fifu_image_url":"","fifu_image_alt":"","footnotes":""},"categories":[78,54],"tags":[],"class_list":["post-64184","post","type-post","status-publish","format-standard","hentry","category-economie","category-maroc"],"_links":{"self":[{"href":"https:\/\/linitiative.ca\/International\/wp-json\/wp\/v2\/posts\/64184","targetHints":{"allow":["GET"]}}],"collection":[{"href":"https:\/\/linitiative.ca\/International\/wp-json\/wp\/v2\/posts"}],"about":[{"href":"https:\/\/linitiative.ca\/International\/wp-json\/wp\/v2\/types\/post"}],"author":[{"embeddable":true,"href":"https:\/\/linitiative.ca\/International\/wp-json\/wp\/v2\/users\/1787"}],"replies":[{"embeddable":true,"href":"https:\/\/linitiative.ca\/International\/wp-json\/wp\/v2\/comments?post=64184"}],"version-history":[{"count":0,"href":"https:\/\/linitiative.ca\/International\/wp-json\/wp\/v2\/posts\/64184\/revisions"}],"wp:attachment":[{"href":"https:\/\/linitiative.ca\/International\/wp-json\/wp\/v2\/media?parent=64184"}],"wp:term":[{"taxonomy":"category","embeddable":true,"href":"https:\/\/linitiative.ca\/International\/wp-json\/wp\/v2\/categories?post=64184"},{"taxonomy":"post_tag","embeddable":true,"href":"https:\/\/linitiative.ca\/International\/wp-json\/wp\/v2\/tags?post=64184"}],"curies":[{"name":"wp","href":"https:\/\/api.w.org\/{rel}","templated":true}]}}