{"id":64195,"date":"2019-10-12T13:18:03","date_gmt":"2019-10-12T17:18:03","guid":{"rendered":"https:\/\/linitiative.ca\/International\/benin-les-grandes-conclusions-issues-du-dialogue-politique-de-patrice-talon\/"},"modified":"2019-10-12T13:18:03","modified_gmt":"2019-10-12T17:18:03","slug":"benin-les-grandes-conclusions-issues-du-dialogue-politique-de-patrice-talon","status":"publish","type":"post","link":"https:\/\/linitiative.ca\/International\/benin-les-grandes-conclusions-issues-du-dialogue-politique-de-patrice-talon\/","title":{"rendered":"B\u00e9nin : Les grandes conclusions issues du dialogue politique de Patrice Talon"},"content":{"rendered":"<div readability=\"32\">\n<p>Publi\u00e9 le 12.10.2019 \u00e0 18h18 par APA News<\/p>\n<\/div>\n<div readability=\"47\">\n<p>Le dialogue politique ouvert le jeudi 10 octobre dernier au B\u00e9nin par le Pr\u00e9sident Patrice Talon va prendre fin ce samedi avec l\u2019adoption par les d\u00e9l\u00e9gu\u00e9s des 8 partis politiques pr\u00e9sents d\u2019un rapport qui sera transmis au pr\u00e9sident de la r\u00e9publique Patrice Talon.Pour parvenir \u00e0 un apaisement de l\u2019espace politique b\u00e9ninois selon ce rapport, il faut proc\u00e9der rapidement au toilettage des textes \u00e9lectoraux afin de favoriser la participation de toutes les composantes de la classe politique. Abondant dans le m\u00eame sens, les partis, ont \u00e0 l\u2019unanimit\u00e9, propos\u00e9 l\u2019organisation d\u2019\u00e9lections g\u00e9n\u00e9rales pour r\u00e9duire les d\u00e9penses li\u00e9es \u00e0 l\u2019organisation sans cesse de scrutins<\/p>\n<p>Le rapport mentionne \u00e9galement qu\u2019il est imp\u00e9rieux de proc\u00e9der au vote de la loi sur le financement des partis politiques. Une proposition a \u00e9t\u00e9 retenue en vue d\u2019une discrimination positive en faveur de la repr\u00e9sentativit\u00e9 des femmes et un accord a \u00e9t\u00e9 trouv\u00e9 sur le statut de l\u2019opposition.<\/p>\n<p>Ledit rapport sera transmis au chef de l\u2019Etat \u00e0 la c\u00e9r\u00e9monie de cl\u00f4ture du dialogue politique en vue de donner une suite aux recommandations formul\u00e9es.<\/p>\n<\/div>\n<p>Auteur: APA News<br \/>\n<a href=\"https:\/\/www.journalducameroun.com\/benin-les-grandes-conclusions-issues-du-dialogue-politique-de-patrice-talon\/\">Cliquez ici pour lire l&rsquo;article depuis sa source.<\/a><\/p>\n","protected":false},"excerpt":{"rendered":"<p>Publi\u00e9 le 12.10.2019 \u00e0 18h18 par APA News Le dialogue politique ouvert le jeudi 10 octobre dernier au B\u00e9nin par le Pr\u00e9sident Patrice Talon va prendre fin ce samedi avec l\u2019adoption par les d\u00e9l\u00e9gu\u00e9s des 8 partis politiques pr\u00e9sents d\u2019un rapport qui sera transmis au pr\u00e9sident de la r\u00e9publique Patrice Talon.Pour parvenir \u00e0 un apaisement [&hellip;]<\/p>\n","protected":false},"author":1965,"featured_media":0,"comment_status":"closed","ping_status":"closed","sticky":false,"template":"","format":"standard","meta":{"fifu_image_url":"","fifu_image_alt":"","footnotes":""},"categories":[73,82],"tags":[],"class_list":["post-64195","post","type-post","status-publish","format-standard","hentry","category-actualite","category-cameroun"],"_links":{"self":[{"href":"https:\/\/linitiative.ca\/International\/wp-json\/wp\/v2\/posts\/64195","targetHints":{"allow":["GET"]}}],"collection":[{"href":"https:\/\/linitiative.ca\/International\/wp-json\/wp\/v2\/posts"}],"about":[{"href":"https:\/\/linitiative.ca\/International\/wp-json\/wp\/v2\/types\/post"}],"author":[{"embeddable":true,"href":"https:\/\/linitiative.ca\/International\/wp-json\/wp\/v2\/users\/1965"}],"replies":[{"embeddable":true,"href":"https:\/\/linitiative.ca\/International\/wp-json\/wp\/v2\/comments?post=64195"}],"version-history":[{"count":0,"href":"https:\/\/linitiative.ca\/International\/wp-json\/wp\/v2\/posts\/64195\/revisions"}],"wp:attachment":[{"href":"https:\/\/linitiative.ca\/International\/wp-json\/wp\/v2\/media?parent=64195"}],"wp:term":[{"taxonomy":"category","embeddable":true,"href":"https:\/\/linitiative.ca\/International\/wp-json\/wp\/v2\/categories?post=64195"},{"taxonomy":"post_tag","embeddable":true,"href":"https:\/\/linitiative.ca\/International\/wp-json\/wp\/v2\/tags?post=64195"}],"curies":[{"name":"wp","href":"https:\/\/api.w.org\/{rel}","templated":true}]}}