{"id":64196,"date":"2019-10-12T14:18:02","date_gmt":"2019-10-12T18:18:02","guid":{"rendered":"https:\/\/linitiative.ca\/International\/mon-gouvernement-prendra-les-responsabilites-qui-sont-les-siennes-talon\/"},"modified":"2019-10-12T14:18:02","modified_gmt":"2019-10-12T18:18:02","slug":"mon-gouvernement-prendra-les-responsabilites-qui-sont-les-siennes-talon","status":"publish","type":"post","link":"https:\/\/linitiative.ca\/International\/mon-gouvernement-prendra-les-responsabilites-qui-sont-les-siennes-talon\/","title":{"rendered":"\u00ab Mon Gouvernement prendra les responsabilit\u00e9s qui sont les siennes \u00bb (Talon)"},"content":{"rendered":"<div readability=\"32\">\n<p>Publi\u00e9 le 12.10.2019 \u00e0 19h18 par APA News<\/p>\n<\/div>\n<div readability=\"60\">\n<p>Le dialogue politique d\u00e9marr\u00e9 au B\u00e9nin le jeudi 10 octobre dernier, a officiellement pris fin ce samedi avec la pr\u00e9sentation du rapport et le discours de cl\u00f4ture du Pr\u00e9sident Patrice Talon.S\u2019adressant aux partis politiques pr\u00e9sents, durant les trois jours du dialogue politique, Patrice Talon note que \u00ab pendant ces quelques jours, tout au long de vos \u00e9changes, vous aviez pour rep\u00e8re essentiel le B\u00e9nin, son avenir et notre unit\u00e9 \u00bb. Il salue les recommandations qui ont \u00e9t\u00e9 faites par les participants et qui ne remettent pas en cause la n\u00e9cessit\u00e9 de r\u00e9former le syst\u00e8me partisan en renfor\u00e7ant le r\u00f4le des partis politiques d\u2019envergure nationale comme il l\u2019a souhait\u00e9 durant l\u2019ouverture des travaux.<\/p>\n<p>\u00ab Les r\u00e9formes, un temps elles paraissent pr\u00e9matur\u00e9es, un autre elles semblent pertinentes ou urgentes, un temps encore elles paraissent d\u00e9pass\u00e9es et n\u00e9cessitent des r\u00e9am\u00e9nagements. C\u2019est le signe qu\u2019elles sont les r\u00e9ponses aux pr\u00e9occupations des \u00e9poques qui les font na\u00eetre, et qu\u2019elles n\u2019ont pas vocation \u00e0 s\u2019imposer \u00e9ternellement \u00bb, a ajout\u00e9 le chef de l\u2019Etat b\u00e9ninois, pour qui \u00ab Seul le B\u00e9nin est \u00e9ternel \u00bb.<\/p>\n<p>Il a salu\u00e9 les d\u00e9l\u00e9gu\u00e9s des partis politiques pr\u00e9sents et les a rassur\u00e9s de ce que \u00ab les propositions d\u2019am\u00e9lioration aux textes que vous avez formul\u00e9es, feront l\u2019objet d\u2019une appr\u00e9ciation attentionn\u00e9e de la part de mon Gouvernement qui, je vous le r\u00e9affirme, prendra toutes les responsabilit\u00e9s qui sont les siennes \u00bb.<\/p>\n<\/div>\n<p>Auteur: APA News<br \/>\n<a href=\"https:\/\/www.journalducameroun.com\/mon-gouvernement-prendra-les-responsabilites-qui-sont-les-siennes-talon\/\">Cliquez ici pour lire l&rsquo;article depuis sa source.<\/a><\/p>\n","protected":false},"excerpt":{"rendered":"<p>Publi\u00e9 le 12.10.2019 \u00e0 19h18 par APA News Le dialogue politique d\u00e9marr\u00e9 au B\u00e9nin le jeudi 10 octobre dernier, a officiellement pris fin ce samedi avec la pr\u00e9sentation du rapport et le discours de cl\u00f4ture du Pr\u00e9sident Patrice Talon.S\u2019adressant aux partis politiques pr\u00e9sents, durant les trois jours du dialogue politique, Patrice Talon note que \u00ab [&hellip;]<\/p>\n","protected":false},"author":1965,"featured_media":0,"comment_status":"closed","ping_status":"closed","sticky":false,"template":"","format":"standard","meta":{"fifu_image_url":"","fifu_image_alt":"","footnotes":""},"categories":[73,82],"tags":[],"class_list":["post-64196","post","type-post","status-publish","format-standard","hentry","category-actualite","category-cameroun"],"_links":{"self":[{"href":"https:\/\/linitiative.ca\/International\/wp-json\/wp\/v2\/posts\/64196","targetHints":{"allow":["GET"]}}],"collection":[{"href":"https:\/\/linitiative.ca\/International\/wp-json\/wp\/v2\/posts"}],"about":[{"href":"https:\/\/linitiative.ca\/International\/wp-json\/wp\/v2\/types\/post"}],"author":[{"embeddable":true,"href":"https:\/\/linitiative.ca\/International\/wp-json\/wp\/v2\/users\/1965"}],"replies":[{"embeddable":true,"href":"https:\/\/linitiative.ca\/International\/wp-json\/wp\/v2\/comments?post=64196"}],"version-history":[{"count":0,"href":"https:\/\/linitiative.ca\/International\/wp-json\/wp\/v2\/posts\/64196\/revisions"}],"wp:attachment":[{"href":"https:\/\/linitiative.ca\/International\/wp-json\/wp\/v2\/media?parent=64196"}],"wp:term":[{"taxonomy":"category","embeddable":true,"href":"https:\/\/linitiative.ca\/International\/wp-json\/wp\/v2\/categories?post=64196"},{"taxonomy":"post_tag","embeddable":true,"href":"https:\/\/linitiative.ca\/International\/wp-json\/wp\/v2\/tags?post=64196"}],"curies":[{"name":"wp","href":"https:\/\/api.w.org\/{rel}","templated":true}]}}