{"id":64197,"date":"2019-10-12T14:50:03","date_gmt":"2019-10-12T18:50:03","guid":{"rendered":"https:\/\/linitiative.ca\/International\/a-la-frontiere-turque-la-peur-de-critiquer-loffensive-en-syrie\/"},"modified":"2019-10-12T14:50:03","modified_gmt":"2019-10-12T18:50:03","slug":"a-la-frontiere-turque-la-peur-de-critiquer-loffensive-en-syrie","status":"publish","type":"post","link":"https:\/\/linitiative.ca\/International\/a-la-frontiere-turque-la-peur-de-critiquer-loffensive-en-syrie\/","title":{"rendered":"A la fronti\u00e8re turque, la peur de critiquer l\u2019offensive en Syrie"},"content":{"rendered":"<p>En premi\u00e8re ligne de l\u2019offensive d\u00e9clench\u00e9e par Ankara en Syrie cette semaine, des habitants des villes turques frontali\u00e8res n\u2019ont qu\u2019un souhait : le retour au calme. Mais beaucoup, comme \u00e0 Suru\u00e7, ont peur d\u2019exprimer la moindre critique.<\/p>\n<p>Cette ville, qui fait face \u00e0 Koban\u00e9, sa \u00ab\u00a0jumelle\u00a0\u00bb syrienne, \u00e9tait plong\u00e9e dans le deuil samedi, au lendemain de tirs d\u2019obus \u00e0 partir de la Syrie qui ont co\u00fbt\u00e9 la vie \u00e0 trois de ses habitants.<\/p>\n<p>Parmi eux, Halil Yagmur, un \u00e9lu de quartier et p\u00e8re de 10 enfants. A ses fun\u00e9railles, plusieurs dizaines de personnes sanglotent le visage entre les mains. \u00ab\u00a0Papa !\u00a0\u00bb, s\u2019exclame une femme quand le corps est enlev\u00e9.<\/p>\n<p>Dans sa pri\u00e8re pour le d\u00e9funt, l\u2019imam s\u2019efforce de rassurer et de r\u00e9conforter : \u00ab\u00a0Nous sommes unis, nous ne serons jamais divis\u00e9s\u00a0\u00bb, exhorte-t-il.<\/p>\n<p>Mais parmi les habitants assistant \u00e0 la c\u00e9r\u00e9monie, la tension est palpable, accentu\u00e9e par la pr\u00e9sence de militaires et de policiers en civil.<\/p>\n<p>Yagmur a \u00e9t\u00e9 tu\u00e9 vendredi avec deux autres personnes \u00e0 Suru\u00e7 par des projectiles tir\u00e9s des zones contr\u00f4l\u00e9es en Syrie par la milice kurde des Unit\u00e9s de protection du peuple (YPG).<\/p>\n<p>La Turquie effectue depuis mercredi une op\u00e9ration militaire contre ce groupe soutenu par les pays occidentaux mais qu\u2019elle qualifie de \u00ab\u00a0terroriste\u00a0\u00bb pour ses liens avec le Parti des travailleurs du Kurdistan (PKK), une organisation qui livre une sanglante gu\u00e9rilla sur le sol turc depuis 1984.<\/p>\n<p>L\u2019op\u00e9ration est bruyamment acclam\u00e9e par des c\u00e9l\u00e9brit\u00e9s et la majorit\u00e9 des responsables politiques, ainsi que par une large partie de la population, \u00e9puis\u00e9e par des d\u00e9cennies de gu\u00e9rilla kurde.<\/p>\n<p>\u2013 \u00ab\u00a0Encore des guerres !\u00a0\u00bb \u2013<\/p>\n<p>Mais pour la plupart de ceux qui s\u2019y opposent, le silence est de rigueur : le gouvernement r\u00e9prime en effet sans merci ceux qui \u00e9mettent des critiques.<\/p>\n<p>Depuis mercredi, 121 personnes accus\u00e9es d\u2019avoir fait de la \u00ab\u00a0propagande terroriste\u00a0\u00bb contre l\u2019op\u00e9ration sur les r\u00e9seaux sociaux ont \u00e9t\u00e9 arr\u00eat\u00e9es en Turquie.<\/p>\n<p>La situation est d\u2019autant plus tendue dans les villes frontali\u00e8res que certaines d\u2019entre elles ont une forte population kurde.<\/p>\n<p>\u00ab\u00a0On a peur de critiquer l\u2019op\u00e9ration\u00a0\u00bb, d\u00e9clare \u00e0 l\u2019AFP un habitant de Suru\u00e7, demandant l\u2019anonymat de peur de repr\u00e9sailles.<\/p>\n<p>\u00ab\u00a0Si vous \u00e9tiez \u00e0 notre place, vous auriez peur, vous aussi\u00a0\u00bb, dit-il, ajoutant dans un murmure qu\u2019il aurait pr\u00e9f\u00e9r\u00e9 qu\u2019il n\u2019y ait pas eu d\u2019op\u00e9ration militaire.<\/p>\n<p>Un autre habitant d\u2019une cinquantaine d\u2019ann\u00e9es, qui demande lui aussi \u00e0 ne pas \u00eatre nomm\u00e9, se dit \u00ab\u00a0contre tout type d\u2019op\u00e9rations militaires\u00a0\u00bb.<\/p>\n<p>Interrog\u00e9 \u00e0 ce sujet, son ami refuse de r\u00e9pondre.<\/p>\n<p>\u00ab\u00a0Nous voulons la paix\u00a0\u00bb, d\u00e9clare Sarya Dogan, une femme pr\u00e9sente aux fun\u00e9railles samedi, \u00e9puis\u00e9e par des ann\u00e9es de violences, sur fond de reprise du conflit kurde en 2015.<\/p>\n<p>\u00ab\u00a0Des guerres, encore des guerres ! Nous sommes tous fr\u00e8res et soeurs !\u00a0\u00bb, ajoute-t-elle.<\/p>\n<p>\u2013 \u00ab\u00a0Maudit PKK\u00a0\u00bb \u2013<\/p>\n<p>Pour ceux qui soutiennent l\u2019offensive d\u00e9clench\u00e9e par le pr\u00e9sident Recep Tayyip Erdogan, nul besoin de se cacher.<\/p>\n<p>A chaque convoi qui traverse une ville en direction de la fronti\u00e8re, des foules poussent des cris de joie en agitant des drapeaux turcs.<\/p>\n<p>\u00ab\u00a0Que Dieu aide notre pays !\u00a0\u00bb, lance Selami Arslan, agriculteur de son \u00e9tat. \u00ab\u00a0Nous ne voulons pas que d\u2019autres musulmans meurent\u00a0\u00bb, dit-il pour expliquer son soutien \u00e0 l\u2019op\u00e9ration.<\/p>\n<p>Depuis mercredi, les tirs de mortier des forces kurdes contre les villes frontali\u00e8res turques comme Suru\u00e7, Nusaybin, Ak\u00e7akale et Ceylanpinar ont fait 18 morts parmi les civils et \u00e9chauff\u00e9 les esprits.<\/p>\n<p>\u00ab\u00a0Les martyrs sont immortels, notre patrie est indivisible !\u00a0\u00bb, \u00ab\u00a0Maudit soit le PKK !\u00a0\u00bb, a ainsi scand\u00e9 la foule qui a assist\u00e9 vendredi aux fun\u00e9railles d\u2019un b\u00e9b\u00e9 de neuf mois tu\u00e9 par un obus \u00e0 Ak\u00e7akale.<\/p>\n<p>Si plusieurs centaines de familles ont quitt\u00e9 les villes frontali\u00e8res depuis mercredi, beaucoup sont rest\u00e9s ou sont m\u00eame venus de villes voisines pour afficher leur soutien ou observer les colonnes de fum\u00e9e qui s\u2019\u00e9l\u00e8vent apr\u00e8s les bombardements turcs.<\/p>\n<p>\u00ab\u00a0Nous sommes ici pour soutenir nos soldats, notre gouvernement et notre peuple\u00a0\u00bb, dit Bub Aslanli, un agriculteur de Ceylanpinar. \u00ab\u00a0Nous prions pour eux\u00a0\u00bb.<\/p>\n<p>Auteur: AFP<br \/>\n<a href=\"https:\/\/www.journalducameroun.com\/a-la-frontiere-turque-la-peur-de-critiquer-loffensive-en-syrie\/\">Cliquez ici pour lire l&rsquo;article depuis sa source.<\/a><\/p>\n","protected":false},"excerpt":{"rendered":"<p>En premi\u00e8re ligne de l\u2019offensive d\u00e9clench\u00e9e par Ankara en Syrie cette semaine, des habitants des villes turques frontali\u00e8res n\u2019ont qu\u2019un souhait : le retour au calme. Mais beaucoup, comme \u00e0 Suru\u00e7, ont peur d\u2019exprimer la moindre critique. Cette ville, qui fait face \u00e0 Koban\u00e9, sa \u00ab\u00a0jumelle\u00a0\u00bb syrienne, \u00e9tait plong\u00e9e dans le deuil samedi, au lendemain [&hellip;]<\/p>\n","protected":false},"author":1965,"featured_media":0,"comment_status":"closed","ping_status":"closed","sticky":false,"template":"","format":"standard","meta":{"fifu_image_url":"","fifu_image_alt":"","footnotes":""},"categories":[73,82],"tags":[],"class_list":["post-64197","post","type-post","status-publish","format-standard","hentry","category-actualite","category-cameroun"],"_links":{"self":[{"href":"https:\/\/linitiative.ca\/International\/wp-json\/wp\/v2\/posts\/64197","targetHints":{"allow":["GET"]}}],"collection":[{"href":"https:\/\/linitiative.ca\/International\/wp-json\/wp\/v2\/posts"}],"about":[{"href":"https:\/\/linitiative.ca\/International\/wp-json\/wp\/v2\/types\/post"}],"author":[{"embeddable":true,"href":"https:\/\/linitiative.ca\/International\/wp-json\/wp\/v2\/users\/1965"}],"replies":[{"embeddable":true,"href":"https:\/\/linitiative.ca\/International\/wp-json\/wp\/v2\/comments?post=64197"}],"version-history":[{"count":0,"href":"https:\/\/linitiative.ca\/International\/wp-json\/wp\/v2\/posts\/64197\/revisions"}],"wp:attachment":[{"href":"https:\/\/linitiative.ca\/International\/wp-json\/wp\/v2\/media?parent=64197"}],"wp:term":[{"taxonomy":"category","embeddable":true,"href":"https:\/\/linitiative.ca\/International\/wp-json\/wp\/v2\/categories?post=64197"},{"taxonomy":"post_tag","embeddable":true,"href":"https:\/\/linitiative.ca\/International\/wp-json\/wp\/v2\/tags?post=64197"}],"curies":[{"name":"wp","href":"https:\/\/api.w.org\/{rel}","templated":true}]}}