{"id":64201,"date":"2019-10-13T06:33:33","date_gmt":"2019-10-13T10:33:33","guid":{"rendered":"https:\/\/linitiative.ca\/International\/epidemiologie-cancer-du-col-de-luterus-au-maroc\/"},"modified":"2019-10-13T06:33:33","modified_gmt":"2019-10-13T10:33:33","slug":"epidemiologie-cancer-du-col-de-luterus-au-maroc","status":"publish","type":"post","link":"https:\/\/linitiative.ca\/International\/epidemiologie-cancer-du-col-de-luterus-au-maroc\/","title":{"rendered":"Epid\u00e9miologie cancer du col de l\u2019ut\u00e9rus au Maroc"},"content":{"rendered":"<h6 class=\"c2\"><strong>Dr Madiha Ouchamch, Pr Soulaymani Abdelmajid; Pr Hind Hammi<\/strong><\/h6>\n<p class=\"c5\"><span class=\"c4\"><strong><span class=\"c3\">Le cancer du col ut\u00e9rin constitue un v\u00e9ritable probl\u00e8me de sant\u00e9 publique au Maroc. Il est consid\u00e9r\u00e9 comme le 2e cancer le plus fr\u00e9quent chez les femmes marocaines apr\u00e8s le cancer du sein avec des taux les plus \u00e9lev\u00e9s dans le monde arabe.<\/span><\/strong><\/span><\/p>\n<p class=\"c5\">Le Maroc connait une transition \u00e9pid\u00e9miologique avec une augmentation du taux de morbidit\u00e9 et de mortalit\u00e9 des maladies non transmissibles comme les cancers. L\u2019objectif principal de ce travail est d\u2019am\u00e9liorer les connaissances sur le cancer du col de l\u2019ut\u00e9rus. Il s\u2019agit de mettre en \u00e9vidence les principaux facteurs de risque\u00a0et la prise en charge.<\/p>\n<p class=\"c5\">Le col de l\u2019ut\u00e9rus est la partie basse et \u00e9troite de l\u2019ut\u00e9rus. Le cancer du col est une maladie qui se d\u00e9veloppe sur la muqueuse du col de l\u2019ut\u00e9rus et sur le tissu qui le recouvre. La cause principale est une infection persistante par un virus qui se transmet par voie sexuelle, notamment le papillomavirus humain ou HPV. Lorsque ce virus s\u2019installe, il peut provoquer des modifications de l\u2019\u00e9pith\u00e9lium et des l\u00e9sions pr\u00e9canc\u00e9reuses. Cette \u00e9volution peut paraitre lente puisqu\u2019un cancer peut se d\u00e9velopper 10 \u00e0 15 ans apr\u00e8s l\u2019infection.<\/p>\n<p class=\"c5\">Les autres facteurs de risques\u00a0sont l\u2019activit\u00e9 sexuelle pr\u00e9coce, le tabagisme, l\u2019infection au virus de l\u2019immunod\u00e9ficience humaine, les ant\u00e9c\u00e9dents d\u2019infection transmissibles sexuellement ITS, les contraceptifs oraux. On peut utiliser plusieurs tests pour d\u00e9pister le cancer du col ut\u00e9rin, entre autres le frottis de papanicolaou qui\u00a0 est un test simple et indolore.<\/p>\n<p class=\"c5\">Une \u00e9tude a \u00e9t\u00e9 men\u00e9e \u00e0 l\u2019H\u00f4pital Moulay Abdellah, notamment \u00e0 l\u2019Institut national d\u2019Oncologie (INO) de Rabat. \u00a0L\u2019\u00e9tude r\u00e9trospective a \u00e9t\u00e9 r\u00e9alis\u00e9e \u00e0 partir des donn\u00e9es des dossiers d\u2019hospitalisation des patientes prises en charge pour cancer du col. Elle a \u00e9t\u00e9 men\u00e9e du mois de Janvier 2010\u00a0 au mois de Septembre 2017 et a consist\u00e9 en une description de la population<\/p>\n<p class=\"c5\">en fonction des caract\u00e9ristiques sociod\u00e9mographiques, des stades au diagnostic, la dur\u00e9e et le suivi des patientes.<\/p>\n<p class=\"c5\">Dans l\u2019\u00e9tude: 70% des patientes \u00e9taient des femmes au foyer, 70% \u00e9taient d\u2019origine rurale, avec 80% ayant un niveau socio\u00e9conomique consid\u00e9r\u00e9 comme bas. La dur\u00e9e du suivi m\u00e9dical de ces patientes \u00e9tait de 24 mois, la distance entre le lieu d\u2019habitation et le lieu du diagnostic \u00e9tait de 200 Km (nord). Le diagnostic a \u00e9t\u00e9 r\u00e9alis\u00e9 au stade 2 Figo.\u00a0Cette \u00e9tude a mis le doigt sur les probl\u00e8mes de retard de diagnostic, de l\u2019accessibilit\u00e9 aux soins et la distance aux h\u00f4pitaux.<\/p>\n<p class=\"c5\">Nos r\u00e9sultats confirment que l\u2019infection HPV est un facteur de risque majeur du cancer du col. Les autres facteurs \u00e9taient, notamment les ant\u00e9c\u00e9dents d\u2019IST, le VIH, les contraceptifs oraux, le tabagisme\u2026<\/p>\n<p class=\"c5\">L\u2019\u00e9tude r\u00e9alis\u00e9e \u00a0a mis en \u0153uvre les populations \u00e0 risque de cancer du col. Elle pointe \u00e9galement du doigt les risques li\u00e9s au retard de diagnostic vu les conditions sociod\u00e9mographiques et la n\u00e9cessit\u00e9 de mieux les cibler dans les programmes de d\u00e9pistage d\u2019information et d\u2019\u00e9ducation et de cr\u00e9er des campagnes de sensibilisation et d\u2019information sur le cancer du col. D\u2019ailleurs, la fondation Lalla Salma pour la pr\u00e9vention et le traitement des cancers a consid\u00e9rablement stimul\u00e9 la pr\u00e9vention et le d\u00e9pistage pr\u00e9coce du cancer au Maroc depuis sa cr\u00e9ation en 2005.<\/p>\n<p>Auteur: M&rsquo;hammed rahal<br \/>\n<a href=\"http:\/\/albayane.press.ma\/epidemiologie-cancer-du-col-de-luterus-au-maroc.html\">Cliquez ici pour lire l&rsquo;article depuis sa source.<\/a><\/p>\n","protected":false},"excerpt":{"rendered":"<p>Dr Madiha Ouchamch, Pr Soulaymani Abdelmajid; Pr Hind Hammi Le cancer du col ut\u00e9rin constitue un v\u00e9ritable probl\u00e8me de sant\u00e9 publique au Maroc. Il est consid\u00e9r\u00e9 comme le 2e cancer le plus fr\u00e9quent chez les femmes marocaines apr\u00e8s le cancer du sein avec des taux les plus \u00e9lev\u00e9s dans le monde arabe. Le Maroc connait [&hellip;]<\/p>\n","protected":false},"author":1760,"featured_media":0,"comment_status":"closed","ping_status":"closed","sticky":false,"template":"","format":"standard","meta":{"fifu_image_url":"","fifu_image_alt":"","footnotes":""},"categories":[73,54],"tags":[],"class_list":["post-64201","post","type-post","status-publish","format-standard","hentry","category-actualite","category-maroc"],"_links":{"self":[{"href":"https:\/\/linitiative.ca\/International\/wp-json\/wp\/v2\/posts\/64201","targetHints":{"allow":["GET"]}}],"collection":[{"href":"https:\/\/linitiative.ca\/International\/wp-json\/wp\/v2\/posts"}],"about":[{"href":"https:\/\/linitiative.ca\/International\/wp-json\/wp\/v2\/types\/post"}],"author":[{"embeddable":true,"href":"https:\/\/linitiative.ca\/International\/wp-json\/wp\/v2\/users\/1760"}],"replies":[{"embeddable":true,"href":"https:\/\/linitiative.ca\/International\/wp-json\/wp\/v2\/comments?post=64201"}],"version-history":[{"count":0,"href":"https:\/\/linitiative.ca\/International\/wp-json\/wp\/v2\/posts\/64201\/revisions"}],"wp:attachment":[{"href":"https:\/\/linitiative.ca\/International\/wp-json\/wp\/v2\/media?parent=64201"}],"wp:term":[{"taxonomy":"category","embeddable":true,"href":"https:\/\/linitiative.ca\/International\/wp-json\/wp\/v2\/categories?post=64201"},{"taxonomy":"post_tag","embeddable":true,"href":"https:\/\/linitiative.ca\/International\/wp-json\/wp\/v2\/tags?post=64201"}],"curies":[{"name":"wp","href":"https:\/\/api.w.org\/{rel}","templated":true}]}}