{"id":64202,"date":"2019-10-13T06:44:29","date_gmt":"2019-10-13T10:44:29","guid":{"rendered":"https:\/\/linitiative.ca\/International\/agir-pour-un-tourisme-creatif\/"},"modified":"2019-10-13T06:44:29","modified_gmt":"2019-10-13T10:44:29","slug":"agir-pour-un-tourisme-creatif","status":"publish","type":"post","link":"https:\/\/linitiative.ca\/International\/agir-pour-un-tourisme-creatif\/","title":{"rendered":"Agir pour un tourisme cr\u00e9atif!"},"content":{"rendered":"<p class=\"c4\"><span class=\"c3\"><strong><span class=\"c2\">L<\/span>a d\u00e9b\u00e2cle de Tomas Cook et d\u2019autres Tours Op\u00e9rateurs du tourisme mondial, aura ass\u00e9n\u00e9 des coups durs \u00e0 certaines destinations du royaume, sp\u00e9cialement \u00e0 Marrakech et \u00e0 Agadir.<\/strong><\/span><\/p>\n<p class=\"c4\">Cette culbute subite a occasionn\u00e9 une ardoise de plus de cent millions de dhs, 35% pour la cit\u00e9 ocre, 25% pour la capitale du Souss et 40% pour les r\u00e9ceptifs, les transporteurs, les restaurateur et bien d\u2019autres. Certes, ce n\u2019est qu\u2019un incident de parcours qui confirme bien le caract\u00e8re vell\u00e9itaire d\u2019un secteur tributaire de la conjoncture universelle. Mais, puisqu\u2019on escompte fortement sur l\u2019\u00e9conomie du tourisme, pour sa primaut\u00e9 en sa qualit\u00e9 de premier pourvoyeur de devises et de second grand employeur de ressources humaines, juste apr\u00e8s l\u2019agriculture, l\u2019Etat se devrait d\u2019accompagner et d\u2019assister le secteur, notamment en cas de p\u00e9riodes de vaches maigres.<\/p>\n<p class=\"c4\">Or, \u00e0 la diff\u00e9rence de ses homologues turcs, tunisiens ou grecs, l\u2019attitude des responsables marocains a l\u2019air de se d\u00e9rober de ses devoirs de\u00a0 tutelle envers d\u2019\u00e9ventuels naufrages qui peuvent survenir \u00e0 tout moment. On ne peut donc esp\u00e9rer garantir une r\u00e9elle \u00a0impulsion, f\u00e9conde et p\u00e9renne, avec des centres de d\u00e9cision d\u00e9missionnaires.<\/p>\n<p class=\"c4\">Une destination comme Agadir est cens\u00e9e rebondir \u00e0 plein r\u00e9gime, avec une v\u00e9ritable politique de relance agressive, ax\u00e9e sur la consolidation des structures d\u2019accueil ainsi que des segments de taille (a\u00e9rien, restauration, agences de voyage, artisanat, animation\u2026), la mise en avant des projets structurants idoines, la diversification des offres propos\u00e9es, la mise en place de la promotion du produit \u00a0et du marketing performant, la mise en fonction de l\u2019animation continuelle pour r\u00e9duire la saisonnalit\u00e9\u2026<\/p>\n<p class=\"c4\">Pour ce faire, la conjugaison des efforts de tous les intervenants, institutionnels, associatifs, professionnels, est une exigence imp\u00e9rative, car le tourisme, de par son aspect soci\u00e9tal, sa dimension universelle et sa nature vuln\u00e9rable, n\u00e9cessite le parrainage de toutes les parties. C\u2019est ce qu\u2019attend s\u00fbrement la nouvelle ministre du tourisme de sa premi\u00e8re visite dans la capitale du Souss, dans certainement de temps. De par son expertise en mati\u00e8re redressement immobilier et financier, acquise dans ses fonctions ant\u00e9rieures, elle s\u2019attellera, sans doute, \u00e0 la refonte des structures h\u00f4teli\u00e8res d\u00e9labr\u00e9es, la r\u00e9solution des litiges relatifs \u00e0 l\u2019arr\u00eat de nombre d\u2019h\u00f4tels et l\u2019ach\u00e8vement des travaux d\u2019autres b\u00e2tisses essouffl\u00e9es, il y a belle lurette.<\/p>\n<p class=\"c4\">Mais, avec une volont\u00e9 \u00e9tatique d\u2019appui effectif et non d\u2019esprit indiff\u00e9rent qui a toujours caract\u00e9ris\u00e9 les services centraux de tutelle et sa sph\u00e8re, notamment la compagnie a\u00e9rienne dont l\u2019int\u00e9r\u00eat sur Agadir a constamment \u00e9t\u00e9 \u00e9triqu\u00e9, en termes de tourisme. Il est alors question d\u2019un sursaut de fond qu\u2019il va falloir entamer, en parfaite synergie de tous les intervenants, d\u2019autant plus que le Wali\u00a0 est pleinement acquis \u00e0 cette relance salvatrice, vu son apport d\u00e9cisif pour r\u00e9tablir un CRT, ayant longtemps v\u00e9cu, auparavant, dans la d\u00e9sunion et l\u2019inertie. Il va sans dire, en fait, que l\u2019int\u00e9gration du secteur du tourisme dans une dynamique globale, marqu\u00e9e par la dynamisation actuelle des leviers cl\u00e9s d\u2019investissement pluridimensionnel, en particulier dans les domaines d\u2019industrie, constitue une d\u00e9marche opportune \u00a0pour une v\u00e9ritable expansion incluante et harmonieuse.<\/p>\n<p>Auteur: M&rsquo;hammed rahal<br \/>\n<a href=\"http:\/\/albayane.press.ma\/agir-pour-un-tourisme-creatif.html\">Cliquez ici pour lire l&rsquo;article depuis sa source.<\/a><\/p>\n","protected":false},"excerpt":{"rendered":"<p>La d\u00e9b\u00e2cle de Tomas Cook et d\u2019autres Tours Op\u00e9rateurs du tourisme mondial, aura ass\u00e9n\u00e9 des coups durs \u00e0 certaines destinations du royaume, sp\u00e9cialement \u00e0 Marrakech et \u00e0 Agadir. Cette culbute subite a occasionn\u00e9 une ardoise de plus de cent millions de dhs, 35% pour la cit\u00e9 ocre, 25% pour la capitale du Souss et 40% [&hellip;]<\/p>\n","protected":false},"author":1760,"featured_media":0,"comment_status":"closed","ping_status":"closed","sticky":false,"template":"","format":"standard","meta":{"fifu_image_url":"","fifu_image_alt":"","footnotes":""},"categories":[73,54],"tags":[],"class_list":["post-64202","post","type-post","status-publish","format-standard","hentry","category-actualite","category-maroc"],"_links":{"self":[{"href":"https:\/\/linitiative.ca\/International\/wp-json\/wp\/v2\/posts\/64202","targetHints":{"allow":["GET"]}}],"collection":[{"href":"https:\/\/linitiative.ca\/International\/wp-json\/wp\/v2\/posts"}],"about":[{"href":"https:\/\/linitiative.ca\/International\/wp-json\/wp\/v2\/types\/post"}],"author":[{"embeddable":true,"href":"https:\/\/linitiative.ca\/International\/wp-json\/wp\/v2\/users\/1760"}],"replies":[{"embeddable":true,"href":"https:\/\/linitiative.ca\/International\/wp-json\/wp\/v2\/comments?post=64202"}],"version-history":[{"count":0,"href":"https:\/\/linitiative.ca\/International\/wp-json\/wp\/v2\/posts\/64202\/revisions"}],"wp:attachment":[{"href":"https:\/\/linitiative.ca\/International\/wp-json\/wp\/v2\/media?parent=64202"}],"wp:term":[{"taxonomy":"category","embeddable":true,"href":"https:\/\/linitiative.ca\/International\/wp-json\/wp\/v2\/categories?post=64202"},{"taxonomy":"post_tag","embeddable":true,"href":"https:\/\/linitiative.ca\/International\/wp-json\/wp\/v2\/tags?post=64202"}],"curies":[{"name":"wp","href":"https:\/\/api.w.org\/{rel}","templated":true}]}}