{"id":64203,"date":"2019-10-13T06:54:28","date_gmt":"2019-10-13T10:54:28","guid":{"rendered":"https:\/\/linitiative.ca\/International\/le-nobel-consacre-la-paix-entre-freres-ennemis-ethiopien-et-erythreen\/"},"modified":"2019-10-13T06:54:28","modified_gmt":"2019-10-13T10:54:28","slug":"le-nobel-consacre-la-paix-entre-freres-ennemis-ethiopien-et-erythreen","status":"publish","type":"post","link":"https:\/\/linitiative.ca\/International\/le-nobel-consacre-la-paix-entre-freres-ennemis-ethiopien-et-erythreen\/","title":{"rendered":"Le Nobel consacre la paix entre \u00abfr\u00e8res ennemis\u00bb \u00e9thiopien et \u00e9rythr\u00e9en"},"content":{"rendered":"<p class=\"c4\"><em><span class=\"c3\"><strong>L<span class=\"c2\">e Nobel de la paix a r\u00e9compens\u00e9 vendredi le Premier ministre \u00e9thiopien Abiy Ahmed, artisan d\u2019une r\u00e9conciliation spectaculaire avec l\u2019ex-fr\u00e8re ennemi \u00e9rythr\u00e9en et p\u00e8re de r\u00e9formes susceptibles de transformer en profondeur un pays longtemps livr\u00e9 \u00e0 l\u2019autoritarisme.<\/span><\/strong><\/span><\/em><\/p>\n<p class=\"c4\">Ce prix est un coup de pouce bienvenu pour le plus jeune dirigeant africain, \u00e2g\u00e9 de 43 ans et au pouvoir depuis seulement 18 mois, qui fait face \u00e0 une inqui\u00e9tante flamb\u00e9e de violences intercommunautaires dans son pays, o\u00f9 des \u00e9lections l\u00e9gislatives sont cens\u00e9es avoir lieu en mai 2020.<br \/>Se disant \u00ab\u00a0honor\u00e9\u00a0\u00bb et \u00ab\u00a0ravi\u00a0\u00bb, M. Abiy a salu\u00e9 \u00ab\u00a0un prix donn\u00e9 \u00e0 l\u2019Afrique\u00a0\u00bb. \u00ab\u00a0J\u2019imagine que les autres dirigeants d\u2019Afrique vont penser qu\u2019il est possible de travailler sur les processus de construction de la paix sur notre continent\u00a0\u00bb, a-t-il dit lors d\u2019une br\u00e8ve conversation t\u00e9l\u00e9phonique avec l\u2019Institut Nobel.<br \/>M. Abiy est r\u00e9compens\u00e9 \u00ab\u00a0pour ses efforts en vue d\u2019arriver \u00e0 la paix et en faveur de la coop\u00e9ration internationale, en particulier pour son initiative d\u00e9terminante visant \u00e0 r\u00e9soudre le conflit frontalier avec l\u2019Erythr\u00e9e voisine\u00a0\u00bb, a d\u00e9clar\u00e9 la pr\u00e9sidente du comit\u00e9 Nobel norv\u00e9gien, Berit Reiss-Andersen.<br \/>Arriv\u00e9 au pouvoir en avril 2018 apr\u00e8s plusieurs ann\u00e9es de protestations anti-gouvernementales, Abiy Ahmed a initi\u00e9 un rapprochement au pas de charge avec l\u2019\u00c9rythr\u00e9e, ancienne province \u00e9thiopienne, et oeuvr\u00e9 plus g\u00e9n\u00e9ralement pour la paix dans la Corne de l\u2019Afrique.<br \/>A l\u2019issue d\u2019une rencontre historique le 9 juillet 2018 \u00e0 Asmara, la capitale \u00e9rythr\u00e9enne, le pr\u00e9sident \u00e9rythr\u00e9en Issaias Afeworki et lui-m\u00eame ont mis fin \u00e0 20 ans d\u2019\u00e9tat de guerre.<br \/>R\u00e9ouverture d\u2019ambassades et de postes-fronti\u00e8res, r\u00e9tablissement des liaisons a\u00e9riennes, multiplication des rencontres: la r\u00e9conciliation a \u00e9t\u00e9 men\u00e9e tambour battant.<br \/>Salu\u00e9 comme visionnaire et r\u00e9formateur, le jeune dirigeant, issu d\u2019une famille pauvre, a ainsi insuffl\u00e9 un certain optimisme dans une r\u00e9gion du globe o\u00f9 celui-ci est une denr\u00e9e rare.<br \/>Mais l\u2019enthousiasme a vite fait place \u00e0 la frustration. La fronti\u00e8re entre les deux pays est \u00e0 nouveau ferm\u00e9e, la signature d\u2019accords commerciaux se fait attendre et l\u2019\u00c9thiopie, pays enclav\u00e9, n\u2019a toujours pas acc\u00e8s aux ports \u00e9rythr\u00e9ens.<br \/>Le chemin \u00e0 parcourir avant une paix ferme et d\u00e9finitive est encore long, estiment les analystes.<br \/>\u00ab\u00a0C\u2019est \u00e0 la fois une reconnaissance et un encouragement pour ses efforts\u00a0\u00bb, a soulign\u00e9 Mme Reiss-Andersen, d\u00e9samor\u00e7ant une \u00e9ventuelle pol\u00e9mique sur le caract\u00e8re pr\u00e9matur\u00e9 du Nobel. \u00ab\u00a0Il reste assur\u00e9ment plusieurs d\u00e9fis \u00e0 relever et nous ne pouvons pas \u00eatre certains que tout sera couronn\u00e9 de succ\u00e8s\u00a0\u00bb, a-t-elle d\u00e9clar\u00e9 \u00e0 l\u2019AFPTV.<br \/>Sur le plan int\u00e9rieur, M. Abiy a rompu avec l\u2019autoritarisme de ses pr\u00e9d\u00e9cesseurs, lib\u00e9r\u00e9 des milliers de prisonniers politiques, cr\u00e9\u00e9 une commission de r\u00e9conciliation nationale et lev\u00e9 l\u2019interdiction pesant sur certains partis politiques.<\/p>\n<p class=\"c4\">\u00a0Le Nobel, qui consiste en un dipl\u00f4me, une m\u00e9daille d\u2019or et un ch\u00e8que de 9 millions de couronnes su\u00e9doises (environ 830.000 euros), sera remis \u00e0 Oslo le 10 d\u00e9cembre.<\/p>\n<p>Auteur: M&rsquo;hammed rahal<br \/>\n<a href=\"http:\/\/albayane.press.ma\/le-nobel-consacre-la-paix-entre-freres-ennemis-ethiopien-et-erythreen.html\">Cliquez ici pour lire l&rsquo;article depuis sa source.<\/a><\/p>\n","protected":false},"excerpt":{"rendered":"<p>Le Nobel de la paix a r\u00e9compens\u00e9 vendredi le Premier ministre \u00e9thiopien Abiy Ahmed, artisan d\u2019une r\u00e9conciliation spectaculaire avec l\u2019ex-fr\u00e8re ennemi \u00e9rythr\u00e9en et p\u00e8re de r\u00e9formes susceptibles de transformer en profondeur un pays longtemps livr\u00e9 \u00e0 l\u2019autoritarisme. Ce prix est un coup de pouce bienvenu pour le plus jeune dirigeant africain, \u00e2g\u00e9 de 43 ans [&hellip;]<\/p>\n","protected":false},"author":1760,"featured_media":0,"comment_status":"closed","ping_status":"closed","sticky":false,"template":"","format":"standard","meta":{"fifu_image_url":"","fifu_image_alt":"","footnotes":""},"categories":[73,54],"tags":[],"class_list":["post-64203","post","type-post","status-publish","format-standard","hentry","category-actualite","category-maroc"],"_links":{"self":[{"href":"https:\/\/linitiative.ca\/International\/wp-json\/wp\/v2\/posts\/64203","targetHints":{"allow":["GET"]}}],"collection":[{"href":"https:\/\/linitiative.ca\/International\/wp-json\/wp\/v2\/posts"}],"about":[{"href":"https:\/\/linitiative.ca\/International\/wp-json\/wp\/v2\/types\/post"}],"author":[{"embeddable":true,"href":"https:\/\/linitiative.ca\/International\/wp-json\/wp\/v2\/users\/1760"}],"replies":[{"embeddable":true,"href":"https:\/\/linitiative.ca\/International\/wp-json\/wp\/v2\/comments?post=64203"}],"version-history":[{"count":0,"href":"https:\/\/linitiative.ca\/International\/wp-json\/wp\/v2\/posts\/64203\/revisions"}],"wp:attachment":[{"href":"https:\/\/linitiative.ca\/International\/wp-json\/wp\/v2\/media?parent=64203"}],"wp:term":[{"taxonomy":"category","embeddable":true,"href":"https:\/\/linitiative.ca\/International\/wp-json\/wp\/v2\/categories?post=64203"},{"taxonomy":"post_tag","embeddable":true,"href":"https:\/\/linitiative.ca\/International\/wp-json\/wp\/v2\/tags?post=64203"}],"curies":[{"name":"wp","href":"https:\/\/api.w.org\/{rel}","templated":true}]}}