{"id":64204,"date":"2019-10-13T07:17:29","date_gmt":"2019-10-13T11:17:29","guid":{"rendered":"https:\/\/linitiative.ca\/International\/un-imposant-cortege-aux-funerailles-de-kacem-lghazoui\/"},"modified":"2019-10-13T07:17:29","modified_gmt":"2019-10-13T11:17:29","slug":"un-imposant-cortege-aux-funerailles-de-kacem-lghazoui","status":"publish","type":"post","link":"https:\/\/linitiative.ca\/International\/un-imposant-cortege-aux-funerailles-de-kacem-lghazoui\/","title":{"rendered":"Un imposant cort\u00e8ge aux fun\u00e9railles de Kacem Lghazoui"},"content":{"rendered":"<p class=\"c3\"><span class=\"c2\"><strong>En pr\u00e9sence du SG et d\u2019une forte d\u00e9l\u00e9gation de la direction du PPS<\/strong><\/span><\/p>\n<p class=\"c4\"><strong><span class=\"c2\"><img loading=\"lazy\" decoding=\"async\" class=\" wp-image-81999 alignright\" src=\"http:\/\/albayane.press.ma\/wp-content\/uploads\/ouv2-7-230x130.jpg\" alt=\"\" width=\"211\" height=\"119\"\/>L<\/span>es fun\u00e9railles du camarade Kacem Lghazoui, d\u00e9c\u00e9d\u00e9 mercredi 9 octobre 2019 apr\u00e8s un long combat contre la maladie, men\u00e9 avec constance, patience et courage, se sont d\u00e9roul\u00e9s \u00e0 Had Kourt, dans la province de Sidi Kacem. Une foule nombreuse a accompagn\u00e9 la d\u00e9pouille du grand militant patriotique et progressiste, qui \u00e9tait membre du Conseil de la Pr\u00e9sidence du Parti du progr\u00e8s et du socialisme.<\/strong><\/p>\n<p class=\"c4\"><strong>Parti du domicile familial, au douar Ouled Ghazia \u00e0 Had Kourt, un imposant cort\u00e8ge fun\u00e8bre a accompagn\u00e9 notre regrett\u00e9 camarade \u00e0 sa derni\u00e8re demeure.<\/strong><\/p>\n<p class=\"c4\"><strong>Les obs\u00e8ques se sont d\u00e9roul\u00e9es en pr\u00e9sence du Secr\u00e9taire g\u00e9n\u00e9ral du PPS, Mohamed Nabil Benabdalla et de nombreux dirigeants du Parti, dont Charafate Afailal, Nadia Touhami, Karim Taj, Mustapha Addichane, Abdessamad Zemzami et Ahmed Lgazoui, membres du Bureau politique.<\/strong><\/p>\n<p class=\"c4\"><strong>Ont \u00e9galement particip\u00e9 \u00e0 ces fun\u00e9railles solennelles, Amine Sbihi, ancien ministre de la Culture, Mustafa Labraimi,\u00a0 membre du pr\u00e9c\u00e9dent Bureau politique du PPS, Rahal Zakraoui, membre du Conseil de la Pr\u00e9sidence du PPS et Sa\u00efd Sihida, membre du Comit\u00e9 central du Parti.<\/strong><\/p>\n<p class=\"c4\"><strong>Parmi l\u2019immense foule qui a tenu \u00e0 participer aux fun\u00e9railles de Si Kacem, notons la pr\u00e9sence de nombreuses personnalit\u00e9s de la Gauche marocaine, les pr\u00e9sidents de commune de la province, des d\u00e9put\u00e9s, anciens et actuels, outre les nombreux militants et militantes du Parti du progr\u00e8s et du socialisme dans la r\u00e9gion, sans oublier les membres de la famille du regrett\u00e9 d\u00e9funt, ses proches et amis ainsi qu\u2019une foule nombreuse de citoyens venus de la r\u00e9gion.<\/strong><\/p>\n<p class=\"c4\"><strong>C\u2019est autant dire la position que Kacem Lghazoui occupait aupr\u00e8s des habitants et dans le c\u0153ur de ses camarades, amis et connaissances.<\/strong><\/p>\n<p class=\"c4\"><strong>Tout ce beau monde a tenu \u00e0 rendre un vibrant hommage \u00e0 celui qui fut un sinc\u00e8re militant patriotique et progressiste et aux valeurs et principes qu\u2019il a incarn\u00e9s et faits de d\u00e9vouement au Parti qu\u2019il n\u2019a pas quitt\u00e9 un seul instant et ce pendant plus d\u2019un demi-si\u00e8cle, garni par un combat inlassable aupr\u00e8s des paysans d\u00e9munis, des citoyens n\u00e9cessiteux et des habitants de sa r\u00e9gion.<\/strong><\/p>\n<p class=\"c4\"><strong>Pour tout cela, il a gagn\u00e9 la confiance et les c\u0153urs de toux ceux qui l\u2019ont connu, de pr\u00e8s ou de loin.<\/strong><\/p>\n<p class=\"c4\"><strong>Il laisse ainsi l\u2019empreinte d\u2019un militant d\u00e9vou\u00e9 qui a consacr\u00e9 sa vie aux id\u00e9aux du socialisme, dont il \u00e9tait fortement impr\u00e9gn\u00e9. C\u2019est le prototype du militant du monde rural par excellence, qui n\u2019a cherch\u00e9 ni gloire ni reconnaissance, alors qu\u2019il aurait pu \u00eatre dor\u00e9 sur tranche\u2026 Une fibre rare de nos jours.<\/strong><\/p>\n<p class=\"c4\"><strong>Un hommage amplement m\u00e9rit\u00e9 par ce militant exceptionnel.<\/strong><\/p>\n<p class=\"c4\"><strong>Qu\u2019il repose en paix. Aux siens toute notre compassion.<\/strong><\/p>\n<p class=\"c5\"><strong>M.K.<\/strong><\/p>\n<p>Auteur: M&rsquo;hammed rahal<br \/>\n<a href=\"http:\/\/albayane.press.ma\/81997.html\">Cliquez ici pour lire l&rsquo;article depuis sa source.<\/a><\/p>\n","protected":false},"excerpt":{"rendered":"<p>En pr\u00e9sence du SG et d\u2019une forte d\u00e9l\u00e9gation de la direction du PPS Les fun\u00e9railles du camarade Kacem Lghazoui, d\u00e9c\u00e9d\u00e9 mercredi 9 octobre 2019 apr\u00e8s un long combat contre la maladie, men\u00e9 avec constance, patience et courage, se sont d\u00e9roul\u00e9s \u00e0 Had Kourt, dans la province de Sidi Kacem. Une foule nombreuse a accompagn\u00e9 la [&hellip;]<\/p>\n","protected":false},"author":1760,"featured_media":64205,"comment_status":"closed","ping_status":"closed","sticky":false,"template":"","format":"standard","meta":{"fifu_image_url":"","fifu_image_alt":"","footnotes":""},"categories":[73,54],"tags":[],"class_list":["post-64204","post","type-post","status-publish","format-standard","has-post-thumbnail","hentry","category-actualite","category-maroc"],"_links":{"self":[{"href":"https:\/\/linitiative.ca\/International\/wp-json\/wp\/v2\/posts\/64204","targetHints":{"allow":["GET"]}}],"collection":[{"href":"https:\/\/linitiative.ca\/International\/wp-json\/wp\/v2\/posts"}],"about":[{"href":"https:\/\/linitiative.ca\/International\/wp-json\/wp\/v2\/types\/post"}],"author":[{"embeddable":true,"href":"https:\/\/linitiative.ca\/International\/wp-json\/wp\/v2\/users\/1760"}],"replies":[{"embeddable":true,"href":"https:\/\/linitiative.ca\/International\/wp-json\/wp\/v2\/comments?post=64204"}],"version-history":[{"count":0,"href":"https:\/\/linitiative.ca\/International\/wp-json\/wp\/v2\/posts\/64204\/revisions"}],"wp:featuredmedia":[{"embeddable":true,"href":"https:\/\/linitiative.ca\/International\/wp-json\/"}],"wp:attachment":[{"href":"https:\/\/linitiative.ca\/International\/wp-json\/wp\/v2\/media?parent=64204"}],"wp:term":[{"taxonomy":"category","embeddable":true,"href":"https:\/\/linitiative.ca\/International\/wp-json\/wp\/v2\/categories?post=64204"},{"taxonomy":"post_tag","embeddable":true,"href":"https:\/\/linitiative.ca\/International\/wp-json\/wp\/v2\/tags?post=64204"}],"curies":[{"name":"wp","href":"https:\/\/api.w.org\/{rel}","templated":true}]}}