{"id":64206,"date":"2019-10-13T07:23:47","date_gmt":"2019-10-13T11:23:47","guid":{"rendered":"https:\/\/linitiative.ca\/International\/emouvantes-obseques-a-seddina-tetouan-dabderrahmane-karkich\/"},"modified":"2019-10-13T07:23:47","modified_gmt":"2019-10-13T11:23:47","slug":"emouvantes-obseques-a-seddina-tetouan-dabderrahmane-karkich","status":"publish","type":"post","link":"https:\/\/linitiative.ca\/International\/emouvantes-obseques-a-seddina-tetouan-dabderrahmane-karkich\/","title":{"rendered":"\u00c9mouvantes obs\u00e8ques \u00e0 Seddina \u00abT\u00e9touan\u00bb d\u2019Abderrahmane Karkich"},"content":{"rendered":"<p class=\"c3\"><strong><span class=\"c2\"><img loading=\"lazy\" decoding=\"async\" class=\"size-medium wp-image-82003 alignright\" src=\"http:\/\/albayane.press.ma\/wp-content\/uploads\/Nabil-20-230x130.jpg\" alt=\"\" width=\"230\" height=\"130\"\/>L<\/span>es obs\u00e8ques du camarade Abderrahmane Karkich, membre du Comit\u00e9 central du Parti du progr\u00e8s et du socialisme, ont eu lieu jeudi apr\u00e8s-midi dans la commune de Seddina, \u00e0 l\u2019entr\u00e9e de la ville de T\u00e9touan.<\/strong><\/p>\n<p class=\"c3\"><strong>Le corps du d\u00e9funt camarade a \u00e9t\u00e9 accompagn\u00e9, jeudi apr\u00e8s la pri\u00e8re d\u2019addohr, par une foule nombreuse \u00e0 sa derni\u00e8re demeure, o\u00f9 il a \u00e9t\u00e9 enterr\u00e9 dans une ambiance fun\u00e8bre solennelle.<\/strong><\/p>\n<p class=\"c3\"><strong>En plus des membres de sa famille, une d\u00e9l\u00e9gation de la direction du Parti du progr\u00e8s et du socialisme, conduite par son Secr\u00e9taire g\u00e9n\u00e9ral Mohamed Nabil Benabdallah, a pris part \u00e0 ces fun\u00e9railles. Elle \u00e9tait compos\u00e9e de Charafat Afailal, Karim Taj et Mustapha Addichane, membres du Bureau politique du Parti.<\/strong><\/p>\n<p class=\"c3\"><strong>Parmi la foule dense ayant accompagn\u00e9 le regrett\u00e9 d\u00e9funt figurent des parlementaires, anciens et actuels, des pr\u00e9sidents de commune de la r\u00e9gion de Tanger-T\u00e9touan-Al Hoceima et de nombreux membres du Comit\u00e9 central du Parti du progr\u00e8s et du socialisme de la r\u00e9gion.<\/strong><\/p>\n<p class=\"c3\"><strong>Signalons, \u00e9galement, que de nombreux parents du d\u00e9funt, des amis, des proches et des connaissances\u00a0 ont assist\u00e9 \u00e0 ces obs\u00e8ques.<\/strong><\/p>\n<p class=\"c3\"><strong><img loading=\"lazy\" decoding=\"async\" class=\" wp-image-82004 alignright\" src=\"http:\/\/albayane.press.ma\/wp-content\/uploads\/rdc5-230x130.jpg\" alt=\"\" width=\"211\" height=\"119\"\/>Rappelons que le camarade Abderrahmane Karkich, membre du comit\u00e9 central du parti, \u00e9tait \u00e9galement pr\u00e9sident de la commune de Seddina et pr\u00e9sident du groupe environnemental Seddina \u00e0 T\u00e9touan. Il a tir\u00e9 sa r\u00e9v\u00e9rence mercredi 9 octobre 2019 \u00e0 la suite d\u2019un brusque malaise.<\/strong><\/p>\n<p class=\"c3\"><strong>Rappelons que le Secr\u00e9taire g\u00e9n\u00e9ral du PPS avait annonc\u00e9 le d\u00e9c\u00e8s de ce grand militant du Parti et avait pr\u00e9sent\u00e9 ses condol\u00e9ances personnelles et celles du Parti \u00e0 toute la famille du regrett\u00e9 camarade, \u00e0 ses proches et amis.<\/strong><\/p>\n<p class=\"c3\"><strong>Qu\u2019il repose en paix et aux siens patience et compassion.<\/strong><\/p>\n<p>Auteur: M&rsquo;hammed rahal<br \/>\n<a href=\"http:\/\/albayane.press.ma\/emouvantes-obseques-a-seddina-tetouan-dabderrahmane-karkich.html\">Cliquez ici pour lire l&rsquo;article depuis sa source.<\/a><\/p>\n","protected":false},"excerpt":{"rendered":"<p>Les obs\u00e8ques du camarade Abderrahmane Karkich, membre du Comit\u00e9 central du Parti du progr\u00e8s et du socialisme, ont eu lieu jeudi apr\u00e8s-midi dans la commune de Seddina, \u00e0 l\u2019entr\u00e9e de la ville de T\u00e9touan. Le corps du d\u00e9funt camarade a \u00e9t\u00e9 accompagn\u00e9, jeudi apr\u00e8s la pri\u00e8re d\u2019addohr, par une foule nombreuse \u00e0 sa derni\u00e8re demeure, [&hellip;]<\/p>\n","protected":false},"author":1760,"featured_media":64207,"comment_status":"closed","ping_status":"closed","sticky":false,"template":"","format":"standard","meta":{"fifu_image_url":"","fifu_image_alt":"","footnotes":""},"categories":[73,54],"tags":[],"class_list":["post-64206","post","type-post","status-publish","format-standard","has-post-thumbnail","hentry","category-actualite","category-maroc"],"_links":{"self":[{"href":"https:\/\/linitiative.ca\/International\/wp-json\/wp\/v2\/posts\/64206","targetHints":{"allow":["GET"]}}],"collection":[{"href":"https:\/\/linitiative.ca\/International\/wp-json\/wp\/v2\/posts"}],"about":[{"href":"https:\/\/linitiative.ca\/International\/wp-json\/wp\/v2\/types\/post"}],"author":[{"embeddable":true,"href":"https:\/\/linitiative.ca\/International\/wp-json\/wp\/v2\/users\/1760"}],"replies":[{"embeddable":true,"href":"https:\/\/linitiative.ca\/International\/wp-json\/wp\/v2\/comments?post=64206"}],"version-history":[{"count":0,"href":"https:\/\/linitiative.ca\/International\/wp-json\/wp\/v2\/posts\/64206\/revisions"}],"wp:featuredmedia":[{"embeddable":true,"href":"https:\/\/linitiative.ca\/International\/wp-json\/"}],"wp:attachment":[{"href":"https:\/\/linitiative.ca\/International\/wp-json\/wp\/v2\/media?parent=64206"}],"wp:term":[{"taxonomy":"category","embeddable":true,"href":"https:\/\/linitiative.ca\/International\/wp-json\/wp\/v2\/categories?post=64206"},{"taxonomy":"post_tag","embeddable":true,"href":"https:\/\/linitiative.ca\/International\/wp-json\/wp\/v2\/tags?post=64206"}],"curies":[{"name":"wp","href":"https:\/\/api.w.org\/{rel}","templated":true}]}}