{"id":64208,"date":"2019-10-13T13:04:11","date_gmt":"2019-10-13T17:04:11","guid":{"rendered":"https:\/\/linitiative.ca\/International\/vernissage-de-lexposition-collective-rencontre-dici-et-dailleurs\/"},"modified":"2019-10-13T13:04:11","modified_gmt":"2019-10-13T17:04:11","slug":"vernissage-de-lexposition-collective-rencontre-dici-et-dailleurs","status":"publish","type":"post","link":"https:\/\/linitiative.ca\/International\/vernissage-de-lexposition-collective-rencontre-dici-et-dailleurs\/","title":{"rendered":"Vernissage de l&rsquo;exposition collective \u00ab\u00a0Rencontre d&rsquo;ici et d&rsquo;ailleurs\u00a0\u00bb"},"content":{"rendered":"<div readability=\"36\">\n<p><strong>ALGER &#8211; Une exposition collective r\u00e9unissant les oeuvres et installations contemporaines de six plasticiens et designers alg\u00e9riens, repoussant les limites de la peinture et de la photographie classique, a \u00e9t\u00e9 inaugur\u00e9e samedi \u00e0 Alger.<\/strong><\/p>\n<\/div>\n<div readability=\"95\">\n<p>Intitul\u00e9e \u00ab\u00a0Rencontre d&rsquo;ici et d&rsquo;ailleurs\u00a0\u00bb, cette exposition est organis\u00e9e par l&rsquo;Agence alg\u00e9rienne pour le rayonnement culturel (Aarc) \u00e0 la villa Dar Abdeltif.<\/p>\n<p>Le plasticien alg\u00e9rien Tarik Mesli a d\u00e9voil\u00e9 pour l&rsquo;occasion sa derni\u00e8re installation intitul\u00e9e \u00ab\u00a0Amour g\u00e9n\u00e9ral\u00a0\u00bb o\u00f9 il a recr\u00e9\u00e9 un jardin de roses inond\u00e9 de lumi\u00e8re dans les ateliers de Dar Abdeltif.<\/p>\n<p>Cette cr\u00e9ation est augment\u00e9e d&rsquo;inscriptions et de fragments d&rsquo;un projet en cours d\u00e9di\u00e9 aux massacres du 17 octobre 1961 et particuli\u00e8rement inspir\u00e9 par la chute des manifestants jet\u00e9s dans les eaux de la Seine, \u00e0 Paris, et intitul\u00e9 \u00ab\u00a0Nous ne sommes pas des oiseaux\u00a0\u00bb.<\/p>\n<p>Designer et architecte de formation, Liess Verg\u00e8s propose une installation o\u00f9 photographie, architecture, design et peinture se rencontrent pour c\u00e9l\u00e9brer le patrimoine et l&rsquo;arch\u00e9ologie. Dans cette \u0153uvre, \u00e9voquant un chantier de restauration ou un site de fouille arch\u00e9ologique, tr\u00f4ne un grand format intitul\u00e9 \u00ab\u00a0Medusa\u00a0\u00bb.<\/p>\n<p>Ce montage photo montre des ruines de b\u00e2tisses de la Casbah d&rsquo;Alger avec des insertions de m\u00e9duses, le tout donnant l&rsquo;impression d&rsquo;un patrimoine immerg\u00e9 comme pour souligner l&rsquo;\u00e9chelle du temps et de la d\u00e9gradation. \u00a0\u00a0\u00a0\u00a0\u00a0\u00a0<\/p>\n<p>Fondatrice d&rsquo;une \u00e9cole d&rsquo;art et de tapisserie d&rsquo;art contemporain, Khadidja Seddiki propose aux visiteurs des toiles \u00e9voquant la lumi\u00e8re, la terre et le v\u00e9g\u00e9tal, habill\u00e9es de fils de tissage crois\u00e9s dans des \u0153uvres comme \u00ab\u00a0Sonate d&rsquo;Espoir\u00a0\u00bb, Horizon \u00e9carlate\u00a0\u00bb, ou encore \u00ab\u00a0Partition manuscrite\u00a0\u00bb, des peintures o\u00f9 la calligraphie est \u00e9galement tr\u00e8s pr\u00e9sente.<\/p>\n<p>Dans un registre plus num\u00e9rique, Nadia Spahis porte un regard particulier sur l&rsquo;enfance et son rapport au monde virtuel, \u00e0 travers des photographies de classes d&rsquo;\u00e9cole volontairement pix\u00e9lis\u00e9es et portant des incrustations de symboles de jeux vid\u00e9o pour montrer une l&rsquo;exposition des enfant aux technologies et qui peut s&rsquo;av\u00e9rer nuisible pour son \u00e9quilibre et son d\u00e9veloppement.<\/p>\n<p>L&rsquo;artiste pr\u00e9sente ses \u0153uvres dans une reconstitution d&rsquo;un jardin, volontairement artificiel.<\/p>\n<p>Arezki Larbi expose pour sa part une s\u00e9rie de vingt portraits abstraits, entre artistes, sportifs et autres personnalit\u00e9s ayant marqu\u00e9 le peintre.<\/p>\n<p>D\u00e9tournant des \u0153uvres et photographies connues, Noureddine Benhamed interpelle le visiteur avec une mise \u00e0 jour de ses \u0153uvres sur l&rsquo;injustice, la m\u00e9moire et les blessures individuelles et collectives. L&rsquo;artiste remplace le fusil du combattant par le logo de Facebook, r\u00e9invente les paquets de cigarettes avec l&rsquo;inscription \u00ab\u00a0Vivre tue\u00a0\u00bb ou encore actualise des clich\u00e9s des ann\u00e9es 1960.<\/p>\n<p>L&rsquo;exposition\u00a0 \u00ab\u00a0Rencontre d&rsquo;ici et d&rsquo;ailleurs\u00a0\u00bb est ouverte au public jusqu&rsquo;au 24 octobre.<\/p>\n<\/div>\n<p>Auteur:<br \/>\n<a href=\"http:\/\/www.aps.dz\/culture\/95598-vernissage-de-l-exposition-collective-rencontre-d-ici-et-d-ailleurs\">Cliquez ici pour lire l&rsquo;article depuis sa source.<\/a><\/p>\n","protected":false},"excerpt":{"rendered":"<p>ALGER &#8211; Une exposition collective r\u00e9unissant les oeuvres et installations contemporaines de six plasticiens et designers alg\u00e9riens, repoussant les limites de la peinture et de la photographie classique, a \u00e9t\u00e9 inaugur\u00e9e samedi \u00e0 Alger. Intitul\u00e9e \u00ab\u00a0Rencontre d&rsquo;ici et d&rsquo;ailleurs\u00a0\u00bb, cette exposition est organis\u00e9e par l&rsquo;Agence alg\u00e9rienne pour le rayonnement culturel (Aarc) \u00e0 la villa Dar [&hellip;]<\/p>\n","protected":false},"author":1790,"featured_media":0,"comment_status":"closed","ping_status":"closed","sticky":false,"template":"","format":"standard","meta":{"fifu_image_url":"","fifu_image_alt":"","footnotes":""},"categories":[53,79],"tags":[],"class_list":["post-64208","post","type-post","status-publish","format-standard","hentry","category-algerie","category-culture"],"_links":{"self":[{"href":"https:\/\/linitiative.ca\/International\/wp-json\/wp\/v2\/posts\/64208","targetHints":{"allow":["GET"]}}],"collection":[{"href":"https:\/\/linitiative.ca\/International\/wp-json\/wp\/v2\/posts"}],"about":[{"href":"https:\/\/linitiative.ca\/International\/wp-json\/wp\/v2\/types\/post"}],"author":[{"embeddable":true,"href":"https:\/\/linitiative.ca\/International\/wp-json\/wp\/v2\/users\/1790"}],"replies":[{"embeddable":true,"href":"https:\/\/linitiative.ca\/International\/wp-json\/wp\/v2\/comments?post=64208"}],"version-history":[{"count":0,"href":"https:\/\/linitiative.ca\/International\/wp-json\/wp\/v2\/posts\/64208\/revisions"}],"wp:attachment":[{"href":"https:\/\/linitiative.ca\/International\/wp-json\/wp\/v2\/media?parent=64208"}],"wp:term":[{"taxonomy":"category","embeddable":true,"href":"https:\/\/linitiative.ca\/International\/wp-json\/wp\/v2\/categories?post=64208"},{"taxonomy":"post_tag","embeddable":true,"href":"https:\/\/linitiative.ca\/International\/wp-json\/wp\/v2\/tags?post=64208"}],"curies":[{"name":"wp","href":"https:\/\/api.w.org\/{rel}","templated":true}]}}