{"id":64209,"date":"2019-10-13T13:04:15","date_gmt":"2019-10-13T17:04:15","guid":{"rendered":"https:\/\/linitiative.ca\/International\/le-11e-festival-culturel-international-de-musique-symphonique-souvre-a-alger\/"},"modified":"2019-10-13T13:04:15","modified_gmt":"2019-10-13T17:04:15","slug":"le-11e-festival-culturel-international-de-musique-symphonique-souvre-a-alger","status":"publish","type":"post","link":"https:\/\/linitiative.ca\/International\/le-11e-festival-culturel-international-de-musique-symphonique-souvre-a-alger\/","title":{"rendered":"Le 11e Festival culturel international de musique symphonique s&rsquo;ouvre \u00e0 Alger"},"content":{"rendered":"<div readability=\"42\">\n<p><strong>ALGER- Le 11e Festival culturel international de musique symphonique (Fcims), qui accueille l&rsquo;Egypte en invit\u00e9e d\u2019honneur, s\u2019est ouvert samedi \u00e0 Alger, avec un spectacle anim\u00e9 par, l&rsquo;Orchestre symphonique de l&rsquo;Op\u00e9ra d&rsquo;Alger dirig\u00e9 par le jeune Lotfi Sa\u00efdi, les voix \u00e9toff\u00e9es de la suisso-cubaine Ana Hasler et du jeune alg\u00e9rien Imad Eddine Eddouh, ainsi que la chorale \u00ab\u00a0Ranime\u00a0\u00bb sous la direction de Wieme Benamar Hammouda, devant un public nombreux.<\/strong><\/p>\n<\/div>\n<div readability=\"151.5\">\n<p>Un programme d&rsquo;une vingtaine de pi\u00e8ces de genres diff\u00e9rents a \u00e9t\u00e9 pr\u00e9par\u00e9 pour la soir\u00e9e inaugurale du festival, pr\u00e9vu jusqu&rsquo;au 17 octobre \u00e0 l\u2019Op\u00e9ra d\u2019Alger Boualem-Bessa\u00efh, rendu par la soixantaine de musiciens de l&rsquo;Orchestre symphonique de l&rsquo;Op\u00e9ra d&rsquo;Alger, sous la direction de Lotfi Sa\u00efdi, qui a vite donn\u00e9 le ton avec, entre autres pi\u00e8ces, \u00ab\u00a0Ouverture:<\/p>\n<p>Cavalerie l\u00e9g\u00e8re\u00a0\u00bb de Franz Van Supp\u00e9 (1819-1895), \u00ab\u00a0Arl\u00e9sienne -suite No2-\u00a0\u00bb et \u00ab\u00a0Toreador\u00a0\u00bb de Georges Bizet (1838-1875) et \u00ab\u00a0Danse No8\u00a0\u00bb d&rsquo;Antonin Leopold Dvorak (1841-1904).<\/p>\n<p>Prenant le relai, la mezzo-soprano suisso-cubaine, Ana Hasler,\u00a0 tr\u00e8s applaudie par le public, a entonn\u00e9, avec une voix suave \u00e0 la tessiture large, les pi\u00e8ces, \u00ab\u00a0Habanera\u00a0\u00bb de Georges Bizet, \u00ab\u00a0Con te partito +Time To Say Goodbye+\u00a0\u00bb de Francesco Sartori (1957) et \u00ab\u00a0Voi che sapete\u00a0\u00bb de Wolfgang Amadeus Mozart (1756-1791), pour clore sa prestation en beaut\u00e9 avec, \u00ab\u00a0Al khir Inou\u00a0\u00bb, c\u00e9l\u00e8bre pi\u00e8ce du grand chanteur alg\u00e9rien d&rsquo;expression kabyle, Idir.<\/p>\n<p>Le jeune t\u00e9nor alg\u00e9rien Imad Eddine Eddouh a, pour sa part, interpr\u00e9t\u00e9 avec une voix pr\u00e9sente et travaill\u00e9e, \u00ab\u00a0? Surdato Nnammurato\u00a0\u00bb d&rsquo;Enrico Cannio (1874-1949), avant de s&rsquo;investir, avec Ana Hasler, dans un duo longtemps applaudi par l&rsquo;assistance, et rendre \u00ab\u00a0La Traviatta Brindisi\u00a0\u00bb de Giuseppe Verdi (1813-1901).<\/p>\n<p>La quarantaine de choristes de l&rsquo;Ensemble \u00ab\u00a0Ranime\u00a0\u00bb, dirig\u00e9 par Wieme Benamar Hammouda, intervenant avant la fin du spectacle, a ensuite rendu un floril\u00e8ge de pi\u00e8ces du terroir de la musique alg\u00e9rienne, arrang\u00e9es par la cheffe de ch\u0153urs, dont \u00ab\u00a0Mosa\u00efque Gnawie\u00a0\u00bb, \u00ab\u00a0Sidi Maamar\u00a0\u00bb, \u00ab\u00a0Goumari, chants traditionnels\u00a0\u00bb.<\/p>\n<p>Les voix de Amrane Lounas et Nour El Houda Ghenoumat ont \u00e9t\u00e9 mises en valeur dans des solos m\u00e9lodiques que la polyphonie vocale a brillamment repris, pour c\u00e9der ensuite les pupitres \u00e0 la chorale d&rsquo;enfants de l&rsquo;Ecole de musique \u00ab\u00a0Encre et Pastel Crescendo\u00a0\u00bb de Ouled Fayet qui ont entonn\u00e9, \u00ab\u00a0Viva Tutte le vwezzose\u00a0\u00bb de Felice Giardini (1716-1796) et \u00ab\u00a0Adiemus songs\u00a0\u00bb de Karl Jekins (1944).<\/p>\n<p>D&rsquo;une main de ma\u00eetre, le jeune Lotfi Sa\u00efdi, a fusionn\u00e9 les deux ensembles alg\u00e9riens (orchestre symphonique et chorale), pour clore la soir\u00e9e en apoth\u00e9ose, interpr\u00e9tant\u00a0 \u00ab\u00a0Lamma bada yatathanna\u00a0\u00bb (pi\u00e8ce arabo-andalouse), \u00ab\u00a0Ya man malakani abda\u00a0\u00bb (patrimoine andalou)\u00a0 et \u00ab\u00a0The Song of Spirit\u00a0\u00bb de K.Jekins.<\/p>\n<blockquote readability=\"8\">\n<p><em><strong>En pr\u00e9sence des repr\u00e9sentants des diff\u00e9rentes missions diplomatiques accr\u00e9dit\u00e9es \u00e0 Alger des pays participants au festival, le public a savour\u00e9 tous les moments du spectacle dans la d\u00e9lectation.<\/strong><\/em><\/p>\n<\/blockquote>\n<p>Auparavant, le commissaire du 11e Fcims, Abdelkader Bouazzara, souhaitant la bienvenue aux officiels et au public, a exprim\u00e9 son bonheur de voir le festival, \u00ab\u00a0prendre toute la place qui lui revient dans le paysage culturel alg\u00e9rien\u00a0\u00bb.<\/p>\n<p>Des ensembles venant de Suisse, Tch\u00e9quie, Egypte, France, Cor\u00e9e du Sud, Italie, Turquie, Autriche, Su\u00e8de, Japon, Russie, Allemagne, Tunisie, Syrie, Ukraine et Chine, vont se succ\u00e9der six jours durant lors de ce festival, dans des r\u00e9pertoires vari\u00e9s de la musique et de l&rsquo;op\u00e9ra universels.<\/p>\n<p>Au rythme d&rsquo;une programmation de deux \u00e0 trois concerts par soir, le festival a pr\u00e9vu en marge des spectacles, des masters-class programm\u00e9s \u00e0 l\u2019Institut national sup\u00e9rieur de musique (Insm).<\/p>\n<p>Organis\u00e9 sous l&rsquo;\u00e9gide du minist\u00e8re de la Culture, en collaboration avec l&rsquo;Op\u00e9ra d&rsquo;Alger Boualem-Bessa\u00efh, l\u2019Office national des droits d\u2019auteurs et droits voisins (Onda) ainsi que l&rsquo;apport des diff\u00e9rentes ambassades des pays participants, le 11e Festival culturel international de musique symphonique se poursuit avec, au programme de la journ\u00e9e de dimanche, la Tch\u00e9quie, l&rsquo;Egypte (invit\u00e9 d&rsquo;honneur) et la France.<\/p>\n<\/div>\n<p>Auteur:<br \/>\n<a href=\"http:\/\/www.aps.dz\/culture\/95600-le-11e-festival-culturel-international-de-musique-symphonique-s-ouvre-a-alger\">Cliquez ici pour lire l&rsquo;article depuis sa source.<\/a><\/p>\n","protected":false},"excerpt":{"rendered":"<p>ALGER- Le 11e Festival culturel international de musique symphonique (Fcims), qui accueille l&rsquo;Egypte en invit\u00e9e d\u2019honneur, s\u2019est ouvert samedi \u00e0 Alger, avec un spectacle anim\u00e9 par, l&rsquo;Orchestre symphonique de l&rsquo;Op\u00e9ra d&rsquo;Alger dirig\u00e9 par le jeune Lotfi Sa\u00efdi, les voix \u00e9toff\u00e9es de la suisso-cubaine Ana Hasler et du jeune alg\u00e9rien Imad Eddine Eddouh, ainsi que la [&hellip;]<\/p>\n","protected":false},"author":1790,"featured_media":0,"comment_status":"closed","ping_status":"closed","sticky":false,"template":"","format":"standard","meta":{"fifu_image_url":"","fifu_image_alt":"","footnotes":""},"categories":[53,79],"tags":[],"class_list":["post-64209","post","type-post","status-publish","format-standard","hentry","category-algerie","category-culture"],"_links":{"self":[{"href":"https:\/\/linitiative.ca\/International\/wp-json\/wp\/v2\/posts\/64209","targetHints":{"allow":["GET"]}}],"collection":[{"href":"https:\/\/linitiative.ca\/International\/wp-json\/wp\/v2\/posts"}],"about":[{"href":"https:\/\/linitiative.ca\/International\/wp-json\/wp\/v2\/types\/post"}],"author":[{"embeddable":true,"href":"https:\/\/linitiative.ca\/International\/wp-json\/wp\/v2\/users\/1790"}],"replies":[{"embeddable":true,"href":"https:\/\/linitiative.ca\/International\/wp-json\/wp\/v2\/comments?post=64209"}],"version-history":[{"count":0,"href":"https:\/\/linitiative.ca\/International\/wp-json\/wp\/v2\/posts\/64209\/revisions"}],"wp:attachment":[{"href":"https:\/\/linitiative.ca\/International\/wp-json\/wp\/v2\/media?parent=64209"}],"wp:term":[{"taxonomy":"category","embeddable":true,"href":"https:\/\/linitiative.ca\/International\/wp-json\/wp\/v2\/categories?post=64209"},{"taxonomy":"post_tag","embeddable":true,"href":"https:\/\/linitiative.ca\/International\/wp-json\/wp\/v2\/tags?post=64209"}],"curies":[{"name":"wp","href":"https:\/\/api.w.org\/{rel}","templated":true}]}}