{"id":64217,"date":"2019-10-13T08:40:20","date_gmt":"2019-10-13T12:40:20","guid":{"rendered":"https:\/\/linitiative.ca\/International\/le-maghreb-vit-des-mutations-porteuses-despoir\/"},"modified":"2019-10-13T08:40:20","modified_gmt":"2019-10-13T12:40:20","slug":"le-maghreb-vit-des-mutations-porteuses-despoir","status":"publish","type":"post","link":"https:\/\/linitiative.ca\/International\/le-maghreb-vit-des-mutations-porteuses-despoir\/","title":{"rendered":"Le Maghreb vit des mutations porteuses d\u2019espoir"},"content":{"rendered":"<div readability=\"38\">\n<p>Marrakech \u2013 Les mutations majeures et structurelles que conna\u00eet le Maghreb sont porteuses d\u2019espoir, a soulign\u00e9, samedi \u00e0 Marrakech, le pr\u00e9sident de la Conf\u00e9d\u00e9ration G\u00e9n\u00e9rale des Entreprises du Maroc (CGEM), Salaheddine Mezouar.<\/p>\n<\/div>\n<div readability=\"169\">\n<p>Les transformations politiques et socio-\u00e9conomiques que vit actuellement la r\u00e9gion du Maghreb t\u00e9moignent de sa prise de conscience de son r\u00f4le central et de son importance en tant que levier de croissance et acteur de changement, a affirm\u00e9 M. Mezouar, qui s\u2019exprimait lors d\u2019une session pl\u00e9ni\u00e8re sous le th\u00e8me \u00ab\u00a0Perspectives \u00e9conomiques et politiques dans le contexte de la mont\u00e9e de la Chine\u00a0\u00bb dans le cadre de la 12\u00e8me \u00e9dition de la World Policy Conference (WPC).<\/p>\n<p>Il a, dans ce sens, soutenu que le Maroc s\u2019est fortement engag\u00e9 depuis longtemps dans une politique d\u2019ouverture et de d\u00e9mocratisation pour favoriser l\u2019int\u00e9gration de l\u2019espace maghr\u00e9bin, \u00e0 l\u2019image de la contribution tr\u00e8s positive du Royaume \u00e0 la conclusion de l\u2019accord de Skhirate afin de faire sortir la Libye de sa crise.<\/p>\n<p>Le pr\u00e9sident de la CGEM, qui s\u2019est dit tr\u00e8s optimiste quant \u00e0 l\u2019avenir du Maghreb, a estim\u00e9 qu\u2019un Maghreb \u00ab\u00a0reconstitu\u00e9\u00a0\u00bb va contribuer non seulement \u00e0 son propre d\u00e9veloppement mais aussi \u00e0 la r\u00e9solution des crises mondiales, vu sa position g\u00e9ostrat\u00e9gique, ses potentialit\u00e9s et ses atouts.<\/p>\n<p>Il a, par ailleurs, saisi l\u2019occasion pour appeler la communaut\u00e9 internationale \u00e0 faire confiance \u00e0 l\u2019Afrique qui jouit d\u2019un \u00e9norme potentiel encore non exploitable.<\/p>\n<p>M. Mezaouar a, aussi, mis en avant l\u2019exp\u00e9rience pionni\u00e8re du Maroc en mati\u00e8re des \u00e9nergies renouvelables et l\u2019engagement infaillible du Royaume, tr\u00e8s t\u00f4t, en faveur de l\u2019environnement et du d\u00e9veloppement durable.<\/p>\n<p>Le Maroc est \u00ab\u00a0bien outill\u00e9\u00a0\u00bb pour les investissements dans les \u00e9nergies renouvelables et dispose d\u2019un climat des affaires tr\u00e8s favorable en conformit\u00e9 avec le contexte et les exigences internationaux, s\u2019est-il f\u00e9licit\u00e9.<\/p>\n<p>M. Mezouar a, d\u2019autre part, plaid\u00e9 pour la promotion du partenariat Chine-Afrique au service d\u2019un d\u00e9veloppement commun et d\u2019une coop\u00e9ration \u00ab\u00a0gagnant-gagnant\u00a0\u00bb mutuellement b\u00e9n\u00e9fique, tout en encourageant les entreprises chinoises \u00e0 investir davantage dans le d\u00e9veloppement de l\u2019activit\u00e9 \u00e9conomique des pays du Continent.<\/p>\n<p>Il a, en outre, \u00e9voqu\u00e9 le nouvel ordre mondial et la mont\u00e9e en puissance de la Chine, saluant la vision du g\u00e9ant asiatique pour l\u2019Afrique et son engagement dans les partenariats \u00ab\u00a0Sud-Sud\u00a0\u00bb.<\/p>\n<p>De son c\u00f4t\u00e9, le ministre et conseiller sp\u00e9cial du Premier ministre d\u2019Ethiopie, Arkebe Oqubay, a soulign\u00e9 que la Chine, cette superpuissance mondiale, est entrain de changer les r\u00e8gles du jeu et les param\u00e8tres du nouvel ordre international.<\/p>\n<p>Les pays africains tr\u00e8s touch\u00e9s et influenc\u00e9s par ces changements sont appel\u00e9s \u00e0 coop\u00e9rer davantage avec la Chine, a-t-il estim\u00e9.<\/p>\n<p>\u00ab\u00a0Changement climatique, crise \u00e9conomique, probl\u00e8mes s\u00e9curitaires, question migratoire, les pays d\u00e9velopp\u00e9s et ceux en voie de d\u00e9veloppement partagent les m\u00eames d\u00e9fis et sont confront\u00e9s aux m\u00eames contraintes et enjeux, d\u2019o\u00f9 la n\u00e9cessit\u00e9 de travailler de concert et d\u2019agir ensemble\u00a0\u00bb, a-t-il soutenu.<\/p>\n<p>Quand aux autres intervenants, ils ont jet\u00e9 la lumi\u00e8re sur les potentialit\u00e9s \u00e9conomiques de l\u2019Afrique et les opportunit\u00e9s d\u2019investissement, ainsi que sur les perspectives \u00e9conomiques et politiques dans un contexte mondial marqu\u00e9 par la mont\u00e9e en puissance de la Chine.<\/p>\n<p>Ils ont \u00e9galement \u00e9voqu\u00e9 plusieurs questions li\u00e9es notamment au protectionnisme, aux guerres commerciales, aux probl\u00e8mes de fiscalit\u00e9, aux rapports de force et \u00e0 la macro-\u00e9conomie.<\/p>\n<p>La 12\u00e8me \u00e9dition de la World Policy Conference (WPC) s\u2019est ouverte, samedi \u00e0 Marrakech, avec la participation d\u2019un parterre d\u2019\u00e9minentes personnalit\u00e9s du monde de la politique, de l\u2019\u00e9conomie et des m\u00e9dias, outre des acad\u00e9miciens, des experts et des chercheurs issus des quatre coins du monde.<\/p>\n<p>Plac\u00e9e sous le Haut Patronage de SM le Roi Mohammed VI, cette Conf\u00e9rence a pour mission de contribuer \u00e0 promouvoir un monde plus ouvert, plus prosp\u00e8re et plus juste, ce qui suppose un effort permanent pour comprendre la r\u00e9alit\u00e9 des forces en jeu et leurs interactions, et r\u00e9fl\u00e9chir \u00e0 l\u2019adaptation pacifique de l\u2019organisation des rapports inter\u00e9tatiques \u00e0 tous les niveaux, dans le respect de la culture et des int\u00e9r\u00eats fondamentaux de chaque Nation.<\/p>\n<p>Elle offre \u00e9galement un espace de r\u00e9flexion et de dialogue essentiel autour des grands enjeux de la gouvernance mondiale, tout en permettant de d\u00e9velopper des liens durables.<\/p>\n<p>Les travaux de cette 12\u00e8me \u00e9dition porteront sur les enjeux de la technologie dans la soci\u00e9t\u00e9 et en politique, les cyberpuissances, la cybermenace, l\u2019\u00e9nergie et l\u2019environnement, ainsi que sur les perspectives \u00e9conomiques et politiques, le commerce, l\u2019investissement direct et la confiance, mais aussi sur l\u2019avenir du syst\u00e8me mon\u00e9taire international, l\u2019arme du droit et la mondialisation.<\/p>\n<p>Seront \u00e9galement abord\u00e9s les th\u00e8mes suivants: l\u2019Europe, l\u2019Am\u00e9rique latine, le Moyen-Orient, l\u2019Afrique et notamment l\u2019Afrique du Nord et de l\u2019Ouest, les nouvelles tendances de politiques \u00e9trang\u00e8res en Asie de l\u2019Est, et bien d\u2019autres sujets.<\/p>\n<\/div>\n<p>Auteur: Meriem IGASS<br \/>\n<a href=\"http:\/\/www.mapmarrakech.ma\/fr\/le-maghreb-vit-des-mutations-structurelles-porteuses-despoir\/\">Cliquez ici pour lire l&rsquo;article depuis sa source.<\/a><\/p>\n","protected":false},"excerpt":{"rendered":"<p>Marrakech \u2013 Les mutations majeures et structurelles que conna\u00eet le Maghreb sont porteuses d\u2019espoir, a soulign\u00e9, samedi \u00e0 Marrakech, le pr\u00e9sident de la Conf\u00e9d\u00e9ration G\u00e9n\u00e9rale des Entreprises du Maroc (CGEM), Salaheddine Mezouar. Les transformations politiques et socio-\u00e9conomiques que vit actuellement la r\u00e9gion du Maghreb t\u00e9moignent de sa prise de conscience de son r\u00f4le central et [&hellip;]<\/p>\n","protected":false},"author":1788,"featured_media":0,"comment_status":"closed","ping_status":"closed","sticky":false,"template":"","format":"standard","meta":{"fifu_image_url":"","fifu_image_alt":"","footnotes":""},"categories":[54,76],"tags":[],"class_list":["post-64217","post","type-post","status-publish","format-standard","hentry","category-maroc","category-regions"],"_links":{"self":[{"href":"https:\/\/linitiative.ca\/International\/wp-json\/wp\/v2\/posts\/64217","targetHints":{"allow":["GET"]}}],"collection":[{"href":"https:\/\/linitiative.ca\/International\/wp-json\/wp\/v2\/posts"}],"about":[{"href":"https:\/\/linitiative.ca\/International\/wp-json\/wp\/v2\/types\/post"}],"author":[{"embeddable":true,"href":"https:\/\/linitiative.ca\/International\/wp-json\/wp\/v2\/users\/1788"}],"replies":[{"embeddable":true,"href":"https:\/\/linitiative.ca\/International\/wp-json\/wp\/v2\/comments?post=64217"}],"version-history":[{"count":0,"href":"https:\/\/linitiative.ca\/International\/wp-json\/wp\/v2\/posts\/64217\/revisions"}],"wp:attachment":[{"href":"https:\/\/linitiative.ca\/International\/wp-json\/wp\/v2\/media?parent=64217"}],"wp:term":[{"taxonomy":"category","embeddable":true,"href":"https:\/\/linitiative.ca\/International\/wp-json\/wp\/v2\/categories?post=64217"},{"taxonomy":"post_tag","embeddable":true,"href":"https:\/\/linitiative.ca\/International\/wp-json\/wp\/v2\/tags?post=64217"}],"curies":[{"name":"wp","href":"https:\/\/api.w.org\/{rel}","templated":true}]}}