{"id":64218,"date":"2019-10-13T10:41:53","date_gmt":"2019-10-13T14:41:53","guid":{"rendered":"https:\/\/linitiative.ca\/International\/id-mjahdi-le-village-se-dote-dun-centre-educatif\/"},"modified":"2019-10-13T10:41:53","modified_gmt":"2019-10-13T14:41:53","slug":"id-mjahdi-le-village-se-dote-dun-centre-educatif","status":"publish","type":"post","link":"https:\/\/linitiative.ca\/International\/id-mjahdi-le-village-se-dote-dun-centre-educatif\/","title":{"rendered":"Id Mjahdi: Le village se dote d\u2019un Centre \u00e9ducatif"},"content":{"rendered":"<div readability=\"38\">\n<p>Commune d\u2019Ounagha (province d\u2019Essaouira) \u2013 Le village solaire d\u2019Id Mjahdi, premier village 100% autonome en mati\u00e8re d\u2019\u00e9nergie au Maroc, relevant de la commune d\u2019Ounagha (province d\u2019Essaouira), vient de se doter d\u2019un Centre \u00e9ducatif d\u00e9di\u00e9 \u00e0 la promotion de l\u2019enseignement pr\u00e9scolaire.<\/p>\n<\/div>\n<div readability=\"167.5\">\n<p>A cette occasion, une c\u00e9r\u00e9monie d\u2019inauguration de cette nouvelle structure de formation et d\u2019apprentissage a eu lieu, samedi, en pr\u00e9sence notamment des membres de l\u2019Association Essaouira-Mogador, porteur du projet du village solaire Ait Mjahdi, de responsables du minist\u00e8re de l\u2019\u00e9nergie, de partenaires fran\u00e7ais dudit projet, des \u00e9lus locaux ainsi que d\u2019autres personnalit\u00e9s.<\/p>\n<p>Compos\u00e9 de deux salles de classe enti\u00e8rement meubl\u00e9es et \u00e9quip\u00e9es d\u2019outils \u00e9ducatifs, d\u2019un ch\u00e2teau d\u2019eau et \u00e0 terme, d\u2019un terrain de sport et d\u2019un espace de jeux, ce Centre profitera aux enfants \u00e2g\u00e9s de 4 \u00e0 6 ans du village d\u2019Ait Mjahdi comme \u00e0 ceux en provenance de villages voisins.<\/p>\n<p>Ce Centre offrira donc des prestations pr\u00e9scolaires (alphab\u00e9tisation, sensibilisation, formation, \u00e9ducation non formelle\u2026), outre des classes d\u2019alphab\u00e9tisation pour les femmes et des activit\u00e9s socioculturelles selon les besoins.<\/p>\n<p>Il se fixe pour objectif d\u2019oeuvrer pour la sauvegarde du patrimoine social, \u00e9conomique, urbanistique et culturel de la r\u00e9gion, la promotion du village ou encore le renforcement du tissu \u00e9conomique local.<\/p>\n<p>Ce projet novateur s\u2019assigne pour missions \u00e9galement de d\u00e9velopper des actions pour pr\u00e9server l\u2019environnement et la d\u00e9forestation, avec par exemple la mise en place de dispositifs d\u2019\u00e9nergies renouvelables essentiellement solaires, et de cr\u00e9er du lien social entre les habitants du village en favorisant l\u2019acc\u00e8s \u00e0 un centre d\u2019\u00e9ducation par la construction d\u2019infrastructures scolaires (\u00e0 savoir une \u00e9cole maternelle, un terrain de sport, un centre d\u2019alphab\u00e9tisation pour adultes).<\/p>\n<p>Dans une allocution de circonstance, M. Tarik Ottmani, pr\u00e9sident du bureau ex\u00e9cutif de l\u2019Association Essaouira-Mogador, s\u2019est f\u00e9licit\u00e9 de cette initiative citoyenne d\u00e9di\u00e9e \u00e0 promouvoir l\u2019enseignement pr\u00e9scolaire chez les enfants du monde rural.<\/p>\n<p>Il a tenu \u00e0 rappeler que ce projet s\u2019inscrit dans la continuit\u00e9 de la r\u00e9alisation en 2017 du premier village solaire d\u2019Afrique et de la construction d\u2019une coop\u00e9rative f\u00e9minine d\u2019huile d\u2019argan sur ce m\u00eame territoire.<\/p>\n<p>\u00ab\u00a0R\u00e9alis\u00e9s dans le cadre des op\u00e9rations de m\u00e9c\u00e9nat des entreprises +Le Petit Olivier+ et +Intermarch\u00e9+, avec la participation du Cluster Solaire et MASEN, et avec le soutien de la Fondation Mohammed VI pour la Sauvegarde de l\u2019Arganier et de l\u2019Association Essaouira-Mogador, ces \u00e9quipements structurants pour Douar Id Mjahdi fonctionnent aujourd\u2019hui tr\u00e8s bien, au profit des habitants de ce m\u00eame village\u00a0\u00bb, s\u2019est-il f\u00e9licit\u00e9.<\/p>\n<p>M. Ottmani a \u00e9mis le voeu de voir ce projet s\u2019\u00e9largir davantage, mettant en avant l\u2019impact socio-\u00e9conomique de cette structure sur le quotidien des habitants du village.<\/p>\n<p>La pr\u00e9sidente de la commune d\u2019Ounagha, Mme Amal El Hentati, a dit toute sa joie et sa fiert\u00e9 de voir ce projet aboutir, louant au passage la qualit\u00e9 du partenariat et de la coordination ainsi que la synergie cr\u00e9\u00e9e entre acteurs marocains et fran\u00e7ais pour que ce projet-pilote complet et int\u00e9gr\u00e9, puisse voir le jour.<\/p>\n<p>M. Rachid Belmokhtar, membre de l\u2019association Essaouira-Mogador, a relev\u00e9 que ce projet porte en lui les germes d\u2019un espoir, notant que le Maroc est un pays de diversit\u00e9, multiculturel, et disposant d\u2019un \u00e9norme potentiel humain.<\/p>\n<p>\u00ab\u00a0Des actions comme celle d\u2019aujourd\u2019hui est \u00e0 saluer et \u00e0 encourager dans la mesure o\u00f9 elle permet de r\u00e9duire les foss\u00e9s, et d\u2019introduire le confort et la modernit\u00e9 au niveau de ces villages\u00a0\u00bb, a-t-il relev\u00e9.<\/p>\n<div readability=\"94\">\n<p>Ce projet \u00ab\u00a0bien con\u00e7u\u00a0\u00bb et \u00a0\u00bbint\u00e9gr\u00e9\u00a0\u00bb est un mod\u00e8le qui peut s\u2019agrandir encore \u00e0 Id Mjahdi, mais qui peut \u00eatre dupliqu\u00e9 dans d\u2019autres zones, a dit M. Belmokhtar qui s\u2019est attard\u00e9 sur l\u2019impact positif de ce genre de projets sur la population locale.<\/p>\n<p>Mme Sophie Primas, S\u00e9nateur, pr\u00e9sidente de la Commission Economique au S\u00e9nat fran\u00e7ais, s\u2019est f\u00e9licit\u00e9e de ce projet exemplaire qui s\u2019ins\u00e8re parfaitement dans le cadre des efforts visant \u00e0 faire face \u00e0 des enjeux majeurs qui \u00a0\u00bbne sont pas uniquement sp\u00e9cifiques au village d\u2019Id Mjahdi, au Maroc, \u00e0 la France, mais plut\u00f4t des enjeux universels\u00a0\u00bb.<\/p>\n<p>Ces enjeux, a-t-elle poursuivi, concerne la lutte contre le r\u00e9chauffement climatique et l\u2019adoption de solutions ad\u00e9quates en la mati\u00e8re, la promotion de l\u2019\u00e9ducation \u00e9difiante, la pr\u00e9servation de la dignit\u00e9 de chacun et chacune \u00e0 travers le travail et le d\u00e9vouement.<\/p>\n<p>Elle a, dans ce sens, salu\u00e9 l\u2019abn\u00e9gation et l\u2019engagement des femmes du village d\u2019Id Mjahdi ainsi que de l\u2019ensemble de ses habitants \u00e0 s\u2019inscrire dans les diff\u00e9rents efforts de d\u00e9veloppement socio-\u00e9conomique entrepris localement.<\/p>\n<p>Mme Primas a mis en avant \u00e9galement les principes de fraternit\u00e9, de partage, et d\u2019amiti\u00e9 qui ont toujours marqu\u00e9 les relations entre le Maroc et la France.<\/p>\n<p>Quant aux autres intervenants parmi les partenaires de ce projet, ils ont fait part de leur grande joie et fiert\u00e9 de voir ce projet socio-\u00e9conomique et \u00e9cologique aboutir, r\u00e9it\u00e9rant leur engagement et leur d\u00e9termination, dans le cadre d\u2019une approche solidaire, responsable et \u00e9cologique, \u00e0 redoubler d\u2019efforts pour voir ce projet s\u2019agrandir.<\/p>\n<p>Le village solaire Id Mjahdi est le premier projet pilote de village solaire 100% autonome au Maroc. Ce projet \u00e0 fort impact environnemental, social et \u00e9conomique a permis d\u2019alimenter une vingtaine de maisons non connect\u00e9es au r\u00e9seau, en \u00e9lectricit\u00e9 verte issue de la mise en place d\u2019une centrale solaire photovolta\u00efque avec stockage sur batteries et r\u00e9seau mini-grid, r\u00e9pondant aux besoins de la population locale.<\/p>\n<p>Au-del\u00e0 de la simple connexion \u00e0 l\u2019\u00e9lectricit\u00e9 solaire, ce projet se veut innovant et int\u00e9gr\u00e9 \u00e0 travers la valorisation d\u2019applicatifs solaires tels que l\u2019\u00e9quipement des foyers en chauffes eaux solaires pour l\u2019acc\u00e8s \u00e0 l\u2019eau chaude sanitaire, l\u2019\u00e9clairage LED, le pompage solaire et la mise en place de fours solaires pour la cuisson en plus d\u2019un ch\u00e2teau d\u2019eau pour l\u2019am\u00e9lioration des conditions de vie des habitants.<\/p>\n<p>Cette initiative a ainsi permis de r\u00e9duire la d\u00e9pendance des habitants du village vis-\u00e0-vis du bois de feu issu de l\u2019arganier, et d\u2019am\u00e9liorer les conditions sanitaires des femmes sujettes aux probl\u00e8mes respiratoires li\u00e9s aux gaz de combustion du bois.<\/p>\n<p>De plus, et dans une approche int\u00e9gr\u00e9e de d\u00e9veloppement local, un atelier de concassage de l\u2019argan a \u00e9t\u00e9 \u00e9galement financ\u00e9 et construit en faveur des femmes du village pour le d\u00e9veloppement d\u2019une activit\u00e9 g\u00e9n\u00e9ratrice de revenus.<\/p>\n<p>A noter que la marque cosm\u00e9tique \u00ab\u00a0Petit Olivier\u00a0\u00bb, partenaire du projet, s\u2019est engag\u00e9 \u00e0 s\u2019approvisionner uniquement aupr\u00e8s de ce village pour la fabrication de ses produits et ce, afin de renforcer les capacit\u00e9s des femmes de la r\u00e9gion, de leur permettre de d\u00e9velopper leurs comp\u00e9tences, d\u2019\u00eatre financi\u00e8rement autonomes et de contribuer au d\u00e9veloppement de leur village.<\/p>\n<p>De plus, des s\u00e9ances de formation sur le solaire photovolta\u00efque, le pompage solaire et solaire thermique ont \u00e9t\u00e9 organis\u00e9es par la soci\u00e9t\u00e9 \u00ab\u00a0Cleanenergy\u00a0\u00bb en faveur de la population dans le cadre du renforcement de leurs comp\u00e9tences.<\/p>\n<\/div>\n<\/div>\n<p>Auteur: Meriem IGASS<br \/>\n<a href=\"http:\/\/www.mapmarrakech.ma\/fr\/le-village-solaire-did-mjahdi-se-dote-dun-centre-educatif\/\">Cliquez ici pour lire l&rsquo;article depuis sa source.<\/a><\/p>\n","protected":false},"excerpt":{"rendered":"<p>Commune d\u2019Ounagha (province d\u2019Essaouira) \u2013 Le village solaire d\u2019Id Mjahdi, premier village 100% autonome en mati\u00e8re d\u2019\u00e9nergie au Maroc, relevant de la commune d\u2019Ounagha (province d\u2019Essaouira), vient de se doter d\u2019un Centre \u00e9ducatif d\u00e9di\u00e9 \u00e0 la promotion de l\u2019enseignement pr\u00e9scolaire. A cette occasion, une c\u00e9r\u00e9monie d\u2019inauguration de cette nouvelle structure de formation et d\u2019apprentissage a [&hellip;]<\/p>\n","protected":false},"author":1788,"featured_media":0,"comment_status":"closed","ping_status":"closed","sticky":false,"template":"","format":"standard","meta":{"fifu_image_url":"","fifu_image_alt":"","footnotes":""},"categories":[54,76],"tags":[],"class_list":["post-64218","post","type-post","status-publish","format-standard","hentry","category-maroc","category-regions"],"_links":{"self":[{"href":"https:\/\/linitiative.ca\/International\/wp-json\/wp\/v2\/posts\/64218","targetHints":{"allow":["GET"]}}],"collection":[{"href":"https:\/\/linitiative.ca\/International\/wp-json\/wp\/v2\/posts"}],"about":[{"href":"https:\/\/linitiative.ca\/International\/wp-json\/wp\/v2\/types\/post"}],"author":[{"embeddable":true,"href":"https:\/\/linitiative.ca\/International\/wp-json\/wp\/v2\/users\/1788"}],"replies":[{"embeddable":true,"href":"https:\/\/linitiative.ca\/International\/wp-json\/wp\/v2\/comments?post=64218"}],"version-history":[{"count":0,"href":"https:\/\/linitiative.ca\/International\/wp-json\/wp\/v2\/posts\/64218\/revisions"}],"wp:attachment":[{"href":"https:\/\/linitiative.ca\/International\/wp-json\/wp\/v2\/media?parent=64218"}],"wp:term":[{"taxonomy":"category","embeddable":true,"href":"https:\/\/linitiative.ca\/International\/wp-json\/wp\/v2\/categories?post=64218"},{"taxonomy":"post_tag","embeddable":true,"href":"https:\/\/linitiative.ca\/International\/wp-json\/wp\/v2\/tags?post=64218"}],"curies":[{"name":"wp","href":"https:\/\/api.w.org\/{rel}","templated":true}]}}