{"id":64227,"date":"2019-10-12T18:54:21","date_gmt":"2019-10-12T22:54:21","guid":{"rendered":"https:\/\/linitiative.ca\/International\/le-patrimoine-culturel-amazigh-une-responsabilite-partagee\/"},"modified":"2019-10-12T18:54:21","modified_gmt":"2019-10-12T22:54:21","slug":"le-patrimoine-culturel-amazigh-une-responsabilite-partagee","status":"publish","type":"post","link":"https:\/\/linitiative.ca\/International\/le-patrimoine-culturel-amazigh-une-responsabilite-partagee\/","title":{"rendered":"Le patrimoine culturel amazigh, une responsabilit\u00e9 partag\u00e9e"},"content":{"rendered":"<p class=\"c1\">L\u2019\u00c9tat et les acteurs du champ culturel ont un r\u00f4le important \u00e0 jouer dans la pr\u00e9servation, la protection et le d\u00e9veloppement du patrimoine culturel amazigh, a affirm\u00e9, samedi \u00e0 Oujda, le recteur de l\u2019Institut royal de la culture amazighe (IRCAM), Ahmed Boukous.<\/p>\n<p class=\"c1\">Dans une d\u00e9claration \u00e0 la MAP en marge d\u2019une table ronde sous le th\u00e8me \u00ab\u00a0Culture amazighe\u00a0\u00bb organis\u00e9e dans le cadre de la 3\u00e8 \u00e9dition du Salon Maghr\u00e9bin du Livre, M. Boukous a indiqu\u00e9 que la culture amazighe traverse actuellement une phase d\u00e9licate de son histoire, en raison de l\u2019impact de l\u2019exode rural et de la diminution des populations des r\u00e9gions amazighes, estimant que ce ph\u00e9nom\u00e8ne fragilise les liens entre les jeunes g\u00e9n\u00e9rations et cette culture.<\/p>\n<p class=\"c1\">Voil\u00e0 pourquoi, a-t-il poursuivi, il est n\u00e9cessaire que les responsables et les acteurs du champ culturel redoublent d\u2019efforts pour relever ces d\u00e9fis, dans le cadre de l\u2019orientation politique positive quant \u00e0 cette composante essentielle de la sc\u00e8ne culturelle marocaine.<\/p>\n<p class=\"c1\">S\u2019agissant du r\u00f4le de l\u2019IRCAM, M. Boukous a relev\u00e9 que l\u2019Institut s\u2019emploie \u00e0 diffuser la culture amazighe par le biais de centres de recherche sp\u00e9cialis\u00e9s op\u00e9rant conform\u00e9ment \u00e0 des programmes annuels qui d\u00e9terminent les priorit\u00e9s et les politiques \u00e0 suivre, pr\u00e9cisant que les nouvelles technologies de l\u2019information et de la communication sont \u00e9galement utilis\u00e9es dans la pr\u00e9servation et la diffusion des diff\u00e9rents aspects de la culture amazighe.<\/p>\n<p class=\"c1\">De son c\u00f4t\u00e9, le chercheur \u00e0 l\u2019IRCAM, Youness Chaabi, s\u2019est attard\u00e9 sur le r\u00f4le d\u00e9volu \u00e0 la technologie dans la pr\u00e9servation et le partage du patrimoine culturel amazigh gr\u00e2ce \u00e0 sa capacit\u00e9 \u00e0 surmonter les obstacles spatio-temporel, notant \u00e0 cet \u00e9gard, qu\u2019internet, les r\u00e9seaux sociaux et les programmes de traduction automatique peuvent grandement participer \u00e0 cette t\u00e2che.<\/p>\n<p class=\"c1\">Dans ce sens, M. Chaabi a mis en avant les efforts de l\u2019Institut pour num\u00e9riser l\u2019\u00e9criture amazighe et codifier les lettres tifinagh, \u00e0 travers un clavier d\u00e9di\u00e9 \u00e0 cette langue qui sera int\u00e9gr\u00e9 aux syst\u00e8mes d\u2019exploitation informatiques, aux smartphones et aux tablettes.<\/p>\n<p class=\"c1\">Pour sa part, Fouad Azeroual, \u00e9galement chercheur au sein de l\u2019IRCAM, a \u00e9voqu\u00e9 le r\u00f4le des nouvelles expressions artistiques telles que le th\u00e9\u00e2tre, le cin\u00e9ma et les s\u00e9ries t\u00e9l\u00e9vis\u00e9es dans la promotion et la diffusion de la culture amazighe.<\/p>\n<p class=\"c1\">Dans ce sillage, il a estim\u00e9 que ces nouvelles expressions ont contribu\u00e9 \u00e0 faire passer la conscience culturelle amazighe du stade de la protection et de la pr\u00e9servation \u00e0 celui de la promotion.<\/p>\n<p class=\"c1\">Le Salon Maghr\u00e9bin du Livre (Lettres du Maghreb), qui s\u2019est ouvert mercredi \u00e0 Oujda sous le Haut patronage de SM le Roi Mohammed VI, conna\u00eet la participation de grands noms de la culture et de la litt\u00e9rature marocaine et internationale.<\/p>\n<p class=\"c1\">Au menu de cette troisi\u00e8me \u00e9dition, 36 tables rondes, 10 expositions d\u2019art plastique, deux soir\u00e9es po\u00e9tiques et plusieurs activit\u00e9s pour les jeunes et les enfants.<\/p>\n<p class=\"c1\">Outre le Salon o\u00f9 sont expos\u00e9s des livres selon les normes internationales de l\u2019\u00e9dition et de la mise en valeur de l\u2019\u00e9dition et de la lecture, sont pr\u00e9vus un salon du livre jeunesse, un espace \u00e9veil \u00e0 la lecture pour les enfants, un espace m\u00e9tiers du livre et un caf\u00e9 litt\u00e9raire pour les d\u00e9dicaces et les rencontres avec les auteurs.<\/p>\n<p>Auteur: Soufiane ELAHMAR<br \/>\n<a href=\"http:\/\/www.mapoujda.ma\/fr\/le-patrimoine-culturel-amazigh-une-responsabilite-partagee\/\">Cliquez ici pour lire l&rsquo;article depuis sa source.<\/a><\/p>\n","protected":false},"excerpt":{"rendered":"<p>L\u2019\u00c9tat et les acteurs du champ culturel ont un r\u00f4le important \u00e0 jouer dans la pr\u00e9servation, la protection et le d\u00e9veloppement du patrimoine culturel amazigh, a affirm\u00e9, samedi \u00e0 Oujda, le recteur de l\u2019Institut royal de la culture amazighe (IRCAM), Ahmed Boukous. Dans une d\u00e9claration \u00e0 la MAP en marge d\u2019une table ronde sous le [&hellip;]<\/p>\n","protected":false},"author":1788,"featured_media":0,"comment_status":"closed","ping_status":"closed","sticky":false,"template":"","format":"standard","meta":{"fifu_image_url":"","fifu_image_alt":"","footnotes":""},"categories":[54,76],"tags":[],"class_list":["post-64227","post","type-post","status-publish","format-standard","hentry","category-maroc","category-regions"],"_links":{"self":[{"href":"https:\/\/linitiative.ca\/International\/wp-json\/wp\/v2\/posts\/64227","targetHints":{"allow":["GET"]}}],"collection":[{"href":"https:\/\/linitiative.ca\/International\/wp-json\/wp\/v2\/posts"}],"about":[{"href":"https:\/\/linitiative.ca\/International\/wp-json\/wp\/v2\/types\/post"}],"author":[{"embeddable":true,"href":"https:\/\/linitiative.ca\/International\/wp-json\/wp\/v2\/users\/1788"}],"replies":[{"embeddable":true,"href":"https:\/\/linitiative.ca\/International\/wp-json\/wp\/v2\/comments?post=64227"}],"version-history":[{"count":0,"href":"https:\/\/linitiative.ca\/International\/wp-json\/wp\/v2\/posts\/64227\/revisions"}],"wp:attachment":[{"href":"https:\/\/linitiative.ca\/International\/wp-json\/wp\/v2\/media?parent=64227"}],"wp:term":[{"taxonomy":"category","embeddable":true,"href":"https:\/\/linitiative.ca\/International\/wp-json\/wp\/v2\/categories?post=64227"},{"taxonomy":"post_tag","embeddable":true,"href":"https:\/\/linitiative.ca\/International\/wp-json\/wp\/v2\/tags?post=64227"}],"curies":[{"name":"wp","href":"https:\/\/api.w.org\/{rel}","templated":true}]}}