{"id":64228,"date":"2019-10-12T18:59:48","date_gmt":"2019-10-12T22:59:48","guid":{"rendered":"https:\/\/linitiative.ca\/International\/le-feminisme-au-coeur-dune-conference-debat\/"},"modified":"2019-10-12T18:59:48","modified_gmt":"2019-10-12T22:59:48","slug":"le-feminisme-au-coeur-dune-conference-debat","status":"publish","type":"post","link":"https:\/\/linitiative.ca\/International\/le-feminisme-au-coeur-dune-conference-debat\/","title":{"rendered":"Le F\u00e9minisme au c\u0153ur d\u2019une conf\u00e9rence-d\u00e9bat"},"content":{"rendered":"<p class=\"c1\">La lutte f\u00e9ministe est un combat qui remonte \u00e0 l\u2019\u00e9poque coloniale, o\u00f9 les femmes se sont battues pour leur libert\u00e9 et leurs droits tout en luttant contre le colonialisme qui entravait grandement leur \u00e9mancipation, ont affirm\u00e9, samedi \u00e0 Oujda, les participantes \u00e0 une conf\u00e9rence en marge de la troisi\u00e8me \u00e9dition du Salon Maghr\u00e9bin du Livre (Lettres du Maghreb).<\/p>\n<p class=\"c1\">Dans son intervention \u00e0 l\u2019occasion de cette conf\u00e9rence-d\u00e9bat sous le th\u00e8me \u00ab\u00a0Les F\u00e9minismes\u00a0\u00bb, la politologue fran\u00e7aise, Fran\u00e7oise Verg\u00e8s, a mis en exergue un \u00ab\u00a0f\u00e9minisme d\u00e9colonial\u00a0\u00bb qui se dressait \u00e0 la fois contre le sexisme, le racisme et l\u2019imp\u00e9rialisme.<\/p>\n<p class=\"c1\">La militante f\u00e9ministe a expliqu\u00e9 que le \u00ab\u00a0f\u00e9minisme d\u00e9colonial\u00a0\u00bb, remet en question le f\u00e9minisme \u00ab\u00a0pens\u00e9 par et pour les femmes blanches\u00a0\u00bb, sans tenir compte de la situation de la femme noire, asiatique ou orientale, qui ont des traditions et des coutumes diff\u00e9rentes de celles de la femme occidentale.<\/p>\n<p class=\"c1\">\u00ab\u00a0Toutes les femmes ne sont pas identiques dans le monde et ne vivent pas dans les m\u00eames conditions\u00a0\u00bb, a insist\u00e9, dans ce sens, Mme Verg\u00e8s.<\/p>\n<p class=\"c1\">\u00ab\u00a0Ce que j\u2019appelle f\u00e9minisme d\u00e9colonial, est un f\u00e9minisme, qui, tout en reconnaissant qu\u2019il y a une domination masculine, ne se focalise pas sur la question de l\u2019\u00e9galit\u00e9 des genres, pour s\u2019int\u00e9resser \u00e0 la mani\u00e8re dont le contexte \u00e9conomique et politique construit les femmes et les hommes\u00a0\u00bb, a-t-elle soulign\u00e9.<\/p>\n<p class=\"c1\">Pour sa part, la chercheuse \u00e0 l\u2019universit\u00e9 Ibn Tofail, Sanae Ghouati, a indiqu\u00e9 que le f\u00e9minisme, en tant que mouvement, est apparu durant la deuxi\u00e8me moiti\u00e9 du 19\u00e8me si\u00e8cle et avait pour ambition d\u2019am\u00e9liorer la condition f\u00e9minine et de permettre aux femmes de b\u00e9n\u00e9ficier des m\u00eames droits que les hommes.<\/p>\n<p class=\"c1\">Toutefois, d\u00e8s le si\u00e8cle des lumi\u00e8res, certains auteurs comme Denis Diderot se sont pench\u00e9s sur la question de la condition f\u00e9minine, a fait observer Mme Ghouati.<\/p>\n<p class=\"c1\">Le Salon Maghr\u00e9bin du Livre (Lettres du Maghreb), qui s\u2019est ouvert mercredi \u00e0 Oujda sous le Haut patronage de SM le Roi Mohammed VI, conna\u00eet la participation de grands noms de la culture et de la litt\u00e9rature marocaine et internationale.<\/p>\n<p class=\"c1\">Au menu de cette troisi\u00e8me \u00e9dition, 36 tables rondes, 10 expositions d\u2019art plastique, deux soir\u00e9es po\u00e9tiques et plusieurs activit\u00e9s pour les jeunes et les enfants.<\/p>\n<p class=\"c1\">Outre le Salon o\u00f9 sont expos\u00e9s des livres selon les normes internationales de l\u2019\u00e9dition et de la mise en valeur de l\u2019\u00e9dition et de la lecture, sont pr\u00e9vus un salon du livre jeunesse, un espace \u00e9veil \u00e0 la lecture pour les enfants, un espace m\u00e9tiers du livre et un caf\u00e9 litt\u00e9raire pour les d\u00e9dicaces et les rencontres avec les auteurs.<\/p>\n<p>Auteur: Soufiane ELAHMAR<br \/>\n<a href=\"http:\/\/www.mapoujda.ma\/fr\/le-feminisme-au-coeur-dune-conference-debat\/\">Cliquez ici pour lire l&rsquo;article depuis sa source.<\/a><\/p>\n","protected":false},"excerpt":{"rendered":"<p>La lutte f\u00e9ministe est un combat qui remonte \u00e0 l\u2019\u00e9poque coloniale, o\u00f9 les femmes se sont battues pour leur libert\u00e9 et leurs droits tout en luttant contre le colonialisme qui entravait grandement leur \u00e9mancipation, ont affirm\u00e9, samedi \u00e0 Oujda, les participantes \u00e0 une conf\u00e9rence en marge de la troisi\u00e8me \u00e9dition du Salon Maghr\u00e9bin du Livre [&hellip;]<\/p>\n","protected":false},"author":1788,"featured_media":0,"comment_status":"closed","ping_status":"closed","sticky":false,"template":"","format":"standard","meta":{"fifu_image_url":"","fifu_image_alt":"","footnotes":""},"categories":[54,76],"tags":[],"class_list":["post-64228","post","type-post","status-publish","format-standard","hentry","category-maroc","category-regions"],"_links":{"self":[{"href":"https:\/\/linitiative.ca\/International\/wp-json\/wp\/v2\/posts\/64228","targetHints":{"allow":["GET"]}}],"collection":[{"href":"https:\/\/linitiative.ca\/International\/wp-json\/wp\/v2\/posts"}],"about":[{"href":"https:\/\/linitiative.ca\/International\/wp-json\/wp\/v2\/types\/post"}],"author":[{"embeddable":true,"href":"https:\/\/linitiative.ca\/International\/wp-json\/wp\/v2\/users\/1788"}],"replies":[{"embeddable":true,"href":"https:\/\/linitiative.ca\/International\/wp-json\/wp\/v2\/comments?post=64228"}],"version-history":[{"count":0,"href":"https:\/\/linitiative.ca\/International\/wp-json\/wp\/v2\/posts\/64228\/revisions"}],"wp:attachment":[{"href":"https:\/\/linitiative.ca\/International\/wp-json\/wp\/v2\/media?parent=64228"}],"wp:term":[{"taxonomy":"category","embeddable":true,"href":"https:\/\/linitiative.ca\/International\/wp-json\/wp\/v2\/categories?post=64228"},{"taxonomy":"post_tag","embeddable":true,"href":"https:\/\/linitiative.ca\/International\/wp-json\/wp\/v2\/tags?post=64228"}],"curies":[{"name":"wp","href":"https:\/\/api.w.org\/{rel}","templated":true}]}}