{"id":64253,"date":"2019-10-13T13:36:30","date_gmt":"2019-10-13T17:36:30","guid":{"rendered":"https:\/\/linitiative.ca\/International\/95642-algerie-france-amical-rencontre-mardi-a-lille-entre-le-president-de-la-faf-et-la-fff\/"},"modified":"2019-10-13T13:36:30","modified_gmt":"2019-10-13T17:36:30","slug":"95642-algerie-france-amical-rencontre-mardi-a-lille-entre-le-president-de-la-faf-et-la-fff","status":"publish","type":"post","link":"https:\/\/linitiative.ca\/International\/95642-algerie-france-amical-rencontre-mardi-a-lille-entre-le-president-de-la-faf-et-la-fff\/","title":{"rendered":"Alg\u00e9rie-France (amical): rencontre mardi \u00e0 Lille entre le pr\u00e9sident de la FAF et la FFF"},"content":{"rendered":"<p><span class=\"sp-nh-title\">Communiqu\u00e9 du Conseil des ministres (Texte int\u00e9gral)<\/span> &#8211; <span class=\"sp-nh-date\">dimanche 13 octobre 2019 19:56<\/span><\/p>\n<p><span class=\"sp-nh-title\">L&rsquo;exploitation d\u2019un VPN en dehors du cadre r\u00e8glementaire est une violation \u00e0 la loi<\/span> &#8211; <span class=\"sp-nh-date\">dimanche 13 octobre 2019 19:54<\/span><\/p>\n<p><span class=\"sp-nh-title\">Education: Belabed pour une politique prospective pour renforcer les comp\u00e9tences du secteur<\/span> &#8211; <span class=\"sp-nh-date\">dimanche 13 octobre 2019 19:52<\/span><\/p>\n<p><span class=\"sp-nh-title\">Le Conseil des ministres adopte des march\u00e9s en gr\u00e9 \u00e0 gr\u00e9 simple \u00e0 caract\u00e8re socio\u00e9conomique<\/span> &#8211; <span class=\"sp-nh-date\">dimanche 13 octobre 2019 19:23<\/span><\/p>\n<p><span class=\"sp-nh-title\">Bensalah: l&rsquo;Etat soucieux de rationaliser l&rsquo;exploitation des ressources et richesses souterraines nationales<\/span> &#8211; <span class=\"sp-nh-date\">dimanche 13 octobre 2019 19:13<\/span><\/p>\n<p><span class=\"sp-nh-title\">Ga\u00efd Salah pr\u00e9sente un expos\u00e9 sur le projet de loi relatif au statut g\u00e9n\u00e9ral des personnels militaires<\/span> &#8211; <span class=\"sp-nh-date\">dimanche 13 octobre 2019 19:01<\/span><\/p>\n<p><span class=\"sp-nh-title\">Le Conseil des ministres adopte le projet de loi sur les hydrocarbures<\/span> &#8211; <span class=\"sp-nh-date\">dimanche 13 octobre 2019 18:57<\/span><\/p>\n<p><span class=\"sp-nh-title\">Alg\u00e9rie-France (amical): rencontre mardi \u00e0 Lille entre le pr\u00e9sident de la FAF et la FFF<\/span> &#8211; <span class=\"sp-nh-date\">dimanche 13 octobre 2019 18:36<\/span><\/p>\n<p><span class=\"sp-nh-title\">Apoption du projet de loi de Finances pour l&rsquo;exercice 2020<\/span> &#8211; <span class=\"sp-nh-date\">dimanche 13 octobre 2019 18:18<\/span><\/p>\n<p><span class=\"sp-nh-title\">Adoption du projet de loi portant amendement du Code de proc\u00e9dure p\u00e9nale<\/span> &#8211; <span class=\"sp-nh-date\">dimanche 13 octobre 2019 18:06<\/span><\/p>\n<p><span class=\"sp-nh-title\">Ouargla: lancement de la nouvelle ligne ferroviaire Touggourt-Alger<\/span> &#8211; <span class=\"sp-nh-date\">dimanche 13 octobre 2019 18:01<\/span><\/p>\n<p><span class=\"sp-nh-title\">Conseil des ministres: le projet de loi portant Statut g\u00e9n\u00e9ral des personnels militaires adopt\u00e9<\/span> &#8211; <span class=\"sp-nh-date\">dimanche 13 octobre 2019 17:55<\/span><\/p>\n<p><span class=\"sp-nh-title\">ANCA: la pr\u00e9sidentielle est b\u00e9n\u00e9fique pour la stabilit\u00e9 du pays<\/span> &#8211; <span class=\"sp-nh-date\">dimanche 13 octobre 2019 17:54<\/span><\/p>\n<p><span class=\"sp-nh-title\">Le r\u00f4le de la chanson kabyle et berb\u00e8re dans l\u2019affirmation de l\u2019identit\u00e9 nationale soulign\u00e9 \u00e0 Tizi-Ouzou<\/span> &#8211; <span class=\"sp-nh-date\">dimanche 13 octobre 2019 17:52<\/span><\/p>\n<p><span class=\"sp-nh-title\">Laghouat: s\u00e9minaire international sur la politique ottomane dans l\u2019espace maritime et saharien au Maghreb en octobre<\/span> &#8211; <span class=\"sp-nh-date\">dimanche 13 octobre 2019 17:50<\/span><\/p>\n<p><span class=\"sp-nh-title\">Int\u00e9gration de l\u2019aquaculture en agriculture \u00e0 Oran: la ferme Moulay Abdelaziz r\u00e9alise un franc succ\u00e8s<\/span> &#8211; <span class=\"sp-nh-date\">dimanche 13 octobre 2019 17:45<\/span><\/p>\n<p><span class=\"sp-nh-title\">Sahara occidental\/Manifestation \u00e0 Paris: une date pour le r\u00e9f\u00e9rendum d&rsquo;autod\u00e9termination revendiqu\u00e9e<\/span> &#8211; <span class=\"sp-nh-date\">dimanche 13 octobre 2019 17:30<\/span><\/p>\n<p><span class=\"sp-nh-title\">141e Assembl\u00e9e de l&rsquo;UIP: Chenine s&rsquo;entretient avec les pr\u00e9sidents de parlements de plusieurs pays amis<\/span> &#8211; <span class=\"sp-nh-date\">dimanche 13 octobre 2019 17:28<\/span><\/p>\n<p><span class=\"sp-nh-title\">Araba oua hikayat , nouvelle com\u00e9die musicale en montage \u00e0 Oran<\/span> &#8211; <span class=\"sp-nh-date\">dimanche 13 octobre 2019 17:28<\/span><\/p>\n<p><span class=\"sp-nh-title\">\ufeff Projet de la radiale Oued Ouchayah-Blida: mise en service en 2020 de l&rsquo;axe Baraki-Blida<\/span> &#8211; <span class=\"sp-nh-date\">dimanche 13 octobre 2019 17:20<\/span><\/p>\n<p>Auteur:<br \/>\n<a href=\"http:\/\/www.aps.dz\/sport\/95642-algerie-france-amical-rencontre-mardi-a-lille-entre-le-president-de-la-faf-et-la-fff?utm_source=feedburner&#038;utm_medium=feed&#038;utm_campaign=Feed%3A+aps-sport+%28APS+-+SPORT%29\">Cliquez ici pour lire l&rsquo;article depuis sa source.<\/a><\/p>\n","protected":false},"excerpt":{"rendered":"<p>Communiqu\u00e9 du Conseil des ministres (Texte int\u00e9gral) &#8211; dimanche 13 octobre 2019 19:56 L&rsquo;exploitation d\u2019un VPN en dehors du cadre r\u00e8glementaire est une violation \u00e0 la loi &#8211; dimanche 13 octobre 2019 19:54 Education: Belabed pour une politique prospective pour renforcer les comp\u00e9tences du secteur &#8211; dimanche 13 octobre 2019 19:52 Le Conseil des ministres [&hellip;]<\/p>\n","protected":false},"author":1790,"featured_media":0,"comment_status":"closed","ping_status":"closed","sticky":false,"template":"","format":"standard","meta":{"fifu_image_url":"","fifu_image_alt":"","footnotes":""},"categories":[53,75],"tags":[],"class_list":["post-64253","post","type-post","status-publish","format-standard","hentry","category-algerie","category-sport"],"_links":{"self":[{"href":"https:\/\/linitiative.ca\/International\/wp-json\/wp\/v2\/posts\/64253","targetHints":{"allow":["GET"]}}],"collection":[{"href":"https:\/\/linitiative.ca\/International\/wp-json\/wp\/v2\/posts"}],"about":[{"href":"https:\/\/linitiative.ca\/International\/wp-json\/wp\/v2\/types\/post"}],"author":[{"embeddable":true,"href":"https:\/\/linitiative.ca\/International\/wp-json\/wp\/v2\/users\/1790"}],"replies":[{"embeddable":true,"href":"https:\/\/linitiative.ca\/International\/wp-json\/wp\/v2\/comments?post=64253"}],"version-history":[{"count":0,"href":"https:\/\/linitiative.ca\/International\/wp-json\/wp\/v2\/posts\/64253\/revisions"}],"wp:attachment":[{"href":"https:\/\/linitiative.ca\/International\/wp-json\/wp\/v2\/media?parent=64253"}],"wp:term":[{"taxonomy":"category","embeddable":true,"href":"https:\/\/linitiative.ca\/International\/wp-json\/wp\/v2\/categories?post=64253"},{"taxonomy":"post_tag","embeddable":true,"href":"https:\/\/linitiative.ca\/International\/wp-json\/wp\/v2\/tags?post=64253"}],"curies":[{"name":"wp","href":"https:\/\/api.w.org\/{rel}","templated":true}]}}