{"id":64271,"date":"2019-10-13T05:36:34","date_gmt":"2019-10-13T09:36:34","guid":{"rendered":"https:\/\/linitiative.ca\/International\/cgem-mezouar-annonce-sa-demission\/"},"modified":"2019-10-13T05:36:34","modified_gmt":"2019-10-13T09:36:34","slug":"cgem-mezouar-annonce-sa-demission","status":"publish","type":"post","link":"https:\/\/linitiative.ca\/International\/cgem-mezouar-annonce-sa-demission\/","title":{"rendered":"CGEM : Mezouar annonce sa d\u00e9mission"},"content":{"rendered":"<p><strong>Le pr\u00e9sident de la Conf\u00e9d\u00e9ration g\u00e9n\u00e9rale des entreprises du Maroc (CGEM) vient d\u2019annoncer sa d\u00e9mission. Une intervention au sujet de l\u2019Alg\u00e9rie mal appr\u00e9ci\u00e9e par le gouvernement marocain serait la cause de cette d\u00e9cision de l\u2019ancien ministre des Affaires \u00e9trang\u00e8res.<\/strong><\/p>\n<div class=\"c10\"\/>\n<p>\u00ab\u00a0J\u2019ai le profond regret de porter \u00e0 votre connaissance que j\u2019ai pris la d\u00e9cision pour des contraintes personnelles majeures de d\u00e9missionner de la pr\u00e9sidence de la CGEM \u00e0 compter de ce jour\u00a0\u00bb, annonce Mezouar.<\/p>\n<p>Cette d\u00e9mission a \u00e9t\u00e9 prise apr\u00e8s une intervention du patron des patrons lors de la World Policy Conference qui se tient \u00e0 Marrakech, consid\u00e9r\u00e9 d\u00e9plac\u00e9e par le minist\u00e8re des Affaires \u00e9trang\u00e8res, qui a indiqu\u00e9 dans un communiqu\u00e9 que \u00ab\u00a0le gouvernement de Sa Majest\u00e9 le Roi d\u00e9nonce la d\u00e9marche irresponsable, maladroite et irr\u00e9fl\u00e9chie de M. Salaheddine Mezouar, pr\u00e9sident de la Conf\u00e9d\u00e9ration g\u00e9n\u00e9rale des entreprises du Maroc (CGEM), qui a cru devoir commenter la situation interne en Alg\u00e9rie lors d\u2019une conf\u00e9rence internationale tenue \u00e0 Marrakech.<\/p>\n<p>Cette d\u00e9claration a soulev\u00e9 des questionnements au niveau de la classe politique et de l\u2019opinion publique quant \u00e0 son timing et ses v\u00e9ritables motivations, pr\u00e9cise le minist\u00e8re dans un communiqu\u00e9.<\/p>\n<p>La CGEM, poursuit la m\u00eame source, \u00ab\u00a0ne peut se substituer au gouvernement de SM le Roi dans la prise de positions sur les questions internationales et notamment le d\u00e9veloppement dans ce pays voisin\u00a0\u00bb, ajoutant que la position du Royaume du Maroc \u00e0 ce sujet est \u00ab\u00a0claire et constante\u00a0\u00bb.<\/p>\n<p>\u00ab\u00a0Le Royaume du Maroc a, en effet, d\u00e9cid\u00e9 de s\u2019en tenir \u00e0 une attitude de non-ing\u00e9rence par rapport aux d\u00e9veloppements en Alg\u00e9rie. Le Maroc s\u2019abstient de tout commentaire \u00e0 ce sujet. Il n\u2019a ni \u00e0 se m\u00ealer des d\u00e9veloppements internes que conna\u00eet ce pays voisin, ni \u00e0 les commenter de quelque mani\u00e8re que ce soit\u00a0\u00bb, conclut le communiqu\u00e9.<\/p>\n<p><img decoding=\"async\" src=\"https:\/\/www.challenge.ma\/wp-content\/uploads\/2019\/10\/comm-CGEM-498x1024.jpg\" alt=\"\" class=\"wp-image-119959\" srcset=\"https:\/\/www.challenge.ma\/wp-content\/uploads\/2019\/10\/comm-CGEM-498x1024.jpg 498w, https:\/\/www.challenge.ma\/wp-content\/uploads\/2019\/10\/comm-CGEM-146x300.jpg 146w, https:\/\/www.challenge.ma\/wp-content\/uploads\/2019\/10\/comm-CGEM-360x740.jpg 360w, https:\/\/www.challenge.ma\/wp-content\/uploads\/2019\/10\/comm-CGEM.jpg 540w\" sizes=\"(max-width: 498px) 100vw, 498px\"\/><\/p>\n<div class=\"c17\">\n<fieldset class=\"c16\">\n<legend><strong><span class=\"c11\">Challenge<\/span><span class=\"c12\">news<\/span><\/strong><\/legend>\n<div class=\"c15\">Le meilleur de la r\u00e9daction s\u00e9lectionn\u00e9 par Challenge :<\/p>\n<\/div>\n<\/fieldset>\n<\/div>\n<p>Auteur: Hassan Manyani<br \/>\n<a href=\"https:\/\/www.challenge.ma\/cgem-mezouar-a-depose-sa-demission-119947\/\">Cliquez ici pour lire l&rsquo;article depuis sa source.<\/a><\/p>\n","protected":false},"excerpt":{"rendered":"<p>Le pr\u00e9sident de la Conf\u00e9d\u00e9ration g\u00e9n\u00e9rale des entreprises du Maroc (CGEM) vient d\u2019annoncer sa d\u00e9mission. Une intervention au sujet de l\u2019Alg\u00e9rie mal appr\u00e9ci\u00e9e par le gouvernement marocain serait la cause de cette d\u00e9cision de l\u2019ancien ministre des Affaires \u00e9trang\u00e8res. \u00ab\u00a0J\u2019ai le profond regret de porter \u00e0 votre connaissance que j\u2019ai pris la d\u00e9cision pour des [&hellip;]<\/p>\n","protected":false},"author":1787,"featured_media":64272,"comment_status":"closed","ping_status":"closed","sticky":false,"template":"","format":"standard","meta":{"fifu_image_url":"","fifu_image_alt":"","footnotes":""},"categories":[78,54],"tags":[],"class_list":["post-64271","post","type-post","status-publish","format-standard","has-post-thumbnail","hentry","category-economie","category-maroc"],"_links":{"self":[{"href":"https:\/\/linitiative.ca\/International\/wp-json\/wp\/v2\/posts\/64271","targetHints":{"allow":["GET"]}}],"collection":[{"href":"https:\/\/linitiative.ca\/International\/wp-json\/wp\/v2\/posts"}],"about":[{"href":"https:\/\/linitiative.ca\/International\/wp-json\/wp\/v2\/types\/post"}],"author":[{"embeddable":true,"href":"https:\/\/linitiative.ca\/International\/wp-json\/wp\/v2\/users\/1787"}],"replies":[{"embeddable":true,"href":"https:\/\/linitiative.ca\/International\/wp-json\/wp\/v2\/comments?post=64271"}],"version-history":[{"count":0,"href":"https:\/\/linitiative.ca\/International\/wp-json\/wp\/v2\/posts\/64271\/revisions"}],"wp:featuredmedia":[{"embeddable":true,"href":"https:\/\/linitiative.ca\/International\/wp-json\/"}],"wp:attachment":[{"href":"https:\/\/linitiative.ca\/International\/wp-json\/wp\/v2\/media?parent=64271"}],"wp:term":[{"taxonomy":"category","embeddable":true,"href":"https:\/\/linitiative.ca\/International\/wp-json\/wp\/v2\/categories?post=64271"},{"taxonomy":"post_tag","embeddable":true,"href":"https:\/\/linitiative.ca\/International\/wp-json\/wp\/v2\/tags?post=64271"}],"curies":[{"name":"wp","href":"https:\/\/api.w.org\/{rel}","templated":true}]}}