{"id":64278,"date":"2019-10-13T16:20:29","date_gmt":"2019-10-13T20:20:29","guid":{"rendered":"https:\/\/linitiative.ca\/International\/tunisie-video-kais-saied-le-peuple-tunisien-a-donne-une-lecon-magistrale-au-monde-entier\/"},"modified":"2019-10-13T16:20:29","modified_gmt":"2019-10-13T20:20:29","slug":"tunisie-video-kais-saied-le-peuple-tunisien-a-donne-une-lecon-magistrale-au-monde-entier","status":"publish","type":"post","link":"https:\/\/linitiative.ca\/International\/tunisie-video-kais-saied-le-peuple-tunisien-a-donne-une-lecon-magistrale-au-monde-entier\/","title":{"rendered":"Tunisie \u2013 VIDEO\u00a0: Ka\u00efs Sa\u00efed\u00a0: Le peuple tunisien a donn\u00e9 une le\u00e7on magistrale au monde entier"},"content":{"rendered":"<div class=\"post-cont-in left relative\">\n<div class=\"swp_social_panel swp_horizontal_panel swp_flat_fresh swp_default_full_color swp_individual_full_color swp_other_full_color scale-100 scale-\" data-min-width=\"1100\" data-float-color=\"#ffffff\" data-float=\"none\" data-float-mobile=\"none\" data-transition=\"slide\">\n<div class=\"nc_tweetContainer swp_share_button total_shares total_sharesalt\"><span class=\"swp_count\">16 <span class=\"swp_label\">Partages<\/span><\/span><\/div>\n<\/div>\n<p>Ka\u00efs Sa\u00efed, le pr\u00e9sident tunisien nouvellement \u00e9lu, s\u2019est adress\u00e9 ce soir, \u00e0 la fin du scrutin et\u00a0suite \u00e0\u00a0la publication des premi\u00e8res estimations qui le donnent gagnant avec plus de 70% des voix, s\u2019est\u00a0a pris la parole \u00e0 partir de son\u00a0QG de campagne, pour remercier tous les tunisiens \u00ab\u00a0ceux qui ont vot\u00e9 pour lui et ceux qui ne l\u2019ont pas fait\u00a0\u00bb, les jeunes et les moins jeunes, sans oublier les r\u00e9sidents \u00e0 l\u2019\u00e9tranger.<\/p>\n<p>Il les a remerci\u00e9s pour avoir voulu ouvrir avec lui une nouvelle page de l\u2019histoire de la Tunisie et leur volont\u00e9 de libert\u00e9. Il a f\u00e9licit\u00e9 le peuple tunisien pour la le\u00e7on qu\u2019il a donn\u00e9 au monde entier en mati\u00e8re de d\u00e9mocratie et de respect de la constitution.<\/p>\n<div class=\"code-block code-block-1 c4\"><ins class=\"adsbygoogle c3\" data-ad-layout=\"in-article\" data-ad-format=\"fluid\" data-ad-client=\"ca-pub-2102118777505746\" data-ad-slot=\"7301775417\"\/> <\/div>\n<p>Il a ensuite tenu \u00e0 tranquilliser le sceptiques, en promettant d\u2019\u00eatre le digne de leur confiance et en restant fid\u00e8le \u00e0 ses principes\u00a0promettant\u00a0qu\u2019il fera de son mieux pour l\u2019\u00e9dification d\u2019une nouvelle Tunisie.<\/p>\n<p>Il a, par ailleurs assur\u00e9 que la Tunisie respectera ses engagements avec ses partenaires, dans le cadre du respect de la continuit\u00e9 de l\u2019Etat. Il a fait une mention sp\u00e9ciale au soutien de la cause palestinienne.<\/p>\n<p>Il a remerci\u00e9 les jeunes qui ont conduit de fa\u00e7on in\u00e9dite, sa campagne, donnant des le\u00e7ons au monde entier en mati\u00e8re de volont\u00e9 des peuples. Il a rappel\u00e9 que sa campagne a \u00e9t\u00e9 conduite gr\u00e2ce aux dons de ses fans, aussi modestes qu\u2019ils soient.<\/p>\n<p>En s\u2019adressant \u00e0 Nabil Karoui, il a dit qu\u2019il le respectait et qu\u2019il n\u2019\u00e9tait pas en concurrence avec lui. Il avait tout simplement, un projet \u00e0 pr\u00e9senter aux tunisiens.<\/p>\n<p>Il a promis de relever tous les d\u00e9fis, en premier lieu, \u00e9conomiques. Comme il a pr\u00e9cis\u00e9 qu\u2019il\u00a0veillera \u00e0 l\u2019application stricte de la loi\u00a0pour tout le monde, y compris,\u00a0pour lui-m\u00eame.<\/p>\n<p>Il a fini par saluer le peuple fr\u00e8re alg\u00e9rien, assurant que sa premi\u00e8re visite officielle sera en Alg\u00e9rie, puis en Libye.<\/p>\n<p><strong>Que se passe-t-il en Tunisie?<\/strong><br \/>Nous expliquons sur notre <a href=\"https:\/\/www.youtube.com\/channel\/UCRzypVq0B_yBad5eGrwBx0Q?sub_confirmation=1\" target=\"_blank\" rel=\"noopener noreferrer\">cha\u00eene YouTube<\/a> . <a href=\"https:\/\/www.youtube.com\/channel\/UCRzypVq0B_yBad5eGrwBx0Q?sub_confirmation=1\" target=\"_blank\" rel=\"noopener noreferrer\">Abonnez-vous!<\/a><\/p>\n<div class=\"mvp-org-wrap mvp-org-logo\" itemprop=\"publisher\" itemscope=\"\" itemtype=\"https:\/\/schema.org\/Organization\">\n<p><img decoding=\"async\" src=\"https:\/\/www.tunisienumerique.com\/wp-content\/uploads\/2017\/02\/logo_tunisie_numerique.png\"\/><\/p>\n<\/div>\n<div class=\"swp_social_panel swp_horizontal_panel swp_flat_fresh swp_default_full_color swp_individual_full_color swp_other_full_color scale-100 scale-\" data-min-width=\"1100\" data-float-color=\"#ffffff\" data-float=\"none\" data-float-mobile=\"none\" data-transition=\"slide\">\n<div class=\"nc_tweetContainer swp_share_button total_shares total_sharesalt\"><span class=\"swp_count\">16 <span class=\"swp_label\">Partages<\/span><\/span><\/div>\n<\/div>\n<div class=\"mvp-related-posts left relative\">\n<h4 class=\"post-header\"><span class=\"post-header\">Lire aussi<\/span><\/h4>\n<\/div>\n<\/div>\n<p>Auteur: LM<br \/>\n<a href=\"https:\/\/www.tunisienumerique.com\/tunisie-video-kais-saied-le-peuple-tunisien-a-donne-une-lecon-magistrale-au-monde-entier\/\">Cliquez ici pour lire l&rsquo;article depuis sa source.<\/a><\/p>\n","protected":false},"excerpt":{"rendered":"<p>16 Partages Ka\u00efs Sa\u00efed, le pr\u00e9sident tunisien nouvellement \u00e9lu, s\u2019est adress\u00e9 ce soir, \u00e0 la fin du scrutin et\u00a0suite \u00e0\u00a0la publication des premi\u00e8res estimations qui le donnent gagnant avec plus de 70% des voix, s\u2019est\u00a0a pris la parole \u00e0 partir de son\u00a0QG de campagne, pour remercier tous les tunisiens \u00ab\u00a0ceux qui ont vot\u00e9 pour lui [&hellip;]<\/p>\n","protected":false},"author":1789,"featured_media":64279,"comment_status":"closed","ping_status":"closed","sticky":false,"template":"","format":"standard","meta":{"fifu_image_url":"","fifu_image_alt":"","footnotes":""},"categories":[73,55],"tags":[],"class_list":["post-64278","post","type-post","status-publish","format-standard","has-post-thumbnail","hentry","category-actualite","category-tunisie"],"_links":{"self":[{"href":"https:\/\/linitiative.ca\/International\/wp-json\/wp\/v2\/posts\/64278","targetHints":{"allow":["GET"]}}],"collection":[{"href":"https:\/\/linitiative.ca\/International\/wp-json\/wp\/v2\/posts"}],"about":[{"href":"https:\/\/linitiative.ca\/International\/wp-json\/wp\/v2\/types\/post"}],"author":[{"embeddable":true,"href":"https:\/\/linitiative.ca\/International\/wp-json\/wp\/v2\/users\/1789"}],"replies":[{"embeddable":true,"href":"https:\/\/linitiative.ca\/International\/wp-json\/wp\/v2\/comments?post=64278"}],"version-history":[{"count":0,"href":"https:\/\/linitiative.ca\/International\/wp-json\/wp\/v2\/posts\/64278\/revisions"}],"wp:featuredmedia":[{"embeddable":true,"href":"https:\/\/linitiative.ca\/International\/wp-json\/"}],"wp:attachment":[{"href":"https:\/\/linitiative.ca\/International\/wp-json\/wp\/v2\/media?parent=64278"}],"wp:term":[{"taxonomy":"category","embeddable":true,"href":"https:\/\/linitiative.ca\/International\/wp-json\/wp\/v2\/categories?post=64278"},{"taxonomy":"post_tag","embeddable":true,"href":"https:\/\/linitiative.ca\/International\/wp-json\/wp\/v2\/tags?post=64278"}],"curies":[{"name":"wp","href":"https:\/\/api.w.org\/{rel}","templated":true}]}}