{"id":64284,"date":"2019-10-13T16:40:40","date_gmt":"2019-10-13T20:40:40","guid":{"rendered":"https:\/\/linitiative.ca\/International\/tunisie-lutica-felicite-kais-saied-et-lui-promet-de-collaborer-pleinement-avec-lui\/"},"modified":"2019-10-13T16:40:40","modified_gmt":"2019-10-13T20:40:40","slug":"tunisie-lutica-felicite-kais-saied-et-lui-promet-de-collaborer-pleinement-avec-lui","status":"publish","type":"post","link":"https:\/\/linitiative.ca\/International\/tunisie-lutica-felicite-kais-saied-et-lui-promet-de-collaborer-pleinement-avec-lui\/","title":{"rendered":"Tunisie \u2013 L\u2019UTICA f\u00e9licite Ka\u00efs Sa\u00efed et lui promet de collaborer pleinement avec lui"},"content":{"rendered":"<div class=\"post-cont-in left relative\">\n<div class=\"swp_social_panel swp_horizontal_panel swp_flat_fresh swp_default_full_color swp_individual_full_color swp_other_full_color scale-100 scale-\" data-min-width=\"1100\" data-float-color=\"#ffffff\" data-float=\"none\" data-float-mobile=\"none\" data-transition=\"slide\">\n<div class=\"nc_tweetContainer swp_share_button total_shares total_sharesalt\"><span class=\"swp_count\">17 <span class=\"swp_label\">Partages<\/span><\/span><\/div>\n<\/div>\n<p>Suite \u00e0 la diffusion des premi\u00e8res estimations des r\u00e9sultats des pr\u00e9sidentielles qui donnent le candidat Ka\u00efs Sa\u00efed, largement en t\u00eate, l\u2019UTICA a publi\u00e9 un communiqu\u00e9 sur sa page Facebook, pour f\u00e9liciter Ka\u00efs Sa\u00efed et lui souhaiter toute la r\u00e9ussite dans ses actions.<\/p>\n<p>L\u2019Union a, par ailleurs, tenu \u00e0 saluer le candidat Nabil Karoui.<\/p>\n<div class=\"code-block code-block-1 c3\"><ins class=\"adsbygoogle c2\" data-ad-layout=\"in-article\" data-ad-format=\"fluid\" data-ad-client=\"ca-pub-2102118777505746\" data-ad-slot=\"7301775417\"\/> <\/div>\n<p>L\u2019UTICA se dit satisfaite du taux de participation des \u00e9lecteurs \u00e0 ce second tour des \u00e9lections et f\u00e9licite tous les \u00e9lecteurs qui ont enrichi l\u2019\u00e9v\u00e9nement quel que soit leur choix.<\/p>\n<p>L\u2019UTICA consid\u00e8re ces \u00e9lections comme un virage crucial dans la transition d\u00e9mocratique du pays et appelle tout le monde \u00e0 collaborer pour r\u00e9ussir la reprise \u00e9conomique et sociale qui reste fragile dans le pays.<\/p>\n<p>L\u2019Union r\u00e9it\u00e8re sa volont\u00e9 de collaborer avec le nouveau pr\u00e9sident et de discuter avec lui \u00e0 propos de tous les dossiers importants, dans l\u2019int\u00e9r\u00eat g\u00e9n\u00e9ral du pays.<\/p>\n<p><img loading=\"lazy\" decoding=\"async\" class=\"aligncenter size-full wp-image-468064\" src=\"https:\/\/www.tunisienumerique.com\/wp-content\/uploads\/2019\/10\/utica-1.jpg\" alt=\"\" width=\"551\" height=\"453\"\/><\/p>\n<p><noscript><\/p>\n<p><img loading=\"lazy\" decoding=\"async\" class=\"aligncenter size-full wp-image-468064\" src=\"https:\/\/www.tunisienumerique.com\/wp-content\/uploads\/2019\/10\/utica-1.jpg\" alt=\"\" width=\"551\" height=\"453\"\/><\/p>\n<p><\/noscript><\/p>\n<p><strong>Que se passe-t-il en Tunisie?<\/strong><br \/>Nous expliquons sur notre <a href=\"https:\/\/www.youtube.com\/channel\/UCRzypVq0B_yBad5eGrwBx0Q?sub_confirmation=1\" target=\"_blank\" rel=\"noopener noreferrer\">cha\u00eene YouTube<\/a> . <a href=\"https:\/\/www.youtube.com\/channel\/UCRzypVq0B_yBad5eGrwBx0Q?sub_confirmation=1\" target=\"_blank\" rel=\"noopener noreferrer\">Abonnez-vous!<\/a><\/p>\n<div class=\"mvp-org-wrap mvp-org-logo\" itemprop=\"publisher\" itemscope=\"\" itemtype=\"https:\/\/schema.org\/Organization\">\n<p><img decoding=\"async\" src=\"https:\/\/www.tunisienumerique.com\/wp-content\/uploads\/2017\/02\/logo_tunisie_numerique.png\"\/><\/p>\n<\/div>\n<div class=\"swp_social_panel swp_horizontal_panel swp_flat_fresh swp_default_full_color swp_individual_full_color swp_other_full_color scale-100 scale-\" data-min-width=\"1100\" data-float-color=\"#ffffff\" data-float=\"none\" data-float-mobile=\"none\" data-transition=\"slide\">\n<div class=\"nc_tweetContainer swp_share_button total_shares total_sharesalt\"><span class=\"swp_count\">17 <span class=\"swp_label\">Partages<\/span><\/span><\/div>\n<\/div>\n<div class=\"mvp-related-posts left relative\">\n<h4 class=\"post-header\"><span class=\"post-header\">Lire aussi<\/span><\/h4>\n<\/div>\n<\/div>\n<p>Auteur: LM<br \/>\n<a href=\"https:\/\/www.tunisienumerique.com\/tunisie-lutica-felicite-kais-saied-et-lui-promet-de-collaborer-pleinement-avec-lui\/\">Cliquez ici pour lire l&rsquo;article depuis sa source.<\/a><\/p>\n","protected":false},"excerpt":{"rendered":"<p>17 Partages Suite \u00e0 la diffusion des premi\u00e8res estimations des r\u00e9sultats des pr\u00e9sidentielles qui donnent le candidat Ka\u00efs Sa\u00efed, largement en t\u00eate, l\u2019UTICA a publi\u00e9 un communiqu\u00e9 sur sa page Facebook, pour f\u00e9liciter Ka\u00efs Sa\u00efed et lui souhaiter toute la r\u00e9ussite dans ses actions. L\u2019Union a, par ailleurs, tenu \u00e0 saluer le candidat Nabil Karoui. [&hellip;]<\/p>\n","protected":false},"author":1789,"featured_media":64285,"comment_status":"closed","ping_status":"closed","sticky":false,"template":"","format":"standard","meta":{"fifu_image_url":"","fifu_image_alt":"","footnotes":""},"categories":[73,55],"tags":[],"class_list":["post-64284","post","type-post","status-publish","format-standard","has-post-thumbnail","hentry","category-actualite","category-tunisie"],"_links":{"self":[{"href":"https:\/\/linitiative.ca\/International\/wp-json\/wp\/v2\/posts\/64284","targetHints":{"allow":["GET"]}}],"collection":[{"href":"https:\/\/linitiative.ca\/International\/wp-json\/wp\/v2\/posts"}],"about":[{"href":"https:\/\/linitiative.ca\/International\/wp-json\/wp\/v2\/types\/post"}],"author":[{"embeddable":true,"href":"https:\/\/linitiative.ca\/International\/wp-json\/wp\/v2\/users\/1789"}],"replies":[{"embeddable":true,"href":"https:\/\/linitiative.ca\/International\/wp-json\/wp\/v2\/comments?post=64284"}],"version-history":[{"count":0,"href":"https:\/\/linitiative.ca\/International\/wp-json\/wp\/v2\/posts\/64284\/revisions"}],"wp:featuredmedia":[{"embeddable":true,"href":"https:\/\/linitiative.ca\/International\/wp-json\/"}],"wp:attachment":[{"href":"https:\/\/linitiative.ca\/International\/wp-json\/wp\/v2\/media?parent=64284"}],"wp:term":[{"taxonomy":"category","embeddable":true,"href":"https:\/\/linitiative.ca\/International\/wp-json\/wp\/v2\/categories?post=64284"},{"taxonomy":"post_tag","embeddable":true,"href":"https:\/\/linitiative.ca\/International\/wp-json\/wp\/v2\/tags?post=64284"}],"curies":[{"name":"wp","href":"https:\/\/api.w.org\/{rel}","templated":true}]}}