{"id":64289,"date":"2019-10-13T16:16:25","date_gmt":"2019-10-13T20:16:25","guid":{"rendered":"https:\/\/linitiative.ca\/International\/marche-de-lopposition-et-reaction-du-pouvoir-guineen\/"},"modified":"2019-10-13T16:16:25","modified_gmt":"2019-10-13T20:16:25","slug":"marche-de-lopposition-et-reaction-du-pouvoir-guineen","status":"publish","type":"post","link":"https:\/\/linitiative.ca\/International\/marche-de-lopposition-et-reaction-du-pouvoir-guineen\/","title":{"rendered":"MARCHE DE L\u2019OPPOSITION ET REACTION DU POUVOIR GUINEEN  \u00a0"},"content":{"rendered":"<div class=\"stream-item stream-item-above-post-content\">\n<p><noscript><\/p>\n<p><a href=\"\/\/www3.smartadserver.com\/ac?jump=1&#038;nwid=2136&#038;siteid=240610&#038;pgname=rg&#038;fmtid=49046&#038;visit=m&#038;tmstp=[timestamp]&#038;out=nonrich\" target=\"_blank\" rel=\"noopener noreferrer\"><img decoding=\"async\" src=\"\/\/www3.smartadserver.com\/ac?out=nonrich&#038;nwid=2136&#038;siteid=240610&#038;pgname=rg&#038;fmtid=49046&#038;visit=m&#038;tmstp=[timestamp]\" border=\"0\" alt=\"\"\/><\/a><\/p>\n<p><\/noscript><\/div>\n<p>Sauf cataclysme, c\u2019est aujourd\u2019hui, 14 octobre qu\u2019a lieu la marche de l\u2019opposition en Guin\u00e9e. Et c\u2019est peu dire que de gros nuages s\u2019amoncellent dans le ciel guin\u00e9en qui s\u2019est brusquement assombri depuis que le Chef de l\u2019Etat, Alpha Cond\u00e9, a publiquement lev\u00e9 le voile, le 23 septembre dernier, sur son intention de modifier la Constitution pour briguer un troisi\u00e8me mandat. En tout cas, le coordonnateur du Front National pour la d\u00e9fense de la Constitution (FNDC) de Bok\u00e9 a \u00e9t\u00e9, on ne peut plus clair, en l\u00e2chant cette petite phrase qui traduit toute la d\u00e9termination de l\u2019opposition \u00e0 se dresser contre l\u2019assassinat de la d\u00e9mocratie en Guin\u00e9e par le pr\u00e9sident Cond\u00e9. \u00ab\u00a0<em>Nous marcherons m\u00eame si l\u2019arm\u00e9e va nous marcher dessus<\/em>\u00a0\u00bb. \u00a0Ces propos qui ressemblent fort \u00e0 une d\u00e9claration de guerre, interviennent apr\u00e8s que le gouvernement a d\u00e9j\u00e0 annonc\u00e9 que les manifs appel\u00e9es par le FNDC ne seront pas autoris\u00e9es. Et comme pour montrer qu\u2019il ne badine pas, le gouvernement a d\u00e9j\u00e0 jet\u00e9 six membres de cette structure en prison. C\u2019est dire si le risque d\u2019affrontement est grand. Au regard de l\u2019incandescence de la sc\u00e8ne politique guin\u00e9enne, c\u2019est un v\u00e9ritable avis de temp\u00eate qu\u2019annonce la m\u00e9t\u00e9o politique dans ce pays. Tout laisse croire, en effet, pour paraphraser le cin\u00e9aste, qu\u2019<em>il va pleuvoir sur Conakry<\/em>. La d\u00e9termination affich\u00e9e par l\u2019opposition montre toute la rage qu\u2019elle a, de faire barrage au passage en force qu\u2019envisage le pouvoir. \u00ab\u00a0<em>Nous sommes d\u00e9termin\u00e9s \u00e0 aller de l\u2019avant, nous allons faire en sorte que les Guin\u00e9ens d\u00e9montrent exactement o\u00f9 est la l\u00e9gitimit\u00e9 dans ce pays<\/em>\u00a0\u00bb, avait martel\u00e9, en effet, Sidya Tour\u00e9, l\u2019une des figures de proue du mouvement de contestation. Et pour se donner toutes les chances de gagner leur pari, Cellou Dalein Diallo, chef de file de l\u2019opposition guin\u00e9enne et ses camarades, ont acquis \u00e0 leur cause de nombreuses organisations de la soci\u00e9t\u00e9 civile (OSC) et une frange importante de toutes les couches de la soci\u00e9t\u00e9 guin\u00e9enne, toutes pr\u00eates \u00e0 en d\u00e9coudre avec Alpha Cond\u00e9 dont la mue, du combattant pour la d\u00e9mocratie en fossoyeur de la d\u00e9mocratie, passe comme une trahison.<\/p>\n<p><strong>\u00a0<\/strong><\/p>\n<p><strong>Cond\u00e9 court le risque de sortir de l\u2019histoire par une porte d\u00e9rob\u00e9e<\/strong><\/p>\n<p><strong>\u00a0<\/strong><\/p>\n<p><strong>\u00a0<\/strong><\/p>\n<p class=\"c3\">Mais en face, l\u2019on devine ais\u00e9ment que le camp pr\u00e9sidentiel qui semble tout aussi d\u00e9termin\u00e9 \u00e0 r\u00e9ussir son <em>hold up<\/em>, ne reculera devant aucun moyen pour parvenir \u00e0 ses fins. Menaces, contremarches, achats de consciences, r\u00e9pression, tout y passera pour infl\u00e9chir en sa faveur le bras de fer. Pour preuve, le ministre de l\u2019Administration territoriale a donn\u00e9 le ton en mettant en garde l\u2019opposition contre toute action qui troublerait l\u2019ordre public. \u00a0Et sans jouer aux th\u00e9oriciens de l\u2019Apocalypse, pour qui conna\u00eet la sc\u00e8ne politique guin\u00e9enne dont les fr\u00e9quentes \u00e9ruptions se sont av\u00e9r\u00e9es des plus meurtri\u00e8res en Afrique de l\u2019Ouest, l\u2019on peut pr\u00e9dire que ce bras de fer n\u2019aura qu\u2019un exutoire bien connu\u00a0: des jours de tourmente pour la Guin\u00e9e avec de forts effluves de violences et de sang. Cet orage qui se dessine tr\u00e8s nettement \u00e0 l\u2019horizon, au ras du sommet du Fouta Djallon, ne manquera pas d\u2019impacter n\u00e9gativement une \u00e9conomie nationale souffreteuse malgr\u00e9 son immense potentiel minier et naturel, \u00a0avec de n\u00e9cessaires r\u00e9percussions sur les conditions de vie d\u00e9j\u00e0 pr\u00e9caires \u00a0des populations. En tout \u00e9tat de cause, l\u2019on ne peut que regretter cet ent\u00eatement d\u2019Alpha Cond\u00e9 \u00e0 lancer son pays sur cette orbite de l\u2019incertitude. Non seulement il ach\u00e8ve de dilapider tout le capital de sympathie engrang\u00e9 tout au long de son combat historique pour la d\u00e9mocratie contre les r\u00e9gimes militaires successifs en Guin\u00e9e, mais aussi il court le risque de sortir de l\u2019histoire par une porte d\u00e9rob\u00e9e. Rien ne dit en effet\u00a0 qu\u2019il \u00e9chappera au syndrome de Blaise Compaor\u00e9 au Burkina Faso ou d\u2019Abdoulaye Wade au S\u00e9n\u00e9gal.<\/p>\n<p><strong>\u00a0<\/strong><\/p>\n<p><strong>Ce n\u2019est pas avec Cond\u00e9 que les Guin\u00e9ens vaincront le signe indien des mauvais dirigeants<\/strong><\/p>\n<p><strong>\u00a0<\/strong><\/p>\n<p class=\"c3\">Et m\u00eame s\u2019il parvenait \u00e0 se maintenir au pouvoir au terme du bricolage \u00e9lectoral qu\u2019il a \u00e9chafaud\u00e9, il ne r\u00e9ussissait qu\u2019\u00e0 faire de la Guin\u00e9e, avec le Togo, l\u2019un des moutons noirs de la d\u00e9mocratie en Afrique de l\u2019Ouest. Dans tous les cas, la certitude est faite, au grand dam de tous ceux qui avaient chant\u00e9 la l\u00e9gende Cond\u00e9, que ce n\u2019est pas avec lui que les Guin\u00e9ens vaincront le signe indien des mauvais dirigeants. Cela dit, l\u2019opposition guin\u00e9enne ne doit pas \u00eatre isol\u00e9e dans son combat contre ce mutant d\u2019Alpha Cond\u00e9. La communaut\u00e9 ouest- africaine, \u00e0 travers la CEDEAO,\u00a0 se doit d\u2019intervenir pour dissuader le professeur de cette aventure pleine de menaces, non seulement pour la Guin\u00e9e, mais aussi pour tout l\u2019espace communautaire. En effet, non seulement l\u2019instabilit\u00e9 politique en Guin\u00e9e peut impacter n\u00e9gativement l\u2019\u00e9conomie et la qui\u00e9tude sous-r\u00e9gionales, mais l\u2019exemple d\u2019Alpha Cond\u00e9 peut aussi s\u2019av\u00e9rer contagieux pour de nombreux Etats o\u00f9 la d\u00e9mocratie n\u2019est encore qu\u2019un vernis. Pour agir dans l\u2019int\u00e9r\u00eat communautaire, l\u2019organisation sous-r\u00e9gionale dispose de plusieurs leviers d\u2019action. Elle peut d\u2019abord compter sur la puissante voix morale d\u2019anciens chefs d\u2019Etat africains qui se sont engag\u00e9s, \u00e0 Niamey, lors d\u2019un sommet sur le constitutionnalisme, \u00e0 \u00a0unir leurs voix pour exiger le respect de la limitation des mandats pr\u00e9sidentiels, de la r\u00e8gle constitutionnelle et de l\u2019Etat de droit de mani\u00e8re g\u00e9n\u00e9rale partout en Afrique et favoriser ainsi le renouvellement du leadership politique. L\u2019on peut se surprendre \u00e0 r\u00eaver que le pr\u00e9sident guin\u00e9en qui a autrefois conduit lui-m\u00eame des missions de bons offices dans des crises du genre sur le continent, ne fasse pas la sourde oreille face \u00e0 ces illustres personnalit\u00e9s. La CEDEAO peut aussi se montrer plus \u00e9nergique en\u00a0 actionnant, en cas de besoin, la menace de sanctions diplomatiques et \u00e9conomiques voire militaires,\u00a0 comme elle a parfois su le faire dans certaines crises comme au Mali ou en Gambie. Mais en attendant, c\u2019est \u00e0 l\u2019opposition guin\u00e9enne de faire la preuve de sa maturit\u00e9 politique en r\u00e9ussissant non seulement le pari de la mobilisation, mais aussi en relevant le d\u00e9fi de l\u2019organisation pour tenir des manifestations pacifiques. Il est vrai que cela est plus facile \u00e0 dire qu\u2019\u00e0 faire dans cette Guin\u00e9e o\u00f9 la configuration de la sc\u00e8ne politique repose sur une lame de fond\u00a0 ethnique\u00a0 qui n\u2019attend que l\u2019\u00e9tincelle qui mettra le feu aux poudres, mais c\u2019est la seule condition pour drainer la sympathie de l\u2019opinion publique interne et internationale comme en Alg\u00e9rie.<\/p>\n<p><em><strong>\u00ab\u00a0Le Pays\u00bb<\/strong><\/em><\/p>\n<p><strong>\u00a0<\/strong><\/p>\n<p><strong>\u00a0<\/strong><\/p>\n<p>Auteur: Le Pays<br \/>\n<a href=\"http:\/\/lepays.bf\/marche-de-lopposition-et-reaction-du-pouvoir-guineen\/\">Cliquez ici pour lire l&rsquo;article depuis sa source.<\/a><\/p>\n","protected":false},"excerpt":{"rendered":"<p>Sauf cataclysme, c\u2019est aujourd\u2019hui, 14 octobre qu\u2019a lieu la marche de l\u2019opposition en Guin\u00e9e. Et c\u2019est peu dire que de gros nuages s\u2019amoncellent dans le ciel guin\u00e9en qui s\u2019est brusquement assombri depuis que le Chef de l\u2019Etat, Alpha Cond\u00e9, a publiquement lev\u00e9 le voile, le 23 septembre dernier, sur son intention de modifier la Constitution [&hellip;]<\/p>\n","protected":false},"author":1813,"featured_media":0,"comment_status":"closed","ping_status":"closed","sticky":false,"template":"","format":"standard","meta":{"fifu_image_url":"","fifu_image_alt":"","footnotes":""},"categories":[73,81],"tags":[],"class_list":["post-64289","post","type-post","status-publish","format-standard","hentry","category-actualite","category-burkina-faso"],"_links":{"self":[{"href":"https:\/\/linitiative.ca\/International\/wp-json\/wp\/v2\/posts\/64289","targetHints":{"allow":["GET"]}}],"collection":[{"href":"https:\/\/linitiative.ca\/International\/wp-json\/wp\/v2\/posts"}],"about":[{"href":"https:\/\/linitiative.ca\/International\/wp-json\/wp\/v2\/types\/post"}],"author":[{"embeddable":true,"href":"https:\/\/linitiative.ca\/International\/wp-json\/wp\/v2\/users\/1813"}],"replies":[{"embeddable":true,"href":"https:\/\/linitiative.ca\/International\/wp-json\/wp\/v2\/comments?post=64289"}],"version-history":[{"count":0,"href":"https:\/\/linitiative.ca\/International\/wp-json\/wp\/v2\/posts\/64289\/revisions"}],"wp:attachment":[{"href":"https:\/\/linitiative.ca\/International\/wp-json\/wp\/v2\/media?parent=64289"}],"wp:term":[{"taxonomy":"category","embeddable":true,"href":"https:\/\/linitiative.ca\/International\/wp-json\/wp\/v2\/categories?post=64289"},{"taxonomy":"post_tag","embeddable":true,"href":"https:\/\/linitiative.ca\/International\/wp-json\/wp\/v2\/tags?post=64289"}],"curies":[{"name":"wp","href":"https:\/\/api.w.org\/{rel}","templated":true}]}}