{"id":64291,"date":"2019-10-13T15:50:05","date_gmt":"2019-10-13T19:50:05","guid":{"rendered":"https:\/\/linitiative.ca\/International\/presidentielle-en-tunisie-kais-saied-la-revolution-austere\/"},"modified":"2019-10-13T15:50:05","modified_gmt":"2019-10-13T19:50:05","slug":"presidentielle-en-tunisie-kais-saied-la-revolution-austere","status":"publish","type":"post","link":"https:\/\/linitiative.ca\/International\/presidentielle-en-tunisie-kais-saied-la-revolution-austere\/","title":{"rendered":"Pr\u00e9sidentielle en Tunisie: Kais Saied, la r\u00e9volution aust\u00e8re"},"content":{"rendered":"<p>Universitaire devenu commentateur politique, le nouveau pr\u00e9sident tunisien Kais Saied est une \u00e9nigme: quasi inclassable sur l\u2019\u00e9chiquier politique, cet homme de 61 ans \u00e0 la diction m\u00e9canique est un aust\u00e8re qui pr\u00f4ne un strict respect des lois et une r\u00e9volution par le droit.<\/p>\n<p>N\u00e9 le 22 f\u00e9vrier 1958 dans une famille originaire de Beni Khiar sur la c\u00f4te est, fils d\u2019un fonctionnaire de la municipalit\u00e9 et d\u2019une m\u00e8re \u00e9duqu\u00e9e mais rest\u00e9e au foyer, il grandit \u00e0 Rad\u00e8s, banlieue de la classe moyenne dans le sud de Tunis. Il a fait toutes ses \u00e9tudes dans l\u2019enseignement public tunisien.<\/p>\n<p>Farouchement anti-isra\u00e9lien, il a cependant soulign\u00e9 sa fiert\u00e9 que son p\u00e8re ait, \u00e0 ses dires, prot\u00e9g\u00e9 des nazis la jeune juive tunisoise Gis\u00e8le Halimi, devenue depuis c\u00e9l\u00e8bre avocate f\u00e9ministe.<\/p>\n<p>Il est dipl\u00f4m\u00e9 d\u2019un prestigieux \u00e9tablissement public, le Coll\u00e8ge Sadiki, comme de nombreux pr\u00e9sidents avant lui: le p\u00e8re de l\u2019ind\u00e9pendance Habib Bourguiba, le pr\u00e9sident Moncef Marzouki (2011-2014) et le premier pr\u00e9sident \u00e9lu au suffrage universel en 2014, feu B\u00e9ji Ca\u00efd Essebsi.<\/p>\n<p>Dipl\u00f4m\u00e9 \u00e0 28 ans \u00e0 l\u2019acad\u00e9mie internationale de Droit constitutionnel de Tunis, il a \u00e9t\u00e9 enseignant assistant \u00e0 Sousse (centre-est), o\u00f9 il a bri\u00e8vement dirig\u00e9 un d\u00e9partement de droit public. De 1999 jusqu\u2019en 2018, il enseigne \u00e0 la Facult\u00e9 des sciences juridiques et politique de Tunis.<\/p>\n<p>Sp\u00e9cialiste du droit constitutionnel, il a pris sa retraite il y a un an de l\u2019universit\u00e9 publique.<\/p>\n<p>Certains de ses partisans le nomment toujours respectueusement \u00ab\u00a0professeur\u00a0\u00bb, m\u00eame si l\u2019homme n\u2019a publi\u00e9 que peu d\u2019ouvrages et n\u2019a pas de doctorat.<\/p>\n<p>P\u00e8re de deux filles et un gar\u00e7on, il est mari\u00e9 \u00e0 une juge, qui n\u2019est apparue \u00e0 ses c\u00f4t\u00e9s qu\u2019aux derniers jours de la campagne.<\/p>\n<p>Surnomm\u00e9 \u00ab\u00a0Robocop\u00a0\u00bb en raison de sa diction saccad\u00e9e et de son visage impassible, il est d\u00e9crit par plusieurs \u00e9tudiants comme un enseignant d\u00e9vou\u00e9, attentionn\u00e9 derri\u00e8re son apparente rigidit\u00e9.<\/p>\n<p>\u00ab\u00a0Il pouvait passer des heures en dehors des cours \u00e0 expliquer tel point ou \u00e0 faire comprendre la note d\u2019un examen\u00a0\u00bb, t\u00e9moigne sur Twitter l\u2019un d\u2019eux.<\/p>\n<p>C\u2019\u00e9tait un \u00ab\u00a0professeur s\u00e9rieux, parfois th\u00e9\u00e2tral, mais toujours disponible et \u00e0 l\u2019\u00e9coute\u00a0\u00bb, abonde un journaliste tunisien ayant suivi ses cours entre septembre 2011 et juin 2012, Nessim Ben Gharbia.<\/p>\n<p>Il connaissait aussi les employ\u00e9s subalternes de son universit\u00e9 par leur pr\u00e9nom, prenant des nouvelles d\u2019un parent malade ou d\u2019un enfant, se souvient un journaliste de l\u2019AFP qui l\u2019a interview\u00e9 en 2014.<\/p>\n<p>Dans son noyau de supporteurs se trouvent de nombreux anciens \u00e9tudiants. Mais aussi des id\u00e9alistes, rencontr\u00e9s en 2011 au sit-in de Kasbah 1, mouvement de jeunes et de militants d\u00e9termin\u00e9s \u00e0 r\u00e9orienter la transition d\u00e9mocratique qui s\u2019amor\u00e7ait apr\u00e8s le d\u00e9part de Zine el Abidine Ben Ali.<\/p>\n<p>Le grand public conna\u00eet surtout Kais Saied pour l\u2019avoir entendu commenter savamment, sur les plateaux des principales cha\u00eenes de t\u00e9l\u00e9vision, les premiers pas de la d\u00e9mocratie tunisienne, durant la r\u00e9daction de la Constitution adopt\u00e9e en 2014.<\/p>\n<p>Les d\u00e9bats ont fleuri ces derni\u00e8res semaines pour mieux cerner les convictions de ce personnage aust\u00e8re, jusque-l\u00e0 mal connues m\u00eame des commentateurs politiques.<\/p>\n<p>Accus\u00e9 d\u2019\u00eatre int\u00e9griste ou gauchiste, il est d\u00e9crit comme inflexible sur ses principes.<\/p>\n<p>\u2013 M. \u00ab\u00a0Propre\u00a0\u00bb \u2013<\/p>\n<p>De nombreuses vid\u00e9os sont ressorties depuis sa qualification au second tour, montrant un homme d\u2019une placidit\u00e9 \u00e0 toute \u00e9preuve, portant depuis 2011 la m\u00eame vision d\u2019une d\u00e9centralisation radicale du pouvoir.<\/p>\n<p>Ce n\u00e9ophyte en politique a perc\u00e9 dans les sondages au printemps, port\u00e9 par un ras-le-bol de la classe politique.<\/p>\n<p>Consid\u00e9r\u00e9 comme irr\u00e9prochablement \u00ab\u00a0propre\u00a0\u00bb, il habite un quartier de la classe moyenne, et son QG est install\u00e9 dans un appartement d\u00e9cr\u00e9pit du centre-ville, o\u00f9 l\u2019on fume assis sur des chaises en plastique.<\/p>\n<p>Ses positions conservatrices sur le plan soci\u00e9tal, qu\u2019il est loin d\u2019\u00eatre le seul \u00e0 avoir dans la classe politique, lui ont valu des accusations d\u2019int\u00e9grisme.<\/p>\n<p>Mais son discours politique n\u2019est pas appuy\u00e9 sur des r\u00e9f\u00e9rences religieuses.<\/p>\n<p>Son allure assur\u00e9e et son \u00e9loquence savante l\u2019ont plac\u00e9 en bonne posture lors du face-\u00e0-face t\u00e9l\u00e9vis\u00e9 avec son rival Nabil Karoui vendredi.<\/p>\n<p>S\u2019il est \u00e9lu, son premier d\u00e9fi sera d\u2019\u00e9largir le cercle restreint de ses collaborateurs, actuellement compos\u00e9 d\u2019une poign\u00e9e de partisans passionn\u00e9s mais sans exp\u00e9rience du pouvoir, revendiquant une organisation horizontale.<\/p>\n<p>Son fr\u00e8re Naoufel a \u00e9t\u00e9 un pilier de sa campagne, mais Kais Saied a assur\u00e9 lors d\u2019un d\u00e9bat t\u00e9l\u00e9vis\u00e9 vendredi qu\u2019il n\u2019embaucherait \u00ab\u00a0jamais\u00a0\u00bb un membre de sa famille.<\/p>\n<p>Auteur: AFP<br \/>\n<a href=\"https:\/\/www.journalducameroun.com\/presidentielle-en-tunisie-kais-saied-la-revolution-austere-3\/\">Cliquez ici pour lire l&rsquo;article depuis sa source.<\/a><\/p>\n","protected":false},"excerpt":{"rendered":"<p>Universitaire devenu commentateur politique, le nouveau pr\u00e9sident tunisien Kais Saied est une \u00e9nigme: quasi inclassable sur l\u2019\u00e9chiquier politique, cet homme de 61 ans \u00e0 la diction m\u00e9canique est un aust\u00e8re qui pr\u00f4ne un strict respect des lois et une r\u00e9volution par le droit. N\u00e9 le 22 f\u00e9vrier 1958 dans une famille originaire de Beni Khiar [&hellip;]<\/p>\n","protected":false},"author":1965,"featured_media":0,"comment_status":"closed","ping_status":"closed","sticky":false,"template":"","format":"standard","meta":{"fifu_image_url":"","fifu_image_alt":"","footnotes":""},"categories":[73,82],"tags":[],"class_list":["post-64291","post","type-post","status-publish","format-standard","hentry","category-actualite","category-cameroun"],"_links":{"self":[{"href":"https:\/\/linitiative.ca\/International\/wp-json\/wp\/v2\/posts\/64291","targetHints":{"allow":["GET"]}}],"collection":[{"href":"https:\/\/linitiative.ca\/International\/wp-json\/wp\/v2\/posts"}],"about":[{"href":"https:\/\/linitiative.ca\/International\/wp-json\/wp\/v2\/types\/post"}],"author":[{"embeddable":true,"href":"https:\/\/linitiative.ca\/International\/wp-json\/wp\/v2\/users\/1965"}],"replies":[{"embeddable":true,"href":"https:\/\/linitiative.ca\/International\/wp-json\/wp\/v2\/comments?post=64291"}],"version-history":[{"count":0,"href":"https:\/\/linitiative.ca\/International\/wp-json\/wp\/v2\/posts\/64291\/revisions"}],"wp:attachment":[{"href":"https:\/\/linitiative.ca\/International\/wp-json\/wp\/v2\/media?parent=64291"}],"wp:term":[{"taxonomy":"category","embeddable":true,"href":"https:\/\/linitiative.ca\/International\/wp-json\/wp\/v2\/categories?post=64291"},{"taxonomy":"post_tag","embeddable":true,"href":"https:\/\/linitiative.ca\/International\/wp-json\/wp\/v2\/tags?post=64291"}],"curies":[{"name":"wp","href":"https:\/\/api.w.org\/{rel}","templated":true}]}}