{"id":64294,"date":"2019-10-13T16:18:05","date_gmt":"2019-10-13T20:18:05","guid":{"rendered":"https:\/\/linitiative.ca\/International\/le-directeur-de-la-police-judiciaire-guineenne-limoge\/"},"modified":"2019-10-13T16:18:05","modified_gmt":"2019-10-13T20:18:05","slug":"le-directeur-de-la-police-judiciaire-guineenne-limoge","status":"publish","type":"post","link":"https:\/\/linitiative.ca\/International\/le-directeur-de-la-police-judiciaire-guineenne-limoge\/","title":{"rendered":"Le Directeur de la police judiciaire guin\u00e9enne limog\u00e9"},"content":{"rendered":"<div readability=\"32\">\n<p>Publi\u00e9 le 13.10.2019 \u00e0 21h18 par APA News<\/p>\n<\/div>\n<div readability=\"49\">\n<p>Le Directeur de la police judiciaire guin\u00e9enne, Abdoul Malick Kon\u00e9 a \u00e9t\u00e9 limog\u00e9, Dimanche, quelques heures apr\u00e8s que son jeune fr\u00e8re Badra Kon\u00e9, membre du Front national pour la d\u00e9fense de la constitution (FNDC, opposition) a \u00e9chapp\u00e9 \u00e0 la gendarmerie nationale.Depuis samedi, plusieurs responsables du FNDC ont \u00e9t\u00e9 arr\u00eat\u00e9s, dont son coordcoordonnateur, \u00a0Abdouramane Sanoh.<\/p>\n<p>A rappeller que ce lundi, le FNDC appelle \u00e0 des manifestations dans tout le pays ainsi qu\u2019\u00e0 l\u2019ext\u00e9rieur, contre la tenue d\u2019un \u00e9ventuel r\u00e9f\u00e9rendum en faveur d\u2019un troisi\u00e8me mandat pour le pr\u00e9sident Alpha Cond\u00e9.<\/p>\n<\/div>\n<p>Auteur: APA News<br \/>\n<a href=\"https:\/\/www.journalducameroun.com\/le-directeur-de-la-police-judiciaire-guineenne-limoge\/\">Cliquez ici pour lire l&rsquo;article depuis sa source.<\/a><\/p>\n","protected":false},"excerpt":{"rendered":"<p>Publi\u00e9 le 13.10.2019 \u00e0 21h18 par APA News Le Directeur de la police judiciaire guin\u00e9enne, Abdoul Malick Kon\u00e9 a \u00e9t\u00e9 limog\u00e9, Dimanche, quelques heures apr\u00e8s que son jeune fr\u00e8re Badra Kon\u00e9, membre du Front national pour la d\u00e9fense de la constitution (FNDC, opposition) a \u00e9chapp\u00e9 \u00e0 la gendarmerie nationale.Depuis samedi, plusieurs responsables du FNDC ont [&hellip;]<\/p>\n","protected":false},"author":1965,"featured_media":0,"comment_status":"closed","ping_status":"closed","sticky":false,"template":"","format":"standard","meta":{"fifu_image_url":"","fifu_image_alt":"","footnotes":""},"categories":[73,82],"tags":[],"class_list":["post-64294","post","type-post","status-publish","format-standard","hentry","category-actualite","category-cameroun"],"_links":{"self":[{"href":"https:\/\/linitiative.ca\/International\/wp-json\/wp\/v2\/posts\/64294","targetHints":{"allow":["GET"]}}],"collection":[{"href":"https:\/\/linitiative.ca\/International\/wp-json\/wp\/v2\/posts"}],"about":[{"href":"https:\/\/linitiative.ca\/International\/wp-json\/wp\/v2\/types\/post"}],"author":[{"embeddable":true,"href":"https:\/\/linitiative.ca\/International\/wp-json\/wp\/v2\/users\/1965"}],"replies":[{"embeddable":true,"href":"https:\/\/linitiative.ca\/International\/wp-json\/wp\/v2\/comments?post=64294"}],"version-history":[{"count":0,"href":"https:\/\/linitiative.ca\/International\/wp-json\/wp\/v2\/posts\/64294\/revisions"}],"wp:attachment":[{"href":"https:\/\/linitiative.ca\/International\/wp-json\/wp\/v2\/media?parent=64294"}],"wp:term":[{"taxonomy":"category","embeddable":true,"href":"https:\/\/linitiative.ca\/International\/wp-json\/wp\/v2\/categories?post=64294"},{"taxonomy":"post_tag","embeddable":true,"href":"https:\/\/linitiative.ca\/International\/wp-json\/wp\/v2\/tags?post=64294"}],"curies":[{"name":"wp","href":"https:\/\/api.w.org\/{rel}","templated":true}]}}