{"id":64299,"date":"2019-10-14T10:40:01","date_gmt":"2019-10-14T14:40:01","guid":{"rendered":"https:\/\/linitiative.ca\/International\/voici-les-films-et-series-internationales-en-tournage-au-maroc\/"},"modified":"2019-10-14T10:40:01","modified_gmt":"2019-10-14T14:40:01","slug":"voici-les-films-et-series-internationales-en-tournage-au-maroc","status":"publish","type":"post","link":"https:\/\/linitiative.ca\/International\/voici-les-films-et-series-internationales-en-tournage-au-maroc\/","title":{"rendered":"Voici les films et s\u00e9ries internationales en tournage au Maroc"},"content":{"rendered":"<p><img decoding=\"async\" class=\"post_layout_5_img\" src=\"http:\/\/aujourdhui.ma\/wp-content\/uploads\/2019\/10\/studios-cinema-Film-tournage.jpg?x29840\" alt=\"Voici les films et s\u00e9ries internationales en tournage au Maroc\"\/><\/p>\n<p class=\"p1\"><span class=\"c4\"><strong><em>\u00abThe Last Planet\u00bb, \u00abLe Bureau Des L\u00e9gendes\u00bb,\u00a0<\/em><em>\u00abFertile crescent\u00bb\u2026<\/em><\/strong><\/span><span id=\"more-320007\"\/><\/p>\n<p class=\"p1\"><span class=\"s1\">Le Centre cin\u00e9matographique marocain (CCM) vient de d\u00e9voiler la liste des productions \u00e9trang\u00e8res actuellement en tournage dans le Royaume. La liste contient de longs et courts m\u00e9trages et deux s\u00e9ries t\u00e9l\u00e9vis\u00e9es. A commencer par le film \u00abThe Last Planet\u00bb du r\u00e9alisateur am\u00e9ricain Terrence Malick. Ce long m\u00e9trage dont le tournage devrait se poursuivre jusqu\u2019au 12 d\u00e9cembre retrace la vie de J\u00e9sus \u00e0 travers une s\u00e9rie de r\u00e9cits. Il rassemble, selon le Site Allocin\u00e9, plusieurs stars internationales \u00e0 l\u2019instar de l\u2019Irlandais Aidan Turner, le Belge Mathias Schoenaerts, le Hongrois G\u00e9za R\u00f6hrig ou encore les Britanniques Douglas Booth et Mark Rylance.<\/span><\/p>\n<p class=\"p1\"><span class=\"s1\">Outre ce film, il y a lieu de citer le film fran\u00e7ais \u00abLe dernier voyage\u00bb de l\u2019\u00e9nigmatique Paul W.R. Celui-ci est tourn\u00e9 depuis le 9 septembre et devrait se poursuivre jusqu\u2019au 16 novembre dans plusieurs lieux, \u00e0 savoir Ouarzazate, Mohammedia et Casablanca. Au casting, on retrouve notamment les acteurs fran\u00e7ais Hugo Becker, Philippe Katherine, ou encore le natif de Casablanca Jean Reno. L\u2019\u00e9quipe de la s\u00e9rie vedette \u00abLe Bureau des l\u00e9gendes\u00bb effectuera son retour au Maroc \u00e0 l\u2019instar des ann\u00e9es pr\u00e9c\u00e9dentes. Les tournages auront lieu \u00e0 Casablanca, mais aussi Rabat, Mohammedia, El Jadida, Erfoud, Merzouga, Ouarzazate et Zagora. Ils devraient s\u2019achever le 20 octobre.<\/span><\/p>\n<p class=\"p1\"><span class=\"s1\">Une nouvelle saison d\u00e9j\u00e0 riche en rebondissements derri\u00e8re la cam\u00e9ra. En effet, cette ann\u00e9e deux \u00e9pisodes seront r\u00e9alis\u00e9s par le r\u00e9alisateur fran\u00e7ais r\u00e9compens\u00e9 \u00e0 Cannes Jacques Audiard. Au casting : Louis Garrel rejoindra l\u2019\u00e9quipe d\u2019acteurs compos\u00e9e de Mathieu Kasovitz, Mathieu Amalric, Arthus ou encore Sara Giraudeau. La s\u00e9rie internationale \u00abFertile crescent\u00bb figure \u00e9galement sur la liste. Selon le CCM, cette s\u00e9rie sera tourn\u00e9e \u00e0 Casablanca, Settat, Benslimane, Mediouna, Nouacer, Mohammedia, Marrakech, Tahanaout, El Haouz, Chichaoua et Beni Mellal.<\/span><\/p>\n<p class=\"p1\"><span class=\"s1\">Diffus\u00e9e prochainement sur la cha\u00eene franco-allemande Arte, elle r\u00e9unit un casting international tel que les Fran\u00e7ais F\u00e9lix Moati et M\u00e9lanie Thierry, le Britannique James Purefoy et la Suisse Souheila Yacoub. Selon la cha\u00eene Arte, la s\u00e9rie raconte un drame dont la toile de fond est particuli\u00e8rement d\u2019actualit\u00e9. La s\u00e9rie suit, en effet, le parcours d\u2019Antoine, incarn\u00e9 par Felix Moati, dont la vie bascule le jour o\u00f9 il croit reconna\u00eetre sa s\u0153ur, qu\u2019il pensait morte, sur une vid\u00e9o de combattantes kurdes en Syrie. Antoine partira \u00e0 sa recherche, en rejoignant une unit\u00e9 de femmes, dont la combativit\u00e9 est un frein \u00e0 l\u2019expansion de l\u2019\u00c9tat Islamique, et va voyager avec elles \u00e0 travers le territoire syrien pour tenter de d\u00e9couvrir la v\u00e9rit\u00e9.<\/span><\/p>\n<p>Auteur: Siham Jadraoui<br \/>\n<a href=\"http:\/\/aujourdhui.ma\/culture\/cinema\/voici-les-films-et-series-internationales-en-tournage-au-maroc\">Cliquez ici pour lire l&rsquo;article depuis sa source.<\/a><\/p>\n","protected":false},"excerpt":{"rendered":"<p>\u00abThe Last Planet\u00bb, \u00abLe Bureau Des L\u00e9gendes\u00bb,\u00a0\u00abFertile crescent\u00bb\u2026 Le Centre cin\u00e9matographique marocain (CCM) vient de d\u00e9voiler la liste des productions \u00e9trang\u00e8res actuellement en tournage dans le Royaume. La liste contient de longs et courts m\u00e9trages et deux s\u00e9ries t\u00e9l\u00e9vis\u00e9es. A commencer par le film \u00abThe Last Planet\u00bb du r\u00e9alisateur am\u00e9ricain Terrence Malick. Ce long m\u00e9trage [&hellip;]<\/p>\n","protected":false},"author":1759,"featured_media":0,"comment_status":"closed","ping_status":"closed","sticky":false,"template":"","format":"standard","meta":{"fifu_image_url":"","fifu_image_alt":"","footnotes":""},"categories":[73,54],"tags":[],"class_list":["post-64299","post","type-post","status-publish","format-standard","hentry","category-actualite","category-maroc"],"_links":{"self":[{"href":"https:\/\/linitiative.ca\/International\/wp-json\/wp\/v2\/posts\/64299","targetHints":{"allow":["GET"]}}],"collection":[{"href":"https:\/\/linitiative.ca\/International\/wp-json\/wp\/v2\/posts"}],"about":[{"href":"https:\/\/linitiative.ca\/International\/wp-json\/wp\/v2\/types\/post"}],"author":[{"embeddable":true,"href":"https:\/\/linitiative.ca\/International\/wp-json\/wp\/v2\/users\/1759"}],"replies":[{"embeddable":true,"href":"https:\/\/linitiative.ca\/International\/wp-json\/wp\/v2\/comments?post=64299"}],"version-history":[{"count":0,"href":"https:\/\/linitiative.ca\/International\/wp-json\/wp\/v2\/posts\/64299\/revisions"}],"wp:attachment":[{"href":"https:\/\/linitiative.ca\/International\/wp-json\/wp\/v2\/media?parent=64299"}],"wp:term":[{"taxonomy":"category","embeddable":true,"href":"https:\/\/linitiative.ca\/International\/wp-json\/wp\/v2\/categories?post=64299"},{"taxonomy":"post_tag","embeddable":true,"href":"https:\/\/linitiative.ca\/International\/wp-json\/wp\/v2\/tags?post=64299"}],"curies":[{"name":"wp","href":"https:\/\/api.w.org\/{rel}","templated":true}]}}