{"id":64300,"date":"2019-10-14T11:00:24","date_gmt":"2019-10-14T15:00:24","guid":{"rendered":"https:\/\/linitiative.ca\/International\/devoxx-morocco-2019-plus-de-2-000-developpeurs-reunis-a-agadir-en-novembre\/"},"modified":"2019-10-14T11:00:24","modified_gmt":"2019-10-14T15:00:24","slug":"devoxx-morocco-2019-plus-de-2-000-developpeurs-reunis-a-agadir-en-novembre","status":"publish","type":"post","link":"https:\/\/linitiative.ca\/International\/devoxx-morocco-2019-plus-de-2-000-developpeurs-reunis-a-agadir-en-novembre\/","title":{"rendered":"Devoxx Morocco 2019 : Plus de 2.000 d\u00e9veloppeurs r\u00e9unis \u00e0 Agadir en novembre"},"content":{"rendered":"<p><img decoding=\"async\" class=\"post_layout_5_img\" src=\"http:\/\/aujourdhui.ma\/wp-content\/uploads\/2019\/10\/Brahim-Hafidi-Devoxx-Morocco-2019.jpg?x29840\" alt=\"Devoxx Morocco 2019 : Plus de 2.000 d\u00e9veloppeurs r\u00e9unis \u00e0 Agadir en novembre\"\/><\/p>\n<p class=\"p1\"><span class=\"c4\"><strong><em>Une 8\u00e8me \u00e9dition qui s\u2019annonce comme un nouveau temps fort\u00a0<\/em><em>pour l\u2019\u00e9cosyst\u00e8me num\u00e9rique du Royaume<\/em><\/strong><\/span><span id=\"more-320009\"\/><\/p>\n<p class=\"p1\">Sous le Haut patronage de Sa Majest\u00e9 le Roi Mohammed VI, Devoxx Morocco organise sa 8\u00e8me \u00e9dition \u00e0 Agadir du 12 au 14 novembre prochain.<\/p>\n<p class=\"p1\">Apr\u00e8s une derni\u00e8re \u00e9dition exceptionnelle tenue au c\u0153ur de Marrakech, Devoxx Morocco met le cap cette ann\u00e9e sur Agadir pour une 8\u00e8me \u00e9dition qui s\u2019annonce d\u2019ores et d\u00e9j\u00e0 comme un nouveau temps fort pour l\u2019\u00e9cosyst\u00e8me num\u00e9rique du Royaume. Elle conna\u00eetra la pr\u00e9sence de plus de 2.000 participants de 50 nationalit\u00e9s, 200 entreprises et start-up innovantes.<\/p>\n<p class=\"p1\">Fond\u00e9 par le cabinet xHub, Devoxx Morocco se veut un rendez-vous porte\u0301 par des d\u00e9veloppeurs et pour des d\u00e9veloppeurs. Il s\u2019agit en effet d\u2019un carrefour qui r\u00e9unit les passionn\u00e9s et les curieux, en permettant a\u0300 des personnes \u00e9voluant dans des secteurs diff\u00e9rents de se retrouver autour de th\u00e9matiques passionnantes et porteuses de r\u00e9elles potentialit\u00e9s pour la jeunesse au Maroc.<\/p>\n<p class=\"p1\">En 2018, la conf\u00e9rence a accueilli 2.000 participants et 150 experts et conf\u00e9renciers de haut niveau. Preuve de son attractivit\u00e9, l\u2019\u00e9v\u00e9nement r\u00e9unit des partenaires historiques qui ont fait confiance \u00e0 xHub mais \u00e9galement qui ont su prendre le pari d\u2019accompagner une rencontre innovante et ambitieuse.<\/p>\n<p class=\"p1\">A cet effet, apr\u00e8s plusieurs ann\u00e9es de succ\u00e8s, cette 8\u00e8me \u00e9dition de Devoxx Morocco s\u2019inscrira dans un mouvement de renouveau : nouvelle ville et nouveau th\u00e8me. L\u2019\u00e9dition 2019 compte sur l\u2019appui du minist\u00e8re de l\u2019industrie, du commerce et de l\u2019\u00e9conomie verte et num\u00e9rique et de partenaires territoriaux de taille, le Conseil r\u00e9gional Souss-Massa et la Chambre de commerce, d\u2019industrie et de services Souss-Massa.<\/p>\n<p class=\"p1\">Le soutien de ces derniers viendra renforcer les efforts d\u00e9ploy\u00e9s dans le cadre du Plan d\u2019acc\u00e9l\u00e9ration industrielle 2014-2020 visant \u00e0 promouvoir les nouveaux secteurs \u00e9mergents tout en s\u2019adressant \u00e0 une jeunesse marocaine cr\u00e9atrice des richesses nationales de demain.<\/p>\n<p class=\"p1\">\u00ab<em>C\u2019est une grande opportunit\u00e9 pour la ville d\u2019Agadir et la r\u00e9gion d\u2019accueillir un \u00e9v\u00e9nement aussi prestigieux que Devoxx Morocco. Le num\u00e9rique est l\u2019une des cl\u00e9s de vo\u00fbte de l\u2019attractivit\u00e9 et de la comp\u00e9titivit\u00e9 des entreprises marocaines. Nous sommes donc fiers de contribuer \u00e0 promouvoir le r\u00f4le des nouvelles technologies dans l\u2019essor de notre r\u00e9gion et du Maroc<\/em>\u00bb, souligne Brahim Hafidi, pr\u00e9sident du Conseil r\u00e9gional du Souss-Massa, lors d\u2019une conf\u00e9rence de presse tenue jeudi dernier.<\/p>\n<p class=\"p1\"><em>\u00abNous sommes heureux qu\u2019un \u00e9v\u00e9nement comme Devoxx Morocco prenne pied \u00e0 Agadir, dans une r\u00e9gion qui poss\u00e8de un r\u00e9el potentiel dans le domaine du digital avec de nombreuses r\u00e9alisations \u00e0 l\u2019instar de la cit\u00e9 d\u2019innovation r\u00e9cemment inaugur\u00e9e et du Technopark Souss-Massa qui ouvrira ses portes au courant de l\u2019ann\u00e9e 2020\u00bb,<\/em> a soulign\u00e9 Karim Achengli, pr\u00e9sident de la Chambre de commerce, d\u2019industrie et de services Souss-Massa.<\/p>\n<p class=\"p1\">Notons que Devoxx Morocco mettra en avant le r\u00f4le des d\u00e9veloppeurs et les enjeux de la r\u00e9volution num\u00e9rique, \u00e0 travers des rencontres autour de sujets vari\u00e9s : Cloud, Big Data, DevOps, Mobile, IoT, AI et Blockchain, dans le cadre des enjeux de la robotique, de l\u2019entrepreneuriat, de l\u2019innovation ou encore de la cr\u00e9ativit\u00e9.<\/p>\n<p>Auteur: Mohamed Laabid<br \/>\n<a href=\"http:\/\/aujourdhui.ma\/economie\/devoxx-morocco-2019-plus-de-2-000-developpeurs-reunis-a-agadir-en-novembre\">Cliquez ici pour lire l&rsquo;article depuis sa source.<\/a><\/p>\n","protected":false},"excerpt":{"rendered":"<p>Une 8\u00e8me \u00e9dition qui s\u2019annonce comme un nouveau temps fort\u00a0pour l\u2019\u00e9cosyst\u00e8me num\u00e9rique du Royaume Sous le Haut patronage de Sa Majest\u00e9 le Roi Mohammed VI, Devoxx Morocco organise sa 8\u00e8me \u00e9dition \u00e0 Agadir du 12 au 14 novembre prochain. Apr\u00e8s une derni\u00e8re \u00e9dition exceptionnelle tenue au c\u0153ur de Marrakech, Devoxx Morocco met le cap cette [&hellip;]<\/p>\n","protected":false},"author":1759,"featured_media":0,"comment_status":"closed","ping_status":"closed","sticky":false,"template":"","format":"standard","meta":{"fifu_image_url":"","fifu_image_alt":"","footnotes":""},"categories":[73,54],"tags":[],"class_list":["post-64300","post","type-post","status-publish","format-standard","hentry","category-actualite","category-maroc"],"_links":{"self":[{"href":"https:\/\/linitiative.ca\/International\/wp-json\/wp\/v2\/posts\/64300","targetHints":{"allow":["GET"]}}],"collection":[{"href":"https:\/\/linitiative.ca\/International\/wp-json\/wp\/v2\/posts"}],"about":[{"href":"https:\/\/linitiative.ca\/International\/wp-json\/wp\/v2\/types\/post"}],"author":[{"embeddable":true,"href":"https:\/\/linitiative.ca\/International\/wp-json\/wp\/v2\/users\/1759"}],"replies":[{"embeddable":true,"href":"https:\/\/linitiative.ca\/International\/wp-json\/wp\/v2\/comments?post=64300"}],"version-history":[{"count":0,"href":"https:\/\/linitiative.ca\/International\/wp-json\/wp\/v2\/posts\/64300\/revisions"}],"wp:attachment":[{"href":"https:\/\/linitiative.ca\/International\/wp-json\/wp\/v2\/media?parent=64300"}],"wp:term":[{"taxonomy":"category","embeddable":true,"href":"https:\/\/linitiative.ca\/International\/wp-json\/wp\/v2\/categories?post=64300"},{"taxonomy":"post_tag","embeddable":true,"href":"https:\/\/linitiative.ca\/International\/wp-json\/wp\/v2\/tags?post=64300"}],"curies":[{"name":"wp","href":"https:\/\/api.w.org\/{rel}","templated":true}]}}