{"id":64303,"date":"2019-10-14T06:26:19","date_gmt":"2019-10-14T10:26:19","guid":{"rendered":"https:\/\/linitiative.ca\/International\/ouverture-de-la-premiere-session-de-la-4e-annee-legislative\/"},"modified":"2019-10-14T06:26:19","modified_gmt":"2019-10-14T10:26:19","slug":"ouverture-de-la-premiere-session-de-la-4e-annee-legislative","status":"publish","type":"post","link":"https:\/\/linitiative.ca\/International\/ouverture-de-la-premiere-session-de-la-4e-annee-legislative\/","title":{"rendered":"Ouverture de la premi\u00e8re session de la 4e ann\u00e9e l\u00e9gislative"},"content":{"rendered":"<h4 class=\"c3\"><span class=\"c2\">SM le Roi exhorte le secteur bancaire national \u00e0 une implication vigoureuse dans la dynamique de d\u00e9veloppement<\/span><\/h4>\n<h4 class=\"c5\"><span class=\"c4\"><span class=\"c2\">SM le Roi Mohammed VI<\/span> a prononc\u00e9 vendredi un discours devant les membres des deux Chambres du Parlement \u00e0 l\u2019occasion de l\u2019ouverture de la premi\u00e8re session de la 4\u00e8me ann\u00e9e l\u00e9gislative de la 10e l\u00e9gislature, dont voici le texte int\u00e9gral:<\/span><\/h4>\n<h4 class=\"c5\"><span class=\"c4\">\u00ab\u00a0Louange \u00e0 Dieu, Pri\u00e8re et salut sur le Proph\u00e8te, Sa famille et Ses compagnons,<\/span><\/h4>\n<h4 class=\"c5\"><span class=\"c4\">Mesdames et Messieurs les honorables parlementaires,<\/span><\/h4>\n<p class=\"c6\">Nous sommes heureux de pr\u00e9sider l\u2019ouverture de la quatri\u00e8me ann\u00e9e de la pr\u00e9sente l\u00e9gislature. C\u2019est, pour Nous, l\u2019occasion de vous rencontrer de nouveau, vous les repr\u00e9sentants \u00e9lus de la Nation.<\/p>\n<p class=\"c6\">Du fait qu\u2019elle intervient au milieu du mandat parlementaire en cours, cette ann\u00e9e l\u00e9gislative doit \u00eatre marqu\u00e9e du sceau de la responsabilit\u00e9 et du s\u00e9rieux.<\/p>\n<p class=\"c6\">Elle a, par ailleurs, la particularit\u00e9 d\u2019\u00eatre \u00e9loign\u00e9e du temps des \u00e9lections, g\u00e9n\u00e9ralement ponctu\u00e9 de tensions.<\/p>\n<p class=\"c6\">Il vous appartient, donc, de saisir cette conjoncture favorable pour vous acquitter au mieux de la mission dont les citoyens vous ont investis. Votre devoir est aussi d\u2019agir dans un esprit d\u2019\u00e9mulation constructive afin de servir leurs int\u00e9r\u00eats, d\u00e9fendre les Causes nationales.<\/p>\n<p class=\"c6\">Vous devez aussi aborder cette ann\u00e9e l\u00e9gislative dans la perspective de l\u2019\u00e9tape nouvelle dont Nous avons esquiss\u00e9 les contours lors du dernier Discours du Tr\u00f4ne.<\/p>\n<p class=\"c6\">Si Notre souci a \u00e9t\u00e9 de d\u00e9finir les d\u00e9fis essentiels ainsi que les enjeux \u00e9conomiques et d\u00e9veloppementaux majeurs de cette \u00e9tape, la responsabilit\u00e9 de la classe politique, plus particuli\u00e8rement celle du gouvernement, du parlement, des partis politiques, est de r\u00e9unir les conditions favorables \u00e0 son aboutissement.<\/p>\n<p class=\"c6\"><span class=\"c4\"><strong>Mesdames, Messieurs, les honorables parlementaires,<\/strong><\/span><\/p>\n<p class=\"c6\">L\u2019\u00e9tape, qui s\u2019amorce d\u00e8s \u00e0 pr\u00e9sent, requiert une implication unanime, fond\u00e9e sur une confiance redoubl\u00e9e, une volont\u00e9 ferme d\u2019\u0153uvrer dans un esprit de collaboration et d\u2019unit\u00e9, une mobilisation vigilante ; elle doit aussi se caract\u00e9riser par le souci de transcender les vaines querelles et d\u2019enrayer toute perte de temps et d\u2019\u00e9nergie.<\/p>\n<p class=\"c6\">Ses chantiers prioritaires sont l\u2019op\u00e9rationnalisation des r\u00e9formes, le suivi des d\u00e9cisions, la r\u00e9alisation des projets.<\/p>\n<p class=\"c6\">Ils rel\u00e8vent au premier chef des appareils ex\u00e9cutif et l\u00e9gislatif.<\/p>\n<p class=\"c6\">Ils sont \u00e9galement du ressort du secteur priv\u00e9, en particulier sur le plan du financement. Mention doit aussi \u00eatre faite du r\u00f4le cl\u00e9 des organisations s\u00e9rieuses de la soci\u00e9t\u00e9 civile.<\/p>\n<p class=\"c6\">De fait, il incombe au gouvernement de mettre au point des plans rigoureux sur la base desquels les d\u00e9cisions et les projets, de port\u00e9e nationale, r\u00e9gionale ou locale, pourront \u00eatre soigneusement con\u00e7us, minutieusement r\u00e9alis\u00e9s et suivis sur le long terme.<\/p>\n<p class=\"c6\">Par ailleurs, gr\u00e2ce au concours de l\u2019Administration plac\u00e9e sous son autorit\u00e9, le gouvernement doit veiller \u00e0 l\u2019ex\u00e9cution efficace des d\u00e9cisions, en mettant en place les ressources ad\u00e9quates, plus particuli\u00e8rement les donn\u00e9es statistiques, les m\u00e9canismes d\u2019inspection et de contr\u00f4le. Il doit aussi veiller \u00e0 ce que les diff\u00e9rents intervenants \u0153uvrent dans un esprit de transparence, de collaboration, d\u2019harmonie.<\/p>\n<p class=\"c6\">A cet \u00e9gard, en mati\u00e8re de responsabilit\u00e9, aucune d\u00e9robade n\u2019est possible dans le cadre d\u2019une stricte application du principe de reddition des comptes.<\/p>\n<p class=\"c6\">En vertu de la Constitution, le Parlement se voit, lui, investi de larges attributions en mati\u00e8re de production l\u00e9gislative, de contr\u00f4le de l\u2019action gouvernementale, d\u2019\u00e9valuation des politiques publiques.<\/p>\n<p class=\"c6\">En tant que parlementaires, vous \u00eates donc responsables de la qualit\u00e9 des lois qui encadrent la mise en \u0153uvre effective des projets et des d\u00e9cisions, afin que l\u2019action entreprise refl\u00e8te bien les dynamiques \u00e0 l\u2019\u0153uvre au sein de la soci\u00e9t\u00e9, et qu\u2019elle r\u00e9ponde aux attentes et aux pr\u00e9occupations des citoyens.<\/p>\n<p class=\"c6\">Il vous appartient \u00e9galement de suivre l\u2019action du gouvernement en termes de gestion des affaires publiques, tous domaines confondus et de veiller scrupuleusement \u00e0 son ad\u00e9quation avec les pr\u00e9occupations r\u00e9elles des citoyens.<\/p>\n<p class=\"c6\"><span class=\"c4\"><strong>Mesdames, Messieurs, les honorables parlementaires,<\/strong><\/span><\/p>\n<p class=\"c6\">Les d\u00e9cisions prises, si justes soient-elles, les projets programm\u00e9s, si rigoureux soient-ils, d\u00e9pendent, pour leur ex\u00e9cution, de la disponibilit\u00e9 de financements suffisants.<\/p>\n<p class=\"c6\">C\u2019est pourquoi J\u2019ai toujours insist\u00e9 sur la n\u00e9cessit\u00e9 d\u2019une bonne pr\u00e9paration des programmes et des projets, d\u2019une prise en charge sp\u00e9cifique des questions de financement, d\u2019apurement de l\u2019assiette fonci\u00e8re.<\/p>\n<p class=\"c6\">En la mati\u00e8re, il est de notori\u00e9t\u00e9 publique que les efforts de l\u2019Etat ne suffisent pas, et que, par cons\u00e9quent, l\u2019implication du secteur priv\u00e9 dans le processus de d\u00e9veloppement est indispensable.<\/p>\n<p class=\"c6\">Nous faisons notamment allusion au secteur bancaire et financier, qui constitue, pour Nous, la cl\u00e9 de vo\u00fbte de toute strat\u00e9gie de d\u00e9veloppement.<\/p>\n<p class=\"c6\">L\u2019op\u00e9rationnalisation et l\u2019accompagnement des projets et des d\u00e9cisions vont au-del\u00e0 de la conclusion formelle de contrats et la signature d\u2019accords. Ces op\u00e9rations supposent \u00e9galement un contrat moral, puisant aux deux sources de la Raison et de la Conscience.<\/p>\n<p class=\"c6\">De ce fait, les diff\u00e9rents acteurs assument une responsabilit\u00e9 partag\u00e9e, chaque partie ayant l\u2019obligation d\u2019honorer ses engagements, de remplir ses devoirs.<\/p>\n<p class=\"c6\">Dans ce contrat, sont ainsi impliqu\u00e9s non seulement les institutions de l\u2019Etat et les \u00e9lus, mais aussi le secteur priv\u00e9, plus particuli\u00e8rement les organismes de financement, le secteur bancaire.<\/p>\n<p class=\"c6\">Le Maroc, Dieu soit lou\u00e9, dispose d\u2019un secteur bancaire alliant robustesse, dynamisme et professionnalisme ; autant d\u2019atouts qui lui permettent de soutenir la r\u00e9silience et le d\u00e9veloppement de l\u2019\u00e9conomie nationale.<\/p>\n<p class=\"c6\">Par ailleurs, le syst\u00e8me financier marocain fait l\u2019objet d\u2019un contr\u00f4le rigoureux de la part d\u2019institutions nationales ind\u00e9pendantes, hautement qualifi\u00e9es.<\/p>\n<p class=\"c6\">Aussi la cr\u00e9dibilit\u00e9 du secteur bancaire, la confiance dont il jouit s\u2019en trouvent-elles renforc\u00e9es, \u00e0 l\u2019\u00e9chelle nationale comme \u00e0 l\u2019ext\u00e9rieur.<br \/>Son niveau d\u2019\u00e9volution lui a permis d\u2019investir dans nombre de pays \u00e9trangers, notamment en Afrique.<\/p>\n<p class=\"c6\">Pourtant, certaines cat\u00e9gories de la population, qui le consid\u00e8rent comme un organisme ne recherchant qu\u2019un profit imm\u00e9diat et sans risque, en ont une perception n\u00e9gative.<\/p>\n<p class=\"c6\">Cette repr\u00e9sentation est justifi\u00e9e par des faits, tels que le difficile acc\u00e8s des jeunes entrepreneurs au cr\u00e9dit, le faible accompagnement des dipl\u00f4m\u00e9s et des petites et moyennes entreprises lors de leur cr\u00e9ation.<\/p>\n<p class=\"c6\">Je mesure parfaitement combien il est malais\u00e9 de faire \u00e9voluer certaines mentalit\u00e9s dans le secteur bancaire. Dans le m\u00eame ordre d\u2019id\u00e9es, j\u2019ai d\u00e9j\u00e0 soulign\u00e9 la n\u00e9cessit\u00e9 de changer les mentalit\u00e9s au sein de l\u2019Administration, pour mettre fin \u00e0 des comportements pr\u00e9judiciables au d\u00e9veloppement et \u00e0 l\u2019investissement.<\/p>\n<p class=\"c6\">Aussi exhortons-Nous le secteur bancaire national \u00e0 un engagement plus ferme, \u00e0 une implication positive plus vigoureuse dans la dynamique de d\u00e9veloppement que conna\u00eet notre pays.<\/p>\n<p class=\"c6\">Cet effort doit porter sp\u00e9cifiquement sur le financement de l\u2019investissement, l\u2019appui aux activit\u00e9s productives, pourvoyeuses d\u2019emplois et g\u00e9n\u00e9ratrices de revenus.<\/p>\n<p class=\"c6\">A cet \u00e9gard, outre l\u2019engagement des banques aupr\u00e8s des grandes entreprises en termes d\u2019appui et de financement, Nous les incitions \u00e0 s\u2019acquitter de la mission pr\u00e9pond\u00e9rante qui leur \u00e9choit en mati\u00e8re de d\u00e9veloppement.<\/p>\n<p class=\"c6\">Pour cela, elles doivent notamment simplifier et faciliter les proc\u00e9dures d\u2019acc\u00e8s au cr\u00e9dit, s\u2019ouvrir davantage aux autoentrepreneurs, financer les petites et moyennes entreprises.<\/p>\n<p class=\"c6\">A cet effet, Nous invitons le gouvernement et Bank Al-Maghrib, en coordination avec le groupement professionnel des banques du Maroc, \u00e0 \u0153uvrer \u00e0 la mise au point d\u2019un programme sp\u00e9cial d\u2019appui aux jeunes dipl\u00f4m\u00e9s, de financement des projets d\u2019auto-emploi.<\/p>\n<p class=\"c6\">Eu \u00e9gard \u00e0 leurs retomb\u00e9es positives sur nombre de familles et sur l\u2019ensemble de la soci\u00e9t\u00e9, il convient de s\u2019inspirer des exp\u00e9riences fructueusement men\u00e9es par les organismes qui financent des projets port\u00e9s par des jeunes, facilitant ainsi leur insertion socioprofessionnelle.<\/p>\n<p class=\"c6\">Notre souhait est que ce plan, dont Je suivrai les diff\u00e9rentes phases avec le gouvernement et le reste des parties prenantes, s\u2019articule autour des axes suivants :<\/p>\n<p class=\"c6\">Premi\u00e8rement : favoriser l\u2019acc\u00e8s, aux cr\u00e9dits bancaires, du plus grand nombre de jeunes qualifi\u00e9s, porteurs de projets et issus des diff\u00e9rentes cat\u00e9gories sociales, pour leur permettre de s\u2019engager dans l\u2019entreprenariat et de b\u00e9n\u00e9ficier des meilleures chances de r\u00e9ussite.<\/p>\n<p class=\"c6\">Deuxi\u00e8mement : soutenir les petites et moyennes entreprises sp\u00e9cialis\u00e9es dans les activit\u00e9s d\u2019exportation, notamment vers l\u2019Afrique, et leur permettre de capter une partie de la valeur ajout\u00e9e g\u00e9n\u00e9r\u00e9e au profit de l\u2019\u00e9conomie nationale.<\/p>\n<p class=\"c6\">Troisi\u00e8mement : faciliter l\u2019acc\u00e8s aux prestations bancaires et aux opportunit\u00e9s d\u2019insertion professionnelle et \u00e9conomique, \u00e0 l\u2019ensemble des citoyens, en g\u00e9n\u00e9ral et aux travailleurs du secteur informel, en particulier.<\/p>\n<p class=\"c6\">Nul besoin de rappeler que le dynamisme \u00e9conomique passe par le d\u00e9veloppement des transactions bancaires.<\/p>\n<p class=\"c6\">A cet \u00e9gard, Je tiens \u00e0 saluer les r\u00e9sultats obtenus au cours des deux derni\u00e8res d\u00e9cennies, qui ont vu tripler le taux de bancarisation de la population marocaine.<\/p>\n<p class=\"c6\">Dans ces conditions, en mettant \u00e0 profit les technologies nouvelles et les innovations financi\u00e8res, il convient que les banques redoublent d\u2019efforts pour \u00e9largir la proportion des Marocains qui recourent aux prestations bancaires et aux dispositifs de financement. Les deux parties pourront ainsi en tirer avantage dans une logique d\u2019\u00e9quilibre et d\u2019\u00e9quit\u00e9, qui profite in fine au processus de d\u00e9veloppement.<\/p>\n<p class=\"c6\">Ce plan n\u2019atteindra pas ses objectifs si les citoyens b\u00e9n\u00e9ficiaires ne s\u2019impliquent pas de mani\u00e8re responsable et ne respectent pas les engagements induits par les pr\u00eats contract\u00e9s.<\/p>\n<p class=\"c6\">Par ailleurs, il appartient aux institutions et aux autorit\u00e9s de r\u00e9gulation et de contr\u00f4le financiers d\u2019assurer le suivi des diff\u00e9rentes op\u00e9rations, de veiller \u00e0 instaurer une relation \u00e9quilibr\u00e9e, fond\u00e9e sur la confiance entre organismes de financement et d\u00e9biteurs.<\/p>\n<p class=\"c6\">A cette occasion, Je rappelle la responsabilit\u00e9 sociale qui incombe \u00e0 l\u2019entreprise financi\u00e8re, ainsi que sa n\u00e9cessaire participation aux initiatives constructives, qu\u2019elles soient \u00e0 vocation sociale ou humanitaire, ou qu\u2019elles visent la pr\u00e9servation de l\u2019environnement, la promotion du d\u00e9veloppement durable.<\/p>\n<p class=\"c6\"><span class=\"c4\"><strong>Mesdames, Messieurs, les honorables parlementaires,<\/strong><\/span><\/p>\n<p class=\"c6\">La construction d\u2019un Maroc \u00e9volu\u00e9 et d\u00e9velopp\u00e9, la formulation de r\u00e9ponses appropri\u00e9es aux pr\u00e9occupations et aux attentes de ses citoyens, n\u00e9cessitent la mutualisation et la mise en coh\u00e9rence des efforts.<\/p>\n<p class=\"c6\">De cette tribune, J\u2019invite l\u2019institution l\u00e9gislative que vous repr\u00e9sentez, l\u2019appareil ex\u00e9cutif, ainsi que le secteur priv\u00e9, plus particuli\u00e8rement le secteur bancaire, \u00e0 s\u2019associer \u00e0 l\u2019effort de d\u00e9veloppement national, \u00e0 contribuer \u00e0 la r\u00e9ussite de l\u2019\u00e9tape nouvelle dans laquelle nous nous engageons.<\/p>\n<p class=\"c6\">Soyez, que Dieu vous garde, \u00e0 la hauteur de cette \u00e9tape qui requiert un sens \u00e9lev\u00e9 des responsabilit\u00e9s, un engagement fort, la volont\u00e9 ferme de faire pr\u00e9valoir l\u2019int\u00e9r\u00eat sup\u00e9rieur de la Nation, pour que soient assur\u00e9s la prosp\u00e9rit\u00e9 du pays et le bien-\u00eatre de sa population.<br \/>Dieu a dit : \u00ab\u00d4 vous qui avez la foi ! Ob\u00e9issez \u00e0 Dieu, ob\u00e9issez au Messager, et ne rendez pas vaines vos \u0153uvres\u00bb. V\u00e9ridique est la parole de Dieu.<\/p>\n<p class=\"c7\"><span class=\"c4\"><strong>Wassalamou alaykoum warahmatou Allah wabarakatouh\u00a0\u00bb.<\/strong><\/span><\/p>\n<p>Auteur: M&rsquo;hammed rahal<br \/>\n<a href=\"http:\/\/albayane.press.ma\/ouverture-de-la-premiere-session-de-la-4e-annee-legislative.html\">Cliquez ici pour lire l&rsquo;article depuis sa source.<\/a><\/p>\n","protected":false},"excerpt":{"rendered":"<p>SM le Roi exhorte le secteur bancaire national \u00e0 une implication vigoureuse dans la dynamique de d\u00e9veloppement SM le Roi Mohammed VI a prononc\u00e9 vendredi un discours devant les membres des deux Chambres du Parlement \u00e0 l\u2019occasion de l\u2019ouverture de la premi\u00e8re session de la 4\u00e8me ann\u00e9e l\u00e9gislative de la 10e l\u00e9gislature, dont voici le [&hellip;]<\/p>\n","protected":false},"author":1760,"featured_media":0,"comment_status":"closed","ping_status":"closed","sticky":false,"template":"","format":"standard","meta":{"fifu_image_url":"","fifu_image_alt":"","footnotes":""},"categories":[73,54],"tags":[],"class_list":["post-64303","post","type-post","status-publish","format-standard","hentry","category-actualite","category-maroc"],"_links":{"self":[{"href":"https:\/\/linitiative.ca\/International\/wp-json\/wp\/v2\/posts\/64303","targetHints":{"allow":["GET"]}}],"collection":[{"href":"https:\/\/linitiative.ca\/International\/wp-json\/wp\/v2\/posts"}],"about":[{"href":"https:\/\/linitiative.ca\/International\/wp-json\/wp\/v2\/types\/post"}],"author":[{"embeddable":true,"href":"https:\/\/linitiative.ca\/International\/wp-json\/wp\/v2\/users\/1760"}],"replies":[{"embeddable":true,"href":"https:\/\/linitiative.ca\/International\/wp-json\/wp\/v2\/comments?post=64303"}],"version-history":[{"count":0,"href":"https:\/\/linitiative.ca\/International\/wp-json\/wp\/v2\/posts\/64303\/revisions"}],"wp:attachment":[{"href":"https:\/\/linitiative.ca\/International\/wp-json\/wp\/v2\/media?parent=64303"}],"wp:term":[{"taxonomy":"category","embeddable":true,"href":"https:\/\/linitiative.ca\/International\/wp-json\/wp\/v2\/categories?post=64303"},{"taxonomy":"post_tag","embeddable":true,"href":"https:\/\/linitiative.ca\/International\/wp-json\/wp\/v2\/tags?post=64303"}],"curies":[{"name":"wp","href":"https:\/\/api.w.org\/{rel}","templated":true}]}}