{"id":64304,"date":"2019-10-14T06:31:35","date_gmt":"2019-10-14T10:31:35","guid":{"rendered":"https:\/\/linitiative.ca\/International\/la-dynamique-de-lartisanat-regional\/"},"modified":"2019-10-14T06:31:35","modified_gmt":"2019-10-14T10:31:35","slug":"la-dynamique-de-lartisanat-regional","status":"publish","type":"post","link":"https:\/\/linitiative.ca\/International\/la-dynamique-de-lartisanat-regional\/","title":{"rendered":"La dynamique de l\u2019artisanat r\u00e9gional!"},"content":{"rendered":"<p class=\"c4\"><strong><span class=\"c3\"><span class=\"c2\">I<\/span>l est bien \u00e9vident que la d\u00e9clinaison du plan de d\u00e9veloppement du secteur de la r\u00e9gion Souss Massa, initi\u00e9 il y a quelques temps, s\u2019inscrit dans une dynamique de concertation r\u00e9gionale, couronn\u00e9e par la signature d\u2019une convention multilat\u00e9rale dont les piliers essentiels s\u2019articulent autour de la promotion des produits sp\u00e9cifiques de la r\u00e9gion, la mise en place d\u2019un p\u00f4le de production structur\u00e9 et organis\u00e9 en favorisant les sp\u00e9cialit\u00e9s r\u00e9gionales, le d\u00e9veloppement des capacit\u00e9s de la r\u00e9gion en mati\u00e8re de logistique et la structuration des canaux de distribution destin\u00e9s au march\u00e9 national et mondial.<\/span><\/strong><\/p>\n<p class=\"c4\">Tout en consacrant l\u2019expression de l\u2019identit\u00e9 culturelle de la r\u00e9gion sur le plan national et international, l\u2019authenticit\u00e9 du produit, sous toutes ses formes et mati\u00e8res est imp\u00e9rieusement mise en avant, d\u2019autant que l\u2019artisanat demeure l\u2019un des fondements de cette singularit\u00e9 identitaire qui fait \u00e0 la fois la fiert\u00e9 des marocains et la source de vie de nombre d\u2019entre eux dans l\u2019ensemble du territoire national.<\/p>\n<p class=\"c4\">Pour ce faire, il est donc question de favoriser l\u2019innovation dans l\u2019originalit\u00e9 pour r\u00e9pondre constamment aux go\u00fbts, de canaliser l\u2019approvisionnement \u00e0 l\u2019aide de techniques ad\u00e9quates, de structurer les r\u00e9seaux de commercialisation, de rehausser les syst\u00e8mes de formation, d\u2019am\u00e9liorer les ressources des artisans pour leur permettre d\u2019acqu\u00e9rir la mati\u00e8re premi\u00e8re et les outils de production modernes\u2026Il est \u00e0 rappeler que ce secteur renferme un tissu productif de plus de 28 000 artisans et 7000 unit\u00e9s de production r\u00e9parties sur toutes les sortes de professions.<\/p>\n<p class=\"c4\">Ce bilan, quoique impressionnant, aurait pu \u00eatre davantage porteur et comp\u00e9titif s\u2019il avait \u00e9t\u00e9 dot\u00e9 de plus d\u2019int\u00e9r\u00eat et de mise \u00e0 niveau. C\u2019est justement la raison pour laquelle ce plan de d\u00e9veloppement r\u00e9gional a \u00e9t\u00e9 mis en fonction, par l\u2019association de toutes les comp\u00e9tences du secteur.\u00a0 Cette conjugaison appuy\u00e9e, \u00a0est alors une opportunit\u00e9, d\u00e9j\u00e0 initi\u00e9e par le conseil r\u00e9gional de Souss massa pour raffermir cette vision inclusive. Il importe que cet effort d\u00e9ploy\u00e9 dans ce sens, devrait en fait, se munir d\u2019une vision globale en vue de regrouper \u00e9galement les bazaristes li\u00e9s \u00e0 la vocation du tourisme.<\/p>\n<p class=\"c4\">On rappellera \u00e0 ce propos que nombre de professionnels du domaine ont claqu\u00e9 la porte, puisque cette pratique sombre dans l\u2019agonie, depuis que les h\u00f4tels optent le tout compris, contraignant les visiteurs \u00e0 demeurer leur chambre durant le s\u00e9jour. Une int\u00e9gration globalisante serait donc d\u2019une importance certaine, car l\u2019aspect artisanat est \u00e9galement instigateur de l\u2019industrie du tourisme.<\/p>\n<p>Auteur: M&rsquo;hammed rahal<br \/>\n<a href=\"http:\/\/albayane.press.ma\/la-dynamique-de-lartisanat-regional.html\">Cliquez ici pour lire l&rsquo;article depuis sa source.<\/a><\/p>\n","protected":false},"excerpt":{"rendered":"<p>Il est bien \u00e9vident que la d\u00e9clinaison du plan de d\u00e9veloppement du secteur de la r\u00e9gion Souss Massa, initi\u00e9 il y a quelques temps, s\u2019inscrit dans une dynamique de concertation r\u00e9gionale, couronn\u00e9e par la signature d\u2019une convention multilat\u00e9rale dont les piliers essentiels s\u2019articulent autour de la promotion des produits sp\u00e9cifiques de la r\u00e9gion, la mise [&hellip;]<\/p>\n","protected":false},"author":1760,"featured_media":0,"comment_status":"closed","ping_status":"closed","sticky":false,"template":"","format":"standard","meta":{"fifu_image_url":"","fifu_image_alt":"","footnotes":""},"categories":[73,54],"tags":[],"class_list":["post-64304","post","type-post","status-publish","format-standard","hentry","category-actualite","category-maroc"],"_links":{"self":[{"href":"https:\/\/linitiative.ca\/International\/wp-json\/wp\/v2\/posts\/64304","targetHints":{"allow":["GET"]}}],"collection":[{"href":"https:\/\/linitiative.ca\/International\/wp-json\/wp\/v2\/posts"}],"about":[{"href":"https:\/\/linitiative.ca\/International\/wp-json\/wp\/v2\/types\/post"}],"author":[{"embeddable":true,"href":"https:\/\/linitiative.ca\/International\/wp-json\/wp\/v2\/users\/1760"}],"replies":[{"embeddable":true,"href":"https:\/\/linitiative.ca\/International\/wp-json\/wp\/v2\/comments?post=64304"}],"version-history":[{"count":0,"href":"https:\/\/linitiative.ca\/International\/wp-json\/wp\/v2\/posts\/64304\/revisions"}],"wp:attachment":[{"href":"https:\/\/linitiative.ca\/International\/wp-json\/wp\/v2\/media?parent=64304"}],"wp:term":[{"taxonomy":"category","embeddable":true,"href":"https:\/\/linitiative.ca\/International\/wp-json\/wp\/v2\/categories?post=64304"},{"taxonomy":"post_tag","embeddable":true,"href":"https:\/\/linitiative.ca\/International\/wp-json\/wp\/v2\/tags?post=64304"}],"curies":[{"name":"wp","href":"https:\/\/api.w.org\/{rel}","templated":true}]}}