{"id":64305,"date":"2019-10-14T06:48:15","date_gmt":"2019-10-14T10:48:15","guid":{"rendered":"https:\/\/linitiative.ca\/International\/faire-de-la-filiere-cerealiere-une-priorite-du-pmv\/"},"modified":"2019-10-14T06:48:15","modified_gmt":"2019-10-14T10:48:15","slug":"faire-de-la-filiere-cerealiere-une-priorite-du-pmv","status":"publish","type":"post","link":"https:\/\/linitiative.ca\/International\/faire-de-la-filiere-cerealiere-une-priorite-du-pmv\/","title":{"rendered":"Faire de la fili\u00e8re c\u00e9r\u00e9ali\u00e8re une priorit\u00e9 du PMV"},"content":{"rendered":"<p class=\"c4\"><span class=\"c3\"><strong><span class=\"c2\">L<\/span>a nouvelle campagne agricole a \u00e9t\u00e9 lanc\u00e9e officiellement la semaine derni\u00e8re \u00e0 Sidi Kacem. Une saison agricole qui succ\u00e8de \u00e0 une campagne c\u00e9r\u00e9ali\u00e8re tr\u00e8s difficile marqu\u00e9e par\u00a0 des \u00a0conditions climatiques\u00a0 tr\u00e8s d\u00e9favorables.<\/strong><\/span><\/p>\n<p class=\"c4\">En effet, la s\u00e9cheresse a frapp\u00e9 de plein fouet les zones pluviales qui constituent la grande partie de la surface cultivable. Aux effets de la pluviom\u00e9trie et du stress hydrique, s\u2019ajoutent les difficult\u00e9s l\u2019approvisionnement en semences certifi\u00e9es, mises sur le march\u00e9\u00a0 \u00e0 des prix jug\u00e9s trop excessifs pour des agriculteurs \u00e0 faibles revenus.<\/p>\n<p class=\"c4\">Certes le d\u00e9partement de tutelle \u00a0a annonc\u00e9 une s\u00e9rie de mesures incitatives\u00a0 pour optimiser les conditions de r\u00e9ussite de la nouvelle campagne agricole mais la cl\u00e9mence du ciel reste tr\u00e8s d\u00e9terminante. \u00a0Les mesures annonc\u00e9es par le minist\u00e8re de l\u2019Agriculture notamment \u00a0et la mise \u00e0 disposition 2,2 millions de quintaux de semences s\u00e9lectionn\u00e9es \u00e0 des prix incitatifs et leur commercialisation \u00e0 des prix de vente subventionn\u00e9s, soit \u00a0175 dh\/quintal pour le bl\u00e9 tendre, 195 dh\/quintal pour le bl\u00e9 dur et 345 dh\/quintal pour l\u2019orge.<\/p>\n<p class=\"c4\">Le march\u00e9 sera approvisionn\u00e9 aussi \u00e0 hauteur de 680.000 tonnes d\u2019engrais, au m\u00eame prix de la campagne pr\u00e9c\u00e9dente. L\u2019exploitation des cartes de fertilit\u00e9 des sols r\u00e9alis\u00e9es (8,7 millions d\u2019hectares) avec un renforcement du conseil agricole est \u00e9galement dans le programme incitatif.<\/p>\n<p class=\"c4\">Autres mesures pr\u00e9vues, la programmation d\u2019une superficie de 487.000 hectares pour l\u2019irrigation au niveau des grands p\u00e9rim\u00e8tres dont 23% pour les c\u00e9r\u00e9ales. A rappeler que le taux de remplissage \u00a0des barrages agricoles se situe \u00e0 45% contre 57% \u00e0 la m\u00eame p\u00e9riode de la campagne pr\u00e9c\u00e9dente. Pour ce qui concerne le montant de subventions pr\u00e9visionnel pour 2020, il s\u2019\u00e9l\u00e8ve \u00e0 3,91 milliards de dirhams (soit +1% par rapport \u00e0 2019).<\/p>\n<p class=\"c4\">Ces mesures incitatives ne profitent pas \u00e0 l\u2019ensemble des agriculteurs, estime un op\u00e9rateur agricole qui craint que la port\u00e9e de ces mesures ne reste tr\u00e8s limit\u00e9e en l\u2019absence d\u2019une bonne pluviom\u00e9trie r\u00e9partie de mani\u00e8re g\u00e9n\u00e9ralis\u00e9e sur les diff\u00e9rentes r\u00e9gions du pays.<\/p>\n<p class=\"c4\">Le plan Maroc Vert\u00a0 qui se vante de certaines r\u00e9ussite, constitue malheureusement\u00a0 un \u00e9chec \u00a0notoire pour\u00a0 la fili\u00e8re \u00a0c\u00e9r\u00e9ali\u00e8re qui requiert plus d\u2019attention \u00e9tant donn\u00e9 que plus de 80% des agriculteurs vivent des c\u00e9r\u00e9ales\u2026<\/p>\n<p class=\"c5\"><strong>Fairouz El Mouden<\/strong><\/p>\n<p>Auteur: M&rsquo;hammed rahal<br \/>\n<a href=\"http:\/\/albayane.press.ma\/faire-de-la-filiere-cerealiere-une-priorite-du-pmv.html\">Cliquez ici pour lire l&rsquo;article depuis sa source.<\/a><\/p>\n","protected":false},"excerpt":{"rendered":"<p>La nouvelle campagne agricole a \u00e9t\u00e9 lanc\u00e9e officiellement la semaine derni\u00e8re \u00e0 Sidi Kacem. Une saison agricole qui succ\u00e8de \u00e0 une campagne c\u00e9r\u00e9ali\u00e8re tr\u00e8s difficile marqu\u00e9e par\u00a0 des \u00a0conditions climatiques\u00a0 tr\u00e8s d\u00e9favorables. En effet, la s\u00e9cheresse a frapp\u00e9 de plein fouet les zones pluviales qui constituent la grande partie de la surface cultivable. Aux effets [&hellip;]<\/p>\n","protected":false},"author":1760,"featured_media":0,"comment_status":"closed","ping_status":"closed","sticky":false,"template":"","format":"standard","meta":{"fifu_image_url":"","fifu_image_alt":"","footnotes":""},"categories":[73,54],"tags":[],"class_list":["post-64305","post","type-post","status-publish","format-standard","hentry","category-actualite","category-maroc"],"_links":{"self":[{"href":"https:\/\/linitiative.ca\/International\/wp-json\/wp\/v2\/posts\/64305","targetHints":{"allow":["GET"]}}],"collection":[{"href":"https:\/\/linitiative.ca\/International\/wp-json\/wp\/v2\/posts"}],"about":[{"href":"https:\/\/linitiative.ca\/International\/wp-json\/wp\/v2\/types\/post"}],"author":[{"embeddable":true,"href":"https:\/\/linitiative.ca\/International\/wp-json\/wp\/v2\/users\/1760"}],"replies":[{"embeddable":true,"href":"https:\/\/linitiative.ca\/International\/wp-json\/wp\/v2\/comments?post=64305"}],"version-history":[{"count":0,"href":"https:\/\/linitiative.ca\/International\/wp-json\/wp\/v2\/posts\/64305\/revisions"}],"wp:attachment":[{"href":"https:\/\/linitiative.ca\/International\/wp-json\/wp\/v2\/media?parent=64305"}],"wp:term":[{"taxonomy":"category","embeddable":true,"href":"https:\/\/linitiative.ca\/International\/wp-json\/wp\/v2\/categories?post=64305"},{"taxonomy":"post_tag","embeddable":true,"href":"https:\/\/linitiative.ca\/International\/wp-json\/wp\/v2\/tags?post=64305"}],"curies":[{"name":"wp","href":"https:\/\/api.w.org\/{rel}","templated":true}]}}