{"id":64306,"date":"2019-10-14T06:58:55","date_gmt":"2019-10-14T10:58:55","guid":{"rendered":"https:\/\/linitiative.ca\/International\/les-violations-des-droits-humains-a-tindouf-mises-a-nu\/"},"modified":"2019-10-14T06:58:55","modified_gmt":"2019-10-14T10:58:55","slug":"les-violations-des-droits-humains-a-tindouf-mises-a-nu","status":"publish","type":"post","link":"https:\/\/linitiative.ca\/International\/les-violations-des-droits-humains-a-tindouf-mises-a-nu\/","title":{"rendered":"Les violations des droits humains \u00e0 Tindouf mises \u00e0 nu"},"content":{"rendered":"<div>\n<p style=\"text-align: justify;\"><span style=\"color: #800000;\"><strong><span style=\"color: #ff0000;\"><span style=\"color: #0000ff;\">L<\/span>es violations flagrantes des droits de l\u2019Homme perp\u00e9tr\u00e9es par le polisario dans les camps de Tindouf, sur le sol alg\u00e9rien, ont \u00e9t\u00e9 mises \u00e0 nu devant la 4<sup>e<\/sup> \u00a0Commission de l\u2019Assembl\u00e9e g\u00e9n\u00e9rale de l\u2019ONU \u00e0 New York par plusieurs p\u00e9titionnaires qui ont livr\u00e9, preuves \u00e0 l\u2019appui, des t\u00e9moignages accablants sur ces pratiques d\u2019un autre \u00e2ge.<\/span><\/strong><\/span><\/p>\n<p style=\"text-align: justify;\">T\u00e9moignant dans ce cadre, le pr\u00e9sident de \u00abl\u2019Association 9 mars\u00bb (Provinces du sud), Zine El Aabidine El Ouali, a relev\u00e9 que la pers\u00e9cution des militants des droits de l\u2019Homme \u00abest une pratique de longue date dans les camps de Tindouf, o\u00f9 le polisario proc\u00e8de \u00e0 des arrestations arbitraires des activistes qui d\u00e9noncent ses pratiques sombres et s\u2019opposent \u00e0 sa th\u00e8se obsol\u00e8te sur le conflit du Sahara\u00bb.<\/p>\n<p style=\"text-align: justify;\">Ces d\u00e9tentions arbitraires illustrent non seulement les atrocit\u00e9s commises par le polisario \u00e0 l\u2019encontre des activistes des droits de l\u2019Homme dans les camps, mais \u00e9galement mettent \u00e0 nu la version pr\u00e9sent\u00e9e par les parrains des s\u00e9paratistes, a-t-il soulign\u00e9.<\/p>\n<p style=\"text-align: justify;\">A cet \u00e9gard, il a appel\u00e9 la communaut\u00e9 internationale \u00e0 r\u00e9tablir la justice dans les camps de Tindouf, prot\u00e9ger l\u2019int\u00e9grit\u00e9 physique des d\u00e9fenseurs des droits humains d\u00e9tenus dans des centres ill\u00e9gaux g\u00e9r\u00e9s par le polisario, et interpeller les auteurs des violations des droits de l\u2019Homme sur le sol alg\u00e9rien.<\/p>\n<p style=\"text-align: justify;\">De son c\u00f4t\u00e9, Hamada El Bihi, ancien membre du polisario, a relat\u00e9, devant les membres de la Commission, l\u2019histoire de son exile forc\u00e9 loin de sa famille, impos\u00e9 par les milices du polisario alors qu\u2019il n\u2019\u00e9tait \u00e2g\u00e9 que de quatre ans, vers un pays d\u2019Am\u00e9rique du Sud pendant plus de 15 ans. Un calvaire qu\u2019il a endur\u00e9 au m\u00eame titre que des centaines de Sahraouis priv\u00e9s de leur enfance et de leur famille afin de subir un endoctrinement id\u00e9ologique, des travaux forc\u00e9s et des formations militaires.<\/p>\n<p style=\"text-align: justify;\">\u00abNous avons aussi d\u00e9couvert que ces m\u00eames dirigeants du polisario avaient tu\u00e9, tortur\u00e9 et maltrait\u00e9 des innocents dans les camps de Tindouf, dans des prisons b\u00e2ties sous terre\u00bb, a-t-il t\u00e9moign\u00e9.<\/p>\n<p style=\"text-align: justify;\">\u00abJe m\u2019adresse \u00e0 vous en fin connaisseur des rouages de la direction du polisario. Je sais qu\u2019elle est d\u00e9pourvue de l\u00e9gitimit\u00e9 et qu\u2019elle a commis des crimes pour lesquels elle doit \u00eatre tenue pour responsable\u00bb, a affirm\u00e9 M. El Bihi, soulignant que l\u2019ensemble de ces violations sont commises \u00abavec l\u2019aval et l\u2019appui du pays h\u00f4te, le voisin oriental du Maroc\u00bb.<\/p>\n<p style=\"text-align: justify;\">Quant au militant des droits de l\u2019homme Sidi Laaroussi Dahi, il a affirm\u00e9 que \u00ables milices du polisario et les services de renseignement du pays h\u00f4te s\u00e9questrent depuis des ann\u00e9es les habitants des camps de Tindouf, et n\u2019h\u00e9sitent pas parfois \u00e0 tuer ceux qui les critiquent ou revendiquent le droit de vivre dans la dignit\u00e9\u00bb.<\/p>\n<p style=\"text-align: justify;\">Ces atrocit\u00e9s perdurent depuis plus de 40 ans, a-t-il rappel\u00e9, notant qu\u2019avec l\u2019essor et la g\u00e9n\u00e9ralisation des r\u00e9seaux sociaux, les voix des victimes ont commenc\u00e9 \u00e0 se faire entendre depuis les camps de Tindouf, et la communaut\u00e9 internationale a commenc\u00e9 \u00e0 d\u00e9couvrir l\u2019horreur de ce qui se passe dans ces prisons \u00e0 ciel ouvert.<\/p>\n<p style=\"text-align: justify;\">\u00abLes camps de Tindouf restent anachroniques dans le monde, s\u2019est-il \u00e9tonn\u00e9, en ce sens qu\u2019ils sont les seuls \u00e0 pr\u00e9tendre abriter des r\u00e9fugi\u00e9s, m\u00eame si leurs habitants ne poss\u00e8dent pas de carte de r\u00e9fugi\u00e9 et ne sont pas autoris\u00e9s \u00e0 quitter les camps\u00bb.<\/p>\n<p style=\"text-align: justify;\">\u00abOn ne conna\u00eet m\u00eame pas leur nombre ou leur nationalit\u00e9, car le pays h\u00f4te refuse d\u2019ouvrir ses portes aux organismes internationaux comp\u00e9tents pour les recenser et connaitre leur dol\u00e9ances\u00bb, a-t-il d\u00e9plor\u00e9.<\/p>\n<p style=\"text-align: justify;\">Pour sa part, Adnan Khalil Brih, fr\u00e8re d\u2019un ancien responsable du polisario disparu depuis plus de 10 ans sur le territoire du pays h\u00f4te du polisario, a d\u00e9plor\u00e9, devant les membres de la 4\u00e8 Commission, que sa famille ignore toujours le sort de son fils.<\/p>\n<p style=\"text-align: justify;\">Il a affirm\u00e9 qu\u2019apr\u00e8s l\u2019\u00e9puisement de tous les recours et proc\u00e9dures, le seul espoir pour sa famille reste que la Commission se saisisse de ce dossier afin d\u2019exercer assez de pression pour \u00e9lucider le sort de son fr\u00e8re.<\/p>\n<p style=\"text-align: justify;\">Et d\u2019ajouter que l\u2019appareil militaire de r\u00e9pression du polisario \u00e0 l\u2019origine de son enl\u00e8vement \u00ab\u00e9tait dirig\u00e9 \u00e0 l\u2019\u00e9poque par Brahim Ghali, poursuivi par la justice espagnole pour crimes contre l\u2019humanit\u00e9\u00bb.<\/p>\n<p style=\"text-align: justify;\">De son c\u00f4t\u00e9, le pr\u00e9sident de la commune urbaine de Foum El Oued \u00e0 Laayoune, Mohamed Ayyach, a d\u00e9clar\u00e9 que les souffrances des sahraouis s\u00e9questr\u00e9s \u00e0 Tindouf par les milices du polisario et leurs parrains \u00abne prendront fin qu\u2019avec leur retour \u00e0 la m\u00e8re patrie, le Maroc\u00bb.<\/p>\n<p style=\"text-align: justify;\">Il a \u00e9galement appel\u00e9 l\u2019Assembl\u00e9e g\u00e9n\u00e9rale des Nations-Unies \u00e0 intervenir d\u2019urgence afin de prot\u00e9ger, au moins les personnes qui se trouvent dans une situation de vuln\u00e9rabilit\u00e9 dans les camps de Tindouf, en particulier les femmes, les enfants et les victimes de discrimination raciale\u00bb.<\/p>\n<p style=\"text-align: justify;\">Par ailleurs, Mohamed Ahmed Ghayan, professeur \u00e0 la facult\u00e9 de droit de K\u00e9nitra, a insist\u00e9, \u00e0 cette occasion, sur l\u2019ill\u00e9gitimit\u00e9 du polisario \u00e0 repr\u00e9senter les populations sahraouie au niveau international.<\/p>\n<p style=\"text-align: justify;\">Il a pr\u00e9sent\u00e9, dans ce sens, des faits et des arguments convaincants qui confirment l\u2019implication de cette entit\u00e9 \u00abqui sert les agendas g\u00e9opolitiques de certains pays de la r\u00e9gion, en commettant de graves violations des droits humains \u00e0 l\u2019encontre des populations des camps de Tindouf\u00bb.<\/p>\n<p style=\"text-align: justify;\">Le polisario, a-t-il r\u00e9v\u00e9l\u00e9, maintient des centres de d\u00e9tention secrets dans les camps de Tindouf, o\u00f9 des opposants sahraouis sont tortur\u00e9s, citant \u00e0 cet \u00e9gard le nom de trois d\u2019entre eux, \u00e0 savoir Abba Bouzid, El Fadel Brika et Mahmoud Zidane.<\/p>\n<p style=\"text-align: justify;\">Il a \u00e9galement fait savoir que le polisario obligeait des centaines d\u2019enfants \u00e0 rejoindre ses milices arm\u00e9es en violation du droit international humanitaire, outre l\u2019envoi d\u2019enfants sahraouis \u00e0 Cuba, sans le consentement de leurs parents.<\/p>\n<p style=\"text-align: justify;\">Selon l\u2019universitaire, de nombreuses organisations et instances internationales ont condamn\u00e9 le fait que le polisario se proclame comme porte-voix des Sahraouis, surtout apr\u00e8s l\u2019implication av\u00e9r\u00e9e de ses dirigeants dans le d\u00e9tournement de fonds et de l\u2019aide humanitaire destin\u00e9e aux s\u00e9questr\u00e9s de Tindouf, outre les r\u00e9v\u00e9lations sur des cas d\u2019esclavage, de d\u00e9tention et de disparition forc\u00e9es dans les camps.<\/p>\n<p>L\u2019article <a rel=\"nofollow\" href=\"http:\/\/albayane.press.ma\/les-violations-des-droits-humains-a-tindouf-mises-a-nu.html\">Les violations des droits humains \u00e0 Tindouf mises \u00e0 nu<\/a> est apparu en premier sur <a rel=\"nofollow\" href=\"http:\/\/albayane.press.ma\/\">ALBAYANE<\/a>.<\/p>\n<\/div>\n<p>Auteur: M&rsquo;hammed rahal<br \/>\n<a href=\"http:\/\/albayane.press.ma\/les-violations-des-droits-humains-a-tindouf-mises-a-nu.html\">Cliquez ici pour lire l&rsquo;article depuis sa source.<\/a><\/p>\n","protected":false},"excerpt":{"rendered":"<p>Les violations flagrantes des droits de l\u2019Homme perp\u00e9tr\u00e9es par le polisario dans les camps de Tindouf, sur le sol alg\u00e9rien, ont \u00e9t\u00e9 mises \u00e0 nu devant la 4e \u00a0Commission de l\u2019Assembl\u00e9e g\u00e9n\u00e9rale de l\u2019ONU \u00e0 New York par plusieurs p\u00e9titionnaires qui ont livr\u00e9, preuves \u00e0 l\u2019appui, des t\u00e9moignages accablants sur ces pratiques d\u2019un autre \u00e2ge. [&hellip;]<\/p>\n","protected":false},"author":1760,"featured_media":0,"comment_status":"closed","ping_status":"closed","sticky":false,"template":"","format":"standard","meta":{"fifu_image_url":"","fifu_image_alt":"","footnotes":""},"categories":[73,54],"tags":[],"class_list":["post-64306","post","type-post","status-publish","format-standard","hentry","category-actualite","category-maroc"],"_links":{"self":[{"href":"https:\/\/linitiative.ca\/International\/wp-json\/wp\/v2\/posts\/64306","targetHints":{"allow":["GET"]}}],"collection":[{"href":"https:\/\/linitiative.ca\/International\/wp-json\/wp\/v2\/posts"}],"about":[{"href":"https:\/\/linitiative.ca\/International\/wp-json\/wp\/v2\/types\/post"}],"author":[{"embeddable":true,"href":"https:\/\/linitiative.ca\/International\/wp-json\/wp\/v2\/users\/1760"}],"replies":[{"embeddable":true,"href":"https:\/\/linitiative.ca\/International\/wp-json\/wp\/v2\/comments?post=64306"}],"version-history":[{"count":0,"href":"https:\/\/linitiative.ca\/International\/wp-json\/wp\/v2\/posts\/64306\/revisions"}],"wp:attachment":[{"href":"https:\/\/linitiative.ca\/International\/wp-json\/wp\/v2\/media?parent=64306"}],"wp:term":[{"taxonomy":"category","embeddable":true,"href":"https:\/\/linitiative.ca\/International\/wp-json\/wp\/v2\/categories?post=64306"},{"taxonomy":"post_tag","embeddable":true,"href":"https:\/\/linitiative.ca\/International\/wp-json\/wp\/v2\/tags?post=64306"}],"curies":[{"name":"wp","href":"https:\/\/api.w.org\/{rel}","templated":true}]}}