{"id":64307,"date":"2019-10-14T08:53:44","date_gmt":"2019-10-14T12:53:44","guid":{"rendered":"https:\/\/linitiative.ca\/International\/balance-alimentaire-deficit-saggrave-926-et-passe-a-11145-md\/"},"modified":"2019-10-14T08:53:44","modified_gmt":"2019-10-14T12:53:44","slug":"balance-alimentaire-deficit-saggrave-926-et-passe-a-11145-md","status":"publish","type":"post","link":"https:\/\/linitiative.ca\/International\/balance-alimentaire-deficit-saggrave-926-et-passe-a-11145-md\/","title":{"rendered":"Balance alimentaire : D\u00e9ficit s\u2019aggrave (92,6%) et passe \u00e0 1114,5 MD"},"content":{"rendered":"<p>La balance commerciale alimentaire a enregistr\u00e9, jusqu\u2019\u00e0 fin septembre 2019, un d\u00e9ficit de 1114,5 MD contre un d\u00e9ficit de 294,0 MD durant la m\u00eame p\u00e9riode de l\u2019ann\u00e9e pr\u00e9c\u00e9dente, enregistrant ainsi un taux de couverture de 74,0% contre 92,6% durant le mois de septembre 2018, selon les donn\u00e9es publi\u00e9es par l\u2019Observatoire National de l\u2019Agriculture (ONAGRI).<\/p>\n<p>Ce d\u00e9ficit qui repr\u00e9sente seulement 7,5% de celui de la balance commerciale globale est du \u00e0 la hausse de la valeur des importations en particulier celles des c\u00e9r\u00e9ales, et ce, suite \u00e0 l\u2019augmentation des prix et la r\u00e9duction du rythme des exportations de l\u2019huile d\u2019olive.<\/p>\n<p><strong>Baisse de 14,3% des exportations<\/strong><\/p>\n<p>En termes de valeur, les exportations alimentaires ont enregistr\u00e9, jusqu\u2019\u00e0 fin septembre 2019, une baisse de 14,3%, pour s\u2019\u00e9tablir \u00e0 3166,8 MD contre 3695,4 MD au cours de la m\u00eame p\u00e9riode de l\u2019ann\u00e9e \u00e9coul\u00e9e.<\/p>\n<p>Les recettes de l\u2019huile d\u2019olive ont enregistr\u00e9 une baisse de 39,4 % atteignant ainsi 1022,4 MD contre 1691,8 MD durant la m\u00eame p\u00e9riode de 2018.<\/p>\n<p>Les prix \u00e0 l\u2019exportation ont observ\u00e9 une baisse de 10,8% pour l\u2019huile d\u2019olive par rapport \u00e0 l\u2019ann\u00e9e pr\u00e9c\u00e9dente. Par contre ceux des tomates et des dattes ont augment\u00e9 respectivement de 39,9% et de 19,9%.<\/p>\n<p><strong>Hausse de 7,3% des importations<\/strong><\/p>\n<p>En termes de valeur, les importations alimentaires ont enregistr\u00e9, jusqu\u2019\u00e0 fin septembre 2019, une augmentation de 7,3%, atteignant 4 4281,3 MD contre 3989,4 durant la m\u00eame p\u00e9riode de 2018.<\/p>\n<p>Les prix \u00e0 l\u2019importation des c\u00e9r\u00e9ales ont connu une hausse pour le bl\u00e9 tendre (26,3%), l\u2019orge (26,3%) et le bl\u00e9 dur (15,0%). Il en est de m\u00eame pour le prix de la pomme de terre (+53,7%) et celui du sucre (+14,2%). Alors que le prix du lait et d\u00e9riv\u00e9s et des viandes a l\u00e9g\u00e8rement augment\u00e9 respectivement de (+1,2%) et (+1,8%).<\/p>\n<p>Le d\u00e9ficit de la balance commerciale globale du pays au terme du mois de septembre 2019 a augment\u00e9 en comparaison avec l\u2019ann\u00e9e pr\u00e9c\u00e9dente, enregistrant une hausse de 4,7% en septembre 2019 (-14848,0 MD) par rapport \u00e0 fin septembre 2018 (-14183,1 MD).<\/p>\n<p class=\"dpsp-share-text\">Partager c&rsquo;est aimer!<\/p>\n<div class=\"wp-post-author-wrap wp-post-author-shortcode left\">\n<h3 class=\"awpa-title\"\/>\n<div class=\"wp-post-author\">\n<div class=\"awpa-img awpa-author-block square\"><a href=\"http:\/\/lexpertjournal.net\/fr\/author\/expert\/\"><img loading=\"lazy\" decoding=\"async\" alt=\"\" src=\"http:\/\/2.gravatar.com\/avatar\/56d99be2a6f97af88ccb49fada637fcd?s=150&#038;d=mm&#038;r=g\" srcset=\"http:\/\/2.gravatar.com\/avatar\/56d99be2a6f97af88ccb49fada637fcd?s=300&#038;d=mm&#038;r=g 2x\" class=\"avatar avatar-150 photo\" height=\"150\" width=\"150\"\/><\/a><\/div>\n<\/div>\n<\/div>\n<p>Auteur: L&rsquo;expert<br \/>\n<a href=\"http:\/\/lexpertjournal.net\/fr\/2019\/10\/14\/balance-alimentaire-deficit-saggrave-926-et-passe-a-11145-md\/\">Cliquez ici pour lire l&rsquo;article depuis sa source.<\/a><\/p>\n","protected":false},"excerpt":{"rendered":"<p>La balance commerciale alimentaire a enregistr\u00e9, jusqu\u2019\u00e0 fin septembre 2019, un d\u00e9ficit de 1114,5 MD contre un d\u00e9ficit de 294,0 MD durant la m\u00eame p\u00e9riode de l\u2019ann\u00e9e pr\u00e9c\u00e9dente, enregistrant ainsi un taux de couverture de 74,0% contre 92,6% durant le mois de septembre 2018, selon les donn\u00e9es publi\u00e9es par l\u2019Observatoire National de l\u2019Agriculture (ONAGRI). Ce [&hellip;]<\/p>\n","protected":false},"author":1775,"featured_media":0,"comment_status":"closed","ping_status":"closed","sticky":false,"template":"","format":"standard","meta":{"fifu_image_url":"","fifu_image_alt":"","footnotes":""},"categories":[78,55],"tags":[],"class_list":["post-64307","post","type-post","status-publish","format-standard","hentry","category-economie","category-tunisie"],"_links":{"self":[{"href":"https:\/\/linitiative.ca\/International\/wp-json\/wp\/v2\/posts\/64307","targetHints":{"allow":["GET"]}}],"collection":[{"href":"https:\/\/linitiative.ca\/International\/wp-json\/wp\/v2\/posts"}],"about":[{"href":"https:\/\/linitiative.ca\/International\/wp-json\/wp\/v2\/types\/post"}],"author":[{"embeddable":true,"href":"https:\/\/linitiative.ca\/International\/wp-json\/wp\/v2\/users\/1775"}],"replies":[{"embeddable":true,"href":"https:\/\/linitiative.ca\/International\/wp-json\/wp\/v2\/comments?post=64307"}],"version-history":[{"count":0,"href":"https:\/\/linitiative.ca\/International\/wp-json\/wp\/v2\/posts\/64307\/revisions"}],"wp:attachment":[{"href":"https:\/\/linitiative.ca\/International\/wp-json\/wp\/v2\/media?parent=64307"}],"wp:term":[{"taxonomy":"category","embeddable":true,"href":"https:\/\/linitiative.ca\/International\/wp-json\/wp\/v2\/categories?post=64307"},{"taxonomy":"post_tag","embeddable":true,"href":"https:\/\/linitiative.ca\/International\/wp-json\/wp\/v2\/tags?post=64307"}],"curies":[{"name":"wp","href":"https:\/\/api.w.org\/{rel}","templated":true}]}}