{"id":64308,"date":"2019-10-14T08:56:20","date_gmt":"2019-10-14T12:56:20","guid":{"rendered":"https:\/\/linitiative.ca\/International\/second-tout-de-la-presidentielle-victoire-ecrasante-de-kais-saied-selon-les-sondages\/"},"modified":"2019-10-14T08:56:20","modified_gmt":"2019-10-14T12:56:20","slug":"second-tout-de-la-presidentielle-victoire-ecrasante-de-kais-saied-selon-les-sondages","status":"publish","type":"post","link":"https:\/\/linitiative.ca\/International\/second-tout-de-la-presidentielle-victoire-ecrasante-de-kais-saied-selon-les-sondages\/","title":{"rendered":"Second tout de la Pr\u00e9sidentielle :  Victoire \u00e9crasante de Ka\u00efs Sa\u00efed selon les sondages"},"content":{"rendered":"<p>Selon les sondages de sortie des urnes, le candidat ind\u00e9pendant Ka\u00efs Sa\u00efed (61 ans) a remport\u00e9 l\u2019\u00e9lection pr\u00e9sidentielle qui l\u2019opposait \u00e0 l\u2019homme d\u2019affaires et pr\u00e9sident du parti Qalb Toun\u00e8s, Nabil Karoui (56 ans).<\/p>\n<p>D\u2019apr\u00e8s \u00ab Sigma Conseil \u00bb, Ka\u00efs Sa\u00efed a obtenu 76,9% des voix des \u00e9lecteurs contre 23,11% pour Nabil Karoui.<\/p>\n<p>R\u00e9sultat confirm\u00e9 par \u00ab EMRHOD Consulting \u00bb qui a donn\u00e9 Ka\u00efs Sa\u00efed vainqueur du second tour de l\u2019\u00e9lection pr\u00e9sidentielle avec 72,5% des voix face \u00e0 Nabil Karoui qui a recueilli \u00e0 27,5% des voix<\/p>\n<p>Les r\u00e9sultats d\u00e9finitifs seront annonc\u00e9s par l\u2019Instance sup\u00e9rieure ind\u00e9pendante pour les \u00e9lections (ISIE).<\/p>\n<p class=\"dpsp-share-text\">Partager c&rsquo;est aimer!<\/p>\n<div class=\"wp-post-author-wrap wp-post-author-shortcode left\">\n<h3 class=\"awpa-title\"\/>\n<div class=\"wp-post-author\">\n<div class=\"awpa-img awpa-author-block square\"><a href=\"http:\/\/lexpertjournal.net\/fr\/author\/expert\/\"><img loading=\"lazy\" decoding=\"async\" alt=\"\" src=\"http:\/\/2.gravatar.com\/avatar\/56d99be2a6f97af88ccb49fada637fcd?s=150&#038;d=mm&#038;r=g\" srcset=\"http:\/\/2.gravatar.com\/avatar\/56d99be2a6f97af88ccb49fada637fcd?s=300&#038;d=mm&#038;r=g 2x\" class=\"avatar avatar-150 photo\" height=\"150\" width=\"150\"\/><\/a><\/div>\n<\/div>\n<\/div>\n<p>Auteur: L&rsquo;expert<br \/>\n<a href=\"http:\/\/lexpertjournal.net\/fr\/2019\/10\/14\/second-tout-de-la-presidentielle-victoire-ecrasante-de-kais-saied-selon-les-sondages\/\">Cliquez ici pour lire l&rsquo;article depuis sa source.<\/a><\/p>\n","protected":false},"excerpt":{"rendered":"<p>Selon les sondages de sortie des urnes, le candidat ind\u00e9pendant Ka\u00efs Sa\u00efed (61 ans) a remport\u00e9 l\u2019\u00e9lection pr\u00e9sidentielle qui l\u2019opposait \u00e0 l\u2019homme d\u2019affaires et pr\u00e9sident du parti Qalb Toun\u00e8s, Nabil Karoui (56 ans). D\u2019apr\u00e8s \u00ab Sigma Conseil \u00bb, Ka\u00efs Sa\u00efed a obtenu 76,9% des voix des \u00e9lecteurs contre 23,11% pour Nabil Karoui. R\u00e9sultat confirm\u00e9 par [&hellip;]<\/p>\n","protected":false},"author":1775,"featured_media":0,"comment_status":"closed","ping_status":"closed","sticky":false,"template":"","format":"standard","meta":{"fifu_image_url":"","fifu_image_alt":"","footnotes":""},"categories":[78,55],"tags":[],"class_list":["post-64308","post","type-post","status-publish","format-standard","hentry","category-economie","category-tunisie"],"_links":{"self":[{"href":"https:\/\/linitiative.ca\/International\/wp-json\/wp\/v2\/posts\/64308","targetHints":{"allow":["GET"]}}],"collection":[{"href":"https:\/\/linitiative.ca\/International\/wp-json\/wp\/v2\/posts"}],"about":[{"href":"https:\/\/linitiative.ca\/International\/wp-json\/wp\/v2\/types\/post"}],"author":[{"embeddable":true,"href":"https:\/\/linitiative.ca\/International\/wp-json\/wp\/v2\/users\/1775"}],"replies":[{"embeddable":true,"href":"https:\/\/linitiative.ca\/International\/wp-json\/wp\/v2\/comments?post=64308"}],"version-history":[{"count":0,"href":"https:\/\/linitiative.ca\/International\/wp-json\/wp\/v2\/posts\/64308\/revisions"}],"wp:attachment":[{"href":"https:\/\/linitiative.ca\/International\/wp-json\/wp\/v2\/media?parent=64308"}],"wp:term":[{"taxonomy":"category","embeddable":true,"href":"https:\/\/linitiative.ca\/International\/wp-json\/wp\/v2\/categories?post=64308"},{"taxonomy":"post_tag","embeddable":true,"href":"https:\/\/linitiative.ca\/International\/wp-json\/wp\/v2\/tags?post=64308"}],"curies":[{"name":"wp","href":"https:\/\/api.w.org\/{rel}","templated":true}]}}