{"id":64309,"date":"2019-10-14T08:58:07","date_gmt":"2019-10-14T12:58:07","guid":{"rendered":"https:\/\/linitiative.ca\/International\/migration-irreguliere-une-embarcation-interceptee-avec-110-clandestins-a-bord\/"},"modified":"2019-10-14T08:58:07","modified_gmt":"2019-10-14T12:58:07","slug":"migration-irreguliere-une-embarcation-interceptee-avec-110-clandestins-a-bord","status":"publish","type":"post","link":"https:\/\/linitiative.ca\/International\/migration-irreguliere-une-embarcation-interceptee-avec-110-clandestins-a-bord\/","title":{"rendered":"Migration irr\u00e9guli\u00e8re : Une embarcation intercept\u00e9e avec 110 clandestins \u00e0 bord"},"content":{"rendered":"<p>Huit unit\u00e9s navales ont engag\u00e9 une course poursuite pour intercepter une embarcation de p\u00eache \u00e0 bord de laquelle se trouvaient 110 migrants clandestins partis des c\u00f4tes de Sfax pour tenter de gagner clandestinement les c\u00f4tes italiennes, a annonc\u00e9 samedi le minist\u00e8re de l\u2019Int\u00e9rieur.<\/p>\n<p>Les unit\u00e9s de la garde navale ont obtenu des renseignements vendredi soir selon lesquels un bateau de p\u00eache transportant environ 110 personnes d\u2019\u00e2ges diff\u00e9rents, y compris des femmes et des individus de nationalit\u00e9s diff\u00e9rentes, s\u2019appr\u00eatait \u00e0 prendre le large clandestinement vers l\u2019Italie, indique le minist\u00e8re dans un communiqu\u00e9.<\/p>\n<p>Trois unit\u00e9s navales appartenant au district central de la Garde nationale ont lanc\u00e9 alors des op\u00e9rations de poursuite pour intercepter le bateau de p\u00eache qui a refus\u00e9 d\u2019obtemp\u00e9rer aux sommations lanc\u00e9es par haut-parleurs, des signaux maritimes et des contacts directes. Les passagers ont m\u00eame brandi des armes blanches et lanc\u00e9 des projectiles qui ont endommag\u00e9 les vitres d\u2019un patrouilleur et bless\u00e9 l\u00e9g\u00e8rement deux des membres des unit\u00e9s marines, pr\u00e9cise-t-on de m\u00eame source.<\/p>\n<p>Le minist\u00e8re a ajout\u00e9 qu\u2019apr\u00e8s des efforts soutenus, les unit\u00e9s navales ont pu forcer le bateau \u00e0 prendre la direction des c\u00f4tes sud vers Djerba, gr\u00e2ce au renfort d\u2019autres unit\u00e9s, port\u00e9es au total \u00e0 huit.<\/p>\n<p>Les passagers clandestins ont \u00e9t\u00e9 transf\u00e9r\u00e9s \u00e0 bord des patrouilleurs de la Garde nationale alors que le passeur a \u00e9t\u00e9 maitris\u00e9 et 25 migrants clandestins ont \u00e9t\u00e9 sauv\u00e9s apr\u00e8s s\u2019\u00eatre jet\u00e9s \u00e0 la mer.<\/p>\n<p class=\"dpsp-share-text\">Partager c&rsquo;est aimer!<\/p>\n<div class=\"wp-post-author-wrap wp-post-author-shortcode left\">\n<h3 class=\"awpa-title\"\/>\n<div class=\"wp-post-author\">\n<div class=\"awpa-img awpa-author-block square\"><a href=\"http:\/\/lexpertjournal.net\/fr\/author\/expert\/\"><img loading=\"lazy\" decoding=\"async\" alt=\"\" src=\"http:\/\/2.gravatar.com\/avatar\/56d99be2a6f97af88ccb49fada637fcd?s=150&#038;d=mm&#038;r=g\" srcset=\"http:\/\/2.gravatar.com\/avatar\/56d99be2a6f97af88ccb49fada637fcd?s=300&#038;d=mm&#038;r=g 2x\" class=\"avatar avatar-150 photo\" height=\"150\" width=\"150\"\/><\/a><\/div>\n<\/div>\n<\/div>\n<p>Auteur: L&rsquo;expert<br \/>\n<a href=\"http:\/\/lexpertjournal.net\/fr\/2019\/10\/14\/migration-irreguliere-une-embarcation-interceptee-avec-110-clandestins-a-bord\/\">Cliquez ici pour lire l&rsquo;article depuis sa source.<\/a><\/p>\n","protected":false},"excerpt":{"rendered":"<p>Huit unit\u00e9s navales ont engag\u00e9 une course poursuite pour intercepter une embarcation de p\u00eache \u00e0 bord de laquelle se trouvaient 110 migrants clandestins partis des c\u00f4tes de Sfax pour tenter de gagner clandestinement les c\u00f4tes italiennes, a annonc\u00e9 samedi le minist\u00e8re de l\u2019Int\u00e9rieur. Les unit\u00e9s de la garde navale ont obtenu des renseignements vendredi soir [&hellip;]<\/p>\n","protected":false},"author":1775,"featured_media":0,"comment_status":"closed","ping_status":"closed","sticky":false,"template":"","format":"standard","meta":{"fifu_image_url":"","fifu_image_alt":"","footnotes":""},"categories":[78,55],"tags":[],"class_list":["post-64309","post","type-post","status-publish","format-standard","hentry","category-economie","category-tunisie"],"_links":{"self":[{"href":"https:\/\/linitiative.ca\/International\/wp-json\/wp\/v2\/posts\/64309","targetHints":{"allow":["GET"]}}],"collection":[{"href":"https:\/\/linitiative.ca\/International\/wp-json\/wp\/v2\/posts"}],"about":[{"href":"https:\/\/linitiative.ca\/International\/wp-json\/wp\/v2\/types\/post"}],"author":[{"embeddable":true,"href":"https:\/\/linitiative.ca\/International\/wp-json\/wp\/v2\/users\/1775"}],"replies":[{"embeddable":true,"href":"https:\/\/linitiative.ca\/International\/wp-json\/wp\/v2\/comments?post=64309"}],"version-history":[{"count":0,"href":"https:\/\/linitiative.ca\/International\/wp-json\/wp\/v2\/posts\/64309\/revisions"}],"wp:attachment":[{"href":"https:\/\/linitiative.ca\/International\/wp-json\/wp\/v2\/media?parent=64309"}],"wp:term":[{"taxonomy":"category","embeddable":true,"href":"https:\/\/linitiative.ca\/International\/wp-json\/wp\/v2\/categories?post=64309"},{"taxonomy":"post_tag","embeddable":true,"href":"https:\/\/linitiative.ca\/International\/wp-json\/wp\/v2\/tags?post=64309"}],"curies":[{"name":"wp","href":"https:\/\/api.w.org\/{rel}","templated":true}]}}